{"id":131605,"date":"2026-01-02T14:11:08","date_gmt":"2026-01-02T14:11:08","guid":{"rendered":"https:\/\/www.europesays.com\/fi\/131605\/"},"modified":"2026-01-02T14:11:08","modified_gmt":"2026-01-02T14:11:08","slug":"miisa-nuorgam-kertoo-nyt-yllatysvauvan-synnytyksesta-kokemuksena-aivan-hirvea","status":"publish","type":"post","link":"https:\/\/www.europesays.com\/fi\/131605\/","title":{"rendered":"Miisa Nuorgam kertoo nyt \u201dyll\u00e4tysvauvan\u201d synnytyksest\u00e4: \u201dKokemuksena aivan hirve\u00e4\u201d"},"content":{"rendered":"<p>Miisa Nuorgam yll\u00e4tti seuraajat iloisella perheuutisella. Nyt h\u00e4n kertoo Instagramissa tarkemmin muun muassa synnytyskokemuksestaan. <\/p>\n<p><img decoding=\"async\" class=\"image image-show image-preview\" src=\"https:\/\/www.europesays.com\/fi\/wp-content\/uploads\/2026\/01\/9b0dd09c25c6d403f595a9e1d1f089864ed29791710a7840a5650615521cc5d2.jpg\" alt=\"\"\/><img decoding=\"async\" class=\"image image-show\" src=\"https:\/\/www.europesays.com\/fi\/wp-content\/uploads\/2026\/01\/1767363068_127_9b0dd09c25c6d403f595a9e1d1f089864ed29791710a7840a5650615521cc5d2.jpg\" alt=\"\"\/><\/p>\n<p>Miisa Nuorgam sai esikoisensa vuonna 2021. Nyt h\u00e4n on kahden lapsen \u00e4iti.  Maija Toriseva<\/p>\n<p class=\"paragraph\">Sosiaalisen median vaikuttaja ja viestint\u00e4asiantuntija <a href=\"https:\/\/www.iltalehti.fi\/henkilot\/Miisa Nuorgam\" class=\"article-link-person-page\" rel=\"nofollow noopener\" target=\"_blank\">Miisa Nuorgam<\/a> yll\u00e4tti someseuraajansa iloisella perheuutisella vuoden vaihteessa. Nuorgam kertoi saaneensa toisen lapsen.<\/p>\n<p class=\"paragraph\">\u2013 T\u00e4\u00e4ll\u00e4 on ollut viime aikoina viel\u00e4 tavallista hiljaisempaa; vietettiin joulua, k\u00e4ytiin v\u00e4liss\u00e4 synnytt\u00e4m\u00e4ss\u00e4 ja sen j\u00e4lkeen onkin l\u00e4hinn\u00e4 ihmetelty uutta perheenj\u00e4sent\u00e4, Nuorgam ilmoitti Instagramissa.<\/p>\n<p class=\"paragraph\">Jos julkaisu ei n\u00e4y, voit katsoa sen <a href=\"https:\/\/www.instagram.com\/p\/DS7VEixDAu0\/\" rel=\"noopener nofollow\" target=\"_blank\">t\u00e4st\u00e4 linkist\u00e4<\/a>.<\/p>\n<p class=\"paragraph\">Nuorgam yll\u00e4tti ilmoituksella kymmenet tuhannet seuraajansa, sill\u00e4 h\u00e4n ei ollut hiiskunut raskaudesta sosiaalisessa mediassa mit\u00e4\u00e4n. Er\u00e4s seuraaja ehdotti vauvauutisen j\u00e4lkeen jopa palkintoa vuoden silm\u00e4nk\u00e4\u00e4nt\u00f6tempusta.<\/p>\n<p class=\"paragraph\">Nuorgam vastaa seuraajiensa kysymyksiin yll\u00e4tysuutiseen liittyen nyt I<a href=\"https:\/\/www.instagram.com\/stories\/miisanuorgam\/\" rel=\"noopener nofollow\" target=\"_blank\">nstagramin tarinaosiossa<\/a>. Tarinat ovat n\u00e4ht\u00e4vill\u00e4 24 tuntia niiden julkaisusta.<\/p>\n<p class=\"paragraph\">Muun muassa juuri \u201draskauden salaaminen\u201d on her\u00e4tt\u00e4nyt seuraajissa kysymyksi\u00e4. Nuorgam kertoo, kuinka alussa vanhemmilla ei ollut ajatusta erityisesti salata raskautta.<\/p>\n<p class=\"paragraph\">\u2013 Tiedettiin, ett\u00e4 halutaan odottaa siihen asti, ett\u00e4 n\u00e4hd\u00e4\u00e4n irgin vanhemmat ja kerrotaan ensin heille kasvotusten, Nuorgam kirjoittaa.<\/p>\n<p class=\"paragraph\">H\u00e4n viittaa sosiaalisessa mediassa kumppaniinsa irgi-sanalla, joka tarkoittaa pohjoissaameksi sulhasta tai poikayst\u00e4v\u00e4\u00e4.<\/p>\n<p class=\"paragraph\">Nuorgam kertoo jakaneensa tiedon raskaudesta Instagramissa, mutta vain l\u00e4heisilleen n\u00e4kyviss\u00e4 sis\u00e4ll\u00f6iss\u00e4.<\/p>\n<p class=\"paragraph\">\u2013 Huomasin, ett\u00e4 siit\u00e4 tulikin jotenkin ep\u00e4miellytt\u00e4v\u00e4 olo. Ehk\u00e4 jotain sellaista omaa ja \u201dpyh\u00e4\u00e4\u201d v\u00e4h\u00e4n meni rikki? Silloin sitten tiesin, ett\u00e4 kerron julkisesti vasta sitten, kun se ajatus tuntuu t\u00e4ysin hyv\u00e4lt\u00e4 ja sitten sit\u00e4 ei tullutkaan raskausaikana, h\u00e4n jatkaa.<\/p>\n<p class=\"paragraph\">Nuorgam kirjoittaa, kuinka aiemmin el\u00e4m\u00e4st\u00e4\u00e4n paljon julkisuuteen jakaneena tuntui my\u00f6s hyv\u00e4lt\u00e4 pit\u00e4\u00e4 jotain t\u00e4ysin itsell\u00e4\u00e4n.<\/p>\n<p class=\"paragraph\">Ratkaisuun alkoi sittemmin liitty\u00e4 my\u00f6s kiinnostava puoli. Nuorgam kirjoittaa, kuinka yleisesti oletetaan, ett\u00e4 seuraajat tiet\u00e4v\u00e4t paljonkin ihmisest\u00e4 somejulkaisujen perusteella. Julkaisujen perusteella alkaa muotoutua erilaisia oletuksia ja spekulointia erilaisista asioista, kuten siit\u00e4, kuinka paljon lastensa kanssa viett\u00e4\u00e4 aikaa.<\/p>\n<p class=\"paragraph\">\u2013 Toisista tiet\u00e4\u00e4 oikeastaan hirve\u00e4n v\u00e4h\u00e4n pelk\u00e4n somen perusteella ja voi olla yhdeks\u00e4n kuukautta raskaana ja synnytt\u00e4\u00e4kin, eik\u00e4 se n\u00e4y somessa mitenk\u00e4\u00e4n, Nuorgam toteaa kokemuksensa kautta.<\/p>\n<p>\u201dKohtuni l\u00f6i hanskat tiskiin\u201d<\/p>\n<p class=\"paragraph\">Nuorgam kertoo Instagramissa my\u00f6s synnytyskokemuksestaan. H\u00e4n kuvailee kokemusta hirve\u00e4ksi ja kertoo tarkemmin toisen lapsensa synnytyksen vaiheista.<\/p>\n<p class=\"paragraph\">\u2013 Yritettiin alateitse, mutta kehoni sanoi, ett\u00e4 stop ja jumahdin avautumisen kanssa johonkin muutamaan senttiin. Sitten nousi kuume ja alkoi oksentelu, vauvan sykkeet my\u00f6s supistusten aikana alkoi laskea. P\u00e4\u00e4dyttiin pitk\u00e4n yrityksen j\u00e4lkeen tekem\u00e4\u00e4n sektiop\u00e4\u00e4t\u00f6s.<\/p>\n<p class=\"paragraph\">\u2013 Sektion j\u00e4lkeen kohtuni l\u00f6i hanskat tiskiin ja lopetti yhteisty\u00f6n, ett\u00e4 jos ei kerta se supistelu kelpaa niin pit\u00e4k\u00e4\u00e4 tunkkinne, ja verenvuotoa ei meinattu saada mill\u00e4\u00e4n loppumaan. Kohtu ei siis l\u00e4htenyt supistamaan kasaan, vaan verenvuoto vaan jatkui ja jatkui.<\/p>\n<p>Miisa Nuorgam on tuttu useista tv-sarjoista.  Pete Anikari<\/p>\n<p class=\"paragraph\">Nuorgam kertoo menett\u00e4neens\u00e4 yhteens\u00e4 kaksi litraa verta ja saaneensa kaksi verensiirtoa. Her\u00e4\u00e4m\u00f6ss\u00e4 h\u00e4n kirjoittaa oksennelleensa ja ett\u00e4 pohdittiin, t\u00e4ytyyk\u00f6 h\u00e4net vied\u00e4 takaisin leikkaussaliin.<\/p>\n<p class=\"paragraph\">Lopulta verenvuoto saatiin tyrehtym\u00e4\u00e4n. Nuorgamin mukaan rankan kokemuksen j\u00e4lkeen h\u00e4nen toipumisensa sujui kuitenkin todella hyvin.<\/p>\n<p class=\"paragraph\">\u00c4iti ja vauva p\u00e4\u00e4siv\u00e4t kotiin jo kaksi p\u00e4iv\u00e4\u00e4 synnytyksen j\u00e4lkeen.<\/p>\n<p class=\"paragraph\">\u2013 Vaikka synnytys oli kokemuksena aivan hirve\u00e4, niin henkil\u00f6kunta oli joka paikassa ihanaa. Miss\u00e4\u00e4n vaiheessa ei tuntunut silt\u00e4 ett\u00e4 j\u00e4\u00e4 itse p\u00e4\u00e4t\u00f6ksenteosta pois, Nuorgam kehuu.<\/p>\n<p class=\"paragraph\">Nuorgam iloitsee uudesta tulokkaasta. Er\u00e4s seuraaja kysyiv\u00e4t h\u00e4nelt\u00e4, milt\u00e4 tuntuu olla kahden lapsen \u00e4iti.<\/p>\n<p class=\"paragraph\">\u2013 Ihanalta! Meill\u00e4 on kaikilla kaikki tosi hyvin, esikoinen on ottanut vauvan tosi hyvin vastaan ja kotona on rauhallinen ja rento vauvakupla. Olen palautunut kanssa hyvin ja mieli ja kroppa voi ihanasti ja se on kyll\u00e4 paljon my\u00f6s irgin ansiota, h\u00e4n kirjoittaa.<\/p>\n<p class=\"paragraph\">Nuorgam nousi julkisuuteen osallistuttuaan Diili-ohjelmaan vuonna 2018. Sittemmin h\u00e4net on n\u00e4hty esimerkiksi Petolliset-ohjelmassa ja henkil\u00f6kohtaista el\u00e4m\u00e4\u00e4ns\u00e4 h\u00e4n on jakanut muun muassa Some\u00e4idit-sarjassa sek\u00e4 Katkeamaton-dokumenttisarjassa.<\/p>\n<p><script async src=\"\/\/www.instagram.com\/embed.js\"><\/script><\/p>\n","protected":false},"excerpt":{"rendered":"Miisa Nuorgam yll\u00e4tti seuraajat iloisella perheuutisella. Nyt h\u00e4n kertoo Instagramissa tarkemmin muun muassa synnytyskokemuksestaan. Miisa Nuorgam sai esikoisensa&hellip;\n","protected":false},"author":2,"featured_media":131606,"comment_status":"","ping_status":"","sticky":false,"template":"","format":"standard","meta":{"footnotes":""},"categories":[136],"tags":[35,407,137,33,31,30,101,408,99,100,98,32,102,109],"class_list":{"0":"post-131605","1":"post","2":"type-post","3":"status-publish","4":"format-standard","5":"has-post-thumbnail","7":"category-julkkikset","8":"tag-24h","9":"tag-celebrities","10":"tag-entertainment","11":"tag-fi","12":"tag-finland","13":"tag-finnish","14":"tag-ihmissuhteet","15":"tag-julkkikset","16":"tag-lapset","17":"tag-lapset-ja-nuoret","18":"tag-perhe","19":"tag-suomi","20":"tag-vanhemmat","21":"tag-viihde"},"share_on_mastodon":{"url":"https:\/\/pubeurope.com\/@fi\/115825913577663538","error":""},"_links":{"self":[{"href":"https:\/\/www.europesays.com\/fi\/wp-json\/wp\/v2\/posts\/131605","targetHints":{"allow":["GET"]}}],"collection":[{"href":"https:\/\/www.europesays.com\/fi\/wp-json\/wp\/v2\/posts"}],"about":[{"href":"https:\/\/www.europesays.com\/fi\/wp-json\/wp\/v2\/types\/post"}],"author":[{"embeddable":true,"href":"https:\/\/www.europesays.com\/fi\/wp-json\/wp\/v2\/users\/2"}],"replies":[{"embeddable":true,"href":"https:\/\/www.europesays.com\/fi\/wp-json\/wp\/v2\/comments?post=131605"}],"version-history":[{"count":0,"href":"https:\/\/www.europesays.com\/fi\/wp-json\/wp\/v2\/posts\/131605\/revisions"}],"wp:featuredmedia":[{"embeddable":true,"href":"https:\/\/www.europesays.com\/fi\/wp-json\/wp\/v2\/media\/131606"}],"wp:attachment":[{"href":"https:\/\/www.europesays.com\/fi\/wp-json\/wp\/v2\/media?parent=131605"}],"wp:term":[{"taxonomy":"category","embeddable":true,"href":"https:\/\/www.europesays.com\/fi\/wp-json\/wp\/v2\/categories?post=131605"},{"taxonomy":"post_tag","embeddable":true,"href":"https:\/\/www.europesays.com\/fi\/wp-json\/wp\/v2\/tags?post=131605"}],"curies":[{"name":"wp","href":"https:\/\/api.w.org\/{rel}","templated":true}]}}