{"id":131607,"date":"2026-01-02T14:18:08","date_gmt":"2026-01-02T14:18:08","guid":{"rendered":"https:\/\/www.europesays.com\/fi\/131607\/"},"modified":"2026-01-02T14:18:08","modified_gmt":"2026-01-02T14:18:08","slug":"laura-lahtinen-ja-ella-junnila-jaivat-tylysti-ilman-apurahaa-ylen-asiantuntija-kuvailee-jarjestelmaa-julmaksi-urheilu","status":"publish","type":"post","link":"https:\/\/www.europesays.com\/fi\/131607\/","title":{"rendered":"Laura Lahtinen ja Ella Junnila j\u00e4iv\u00e4t tylysti ilman apurahaa \u2013 Ylen asiantuntija kuvailee j\u00e4rjestelm\u00e4\u00e4 julmaksi | Urheilu"},"content":{"rendered":"<p class=\"aw-1gybjub aw-5vja16 kEtdKx kmuxyA yle__article__paragraph\">Uimari Laura Lahtisen mainiot otteet lyhyell\u00e4 radalla eiv\u00e4t t\u00e4ytt\u00e4neet kriteereit\u00e4. Ella Junnila ei hakenut Ylen tietojen mukaan apurahaa ajoissa.<\/p>\n<p><img decoding=\"async\" alt=\"Laura Lahtinen l\u00e4hikuvassa.\" src=\"https:\/\/www.europesays.com\/fi\/wp-content\/uploads\/2026\/01\/39-13658946712594e6a3a9.jpeg\" class=\"aw-1l9m598 hKVVvP\"\/><\/p>\n<p>Avaa kuvien katselu<\/p>\n<p>Laura Lahtinen j\u00e4i ilman OKM:n apurahaa. Kuva: Mondadori Portfolio \/ Getty Images<\/p>\n<p class=\"aw-1gybjub aw-1p7kakr kEtdKx cEmitX yle__article__paragraph\">Opetus- ja kulttuuriministeri\u00f6 jakoi perjantaina ensimm\u00e4iset urheilija-apurahat uudistuneilla kriteereill\u00e4. Apurahaa sai 76 kes\u00e4lajien urheilijaa.<\/p>\n<p class=\"aw-1gybjub aw-1p7kakr kEtdKx cEmitX yle__article__paragraph\">Tukea saaneiden urheilijoiden listalta puuttui useita tuttuja nimi\u00e4, kuten uimari <strong class=\"aw-ak79eh KyCXm yle__article__strong\">Laura Lahtinen<\/strong> sek\u00e4 yleisurheilijat <strong class=\"aw-ak79eh KyCXm yle__article__strong\">Ella Junnila<\/strong>, <strong class=\"aw-ak79eh KyCXm yle__article__strong\">Senni Salminen<\/strong>, <strong class=\"aw-ak79eh KyCXm yle__article__strong\">Aku Partanen<\/strong> ja <strong class=\"aw-ak79eh KyCXm yle__article__strong\">Wilma Murto<\/strong>.<\/p>\n<p class=\"aw-1gybjub aw-1p7kakr kEtdKx cEmitX yle__article__paragraph\">Yle Urheilun tietojen mukaan Junnila ei j\u00e4tt\u00e4nyt hakemusta ajoissa ministeri\u00f6\u00f6n, eik\u00e4 takaporttia tuen saamiselle ole. Yle Urheilu ei tavoittanut Junnilaa kommentoimaan.<\/p>\n<p class=\"aw-1gybjub aw-1p7kakr kEtdKx cEmitX yle__article__paragraph\">Tukea ei voi saada, mik\u00e4li urheilijan verotettavat tulot tai kilpailupalkkiot ovat ylitt\u00e4neet 60 000 euroa. Esimerkiksi Murron suhteen syy lienee t\u00e4ss\u00e4, sill\u00e4 h\u00e4nen verotettavat tulonsa vuonna 2024 olivat noin 128 000 euroa.<\/p>\n<p><img decoding=\"async\" alt=\"Ella Junnila keskittyy.\" src=\"https:\/\/www.europesays.com\/fi\/wp-content\/uploads\/2026\/01\/39-135382966f3f5c1dcfe9.jpeg\" loading=\"lazy\" class=\"aw-1l9m598 hKVVvP\"\/><\/p>\n<p>Avaa kuvien katselu<\/p>\n<p>Korkeushypp\u00e4\u00e4j\u00e4 Ella Junnilan nimi puuttuu tukea saaneiden listalta. Kuva: All Over PressVain olympia-allas lasketaan<\/p>\n<p class=\"aw-1gybjub aw-1p7kakr kEtdKx cEmitX yle__article__paragraph\">Ilman tukea j\u00e4\u00e4nyt Laura Lahtinen on sen sijaan <a class=\"aw-iao6s4 iHOxEa yle__article__link\" href=\"https:\/\/yle.fi\/a\/74-20199141\" role=\"link\" rel=\"nofollow noopener\" target=\"_blank\">kertonut<\/a> aiemmin urheilun harjoittamiseen liittyvist\u00e4 talousvaikeuksistaan. 22-vuotias Lahtinen on menestynyt lyhyell\u00e4 radalla.<\/p>\n<p class=\"aw-1gybjub aw-1p7kakr kEtdKx cEmitX yle__article__paragraph\">H\u00e4n oli esimerkiksi joulukuussa lyhyen radan EM-kisoissa 200 metrin perhosuinnissa nelj\u00e4s ja 100 metrin perhosfinaalissa seitsem\u00e4s. Menestys pitk\u00e4n radan arvokisoissa on kuitenkin j\u00e4\u00e4nyt vaatimattomaksi.<\/p>\n<p class=\"aw-1gybjub aw-1p7kakr kEtdKx cEmitX yle__article__paragraph\">Opetus- ja kulttuuriministeri\u00f6n ylitarkastaja <strong class=\"aw-ak79eh KyCXm yle__article__strong\">Kari Niemi-Nikkola<\/strong> kertoo, ett\u00e4 olympialajien osalta apurahoja my\u00f6nnett\u00e4ess\u00e4 arvioidaan vain olympialajien suorituksia.<\/p>\n<p class=\"aw-1gybjub aw-1p7kakr kEtdKx cEmitX yle__article__paragraph\">Olympialaisissa uidaan pitk\u00e4ss\u00e4 50 metrin altaassa, joten lyhyen radan kisoja ei oteta huomioon.<\/p>\n<p class=\"aw-1gybjub aw-1p7kakr kEtdKx cEmitX yle__article__paragraph\">\u2013 Lahtinen on hakenut apurahaa. H\u00e4n oli niit\u00e4 urheilijoita, joista keskusteltiin, mutta h\u00e4n ei t\u00e4ytt\u00e4nyt kriteereit\u00e4, Niemi-Nikkola kertoo.<\/p>\n<p class=\"aw-1gybjub aw-1p7kakr kEtdKx cEmitX yle__article__paragraph\">Yle Urheilu tavoitti Lahtisen, mutta h\u00e4n ei halunnut kommentoida aihetta.<\/p>\n<p><img decoding=\"async\" alt=\"Laura Lahtinen on yksi Suomen lupaavimpia uimareita.\" src=\"https:\/\/www.europesays.com\/fi\/wp-content\/uploads\/2026\/01\/39-144848367f6bd4c50d54.jpeg\" loading=\"lazy\" class=\"aw-1l9m598 hKVVvP\"\/><\/p>\n<p>Avaa kuvien katselu<\/p>\n<p>Laura Lahtinen on yksi Suomen lupaavimpia uimareita. Kuva: EPA-EFE\/ALEX PLAVEVSKI\u201dTodella julmaa\u201d<\/p>\n<p class=\"aw-1gybjub aw-1p7kakr kEtdKx cEmitX yle__article__paragraph\">Yle Urheilun uintiasiantuntija <strong class=\"aw-ak79eh KyCXm yle__article__strong\">Ville Kallisen<\/strong> mukaan apurahasysteemi on julma. Uimarin olisi onnistuttavat juuri pitk\u00e4n radan arvokilpailuissa.<\/p>\n<p class=\"aw-1gybjub aw-1p7kakr kEtdKx cEmitX yle__article__paragraph\">\u2013 Vaikka Laura on urheilijana mennyt lyhyell\u00e4 radalla eteenp\u00e4in ja on siin\u00e4 ihan maailmanluokkaa, se ei paina t\u00e4ss\u00e4 valitettavasti. En osaa sanoa, onko apurahaj\u00e4rjestelm\u00e4 oikeudenmukainen, mutta ainakin sen voi sanoa, ett\u00e4 se on t\u00e4ss\u00e4 mieless\u00e4 todella julma systeemi, Kallinen sanoo.<\/p>\n<p class=\"aw-1gybjub aw-1p7kakr kEtdKx cEmitX yle__article__paragraph\">Kallinen muistuttaa, ett\u00e4 vaikka Lahtinen on menestynyt mainiosti pitk\u00e4ll\u00e4 radalla maailmancupissa, sit\u00e4 ei lasketa arvokisamenestykseksi, jota apurahaan vaaditaan.<\/p>\n<p class=\"aw-1gybjub aw-1p7kakr kEtdKx cEmitX yle__article__paragraph\">Kallinen ei ota kantaa, kuinka suuri isku ilman apurahaa j\u00e4\u00e4minen on Lahtiselle, koska ei tunne t\u00e4m\u00e4n henkil\u00f6kohtaista tukij\u00e4rjestelm\u00e4\u00e4 yksityiskohtaisesti.<\/p>\n<p>My\u00f6nnetyt apurahat<\/p>\n<p class=\"aw-1gybjub aw-1p7kakr kEtdKx cEmitX yle__article__paragraph\">AMMUNTA<br \/>Antikainen Noora 12 000<br \/>Heinonen Marjut 12 000<br \/>Kallioinen Eetu 12 000<br \/>Lepp\u00e4 Aleksi 12 000<br \/>M\u00e4kel\u00e4 Juho 12 000<br \/>Nummela Sara 12 000<br \/>Palo Marianne 12 000<\/p>\n<p class=\"aw-1gybjub aw-1p7kakr kEtdKx cEmitX yle__article__paragraph\">AUTOURHEILU<br \/>Taponen Tuukka 12 000<\/p>\n<p class=\"aw-1gybjub aw-1p7kakr kEtdKx cEmitX yle__article__paragraph\">BEACH VOLLEY<br \/>Ahtiainen Niina 12 000<br \/>Lahti-Liukkonen Taru 12 000<\/p>\n<p class=\"aw-1gybjub aw-1p7kakr kEtdKx cEmitX yle__article__paragraph\">JOUSIAMMUNTA<br \/>Forsberg Jere 12 000<\/p>\n<p class=\"aw-1gybjub aw-1p7kakr kEtdKx cEmitX yle__article__paragraph\">JUDO<br \/>Saha Luukas 24 000 (kaksivuotinen)<br \/>Salonen Pihla 24 000 (kaksivuotinen)<br \/>Ihanam\u00e4ki Eetu 12 000<br \/>Krapu Emma 12 000<br \/>Puumalainen Martti 12 000<\/p>\n<p class=\"aw-1gybjub aw-1p7kakr kEtdKx cEmitX yle__article__paragraph\">KEILAILU<br \/>Konsteri Peppi 24 000 (yksivuotinen)<br \/>K\u00e4yhk\u00f6 Tomas 24 000 (kaksivuotinen)<br \/>Pakarinen Essi 24 000 (kaksivuotinen)<br \/>V\u00e4\u00e4n\u00e4nen Luukas 24 000 (kaksivuotinen)<br \/>Palermaa Emma 12 000<\/p>\n<p class=\"aw-1gybjub aw-1p7kakr kEtdKx cEmitX yle__article__paragraph\">MOOTTORIPY\u00d6R\u00c4ILY<br \/>Salmela Rico 12 000<\/p>\n<p class=\"aw-1gybjub aw-1p7kakr kEtdKx cEmitX yle__article__paragraph\">NYRKKEILY<br \/>Kaivo-oja Pihla 24 000 (kaksivuotinen)<br \/>Umar Ismail 12 000<\/p>\n<p class=\"aw-1gybjub aw-1p7kakr kEtdKx cEmitX yle__article__paragraph\">PAINI<br \/>Kuosmanen Elias 24 000 (kaksivuotinen)<br \/>Savolainen Arvi 24 000 (yksivuotinen)<br \/>Hemi\u00e4 Jenna 24 000 (yksivuotinen)<br \/>M\u00e4enp\u00e4\u00e4 Konsta 12 000<br \/>Pada Oliver 12 000<br \/>Sarkkinen Jonni 12 000<\/p>\n<p class=\"aw-1gybjub aw-1p7kakr kEtdKx cEmitX yle__article__paragraph\">PAINONNOSTO<br \/>Retulainen Saara 24 000 (yksivuotinen)<br \/>Ylisoini Janette 24 000 (kaksivuotinen)<br \/>Hormavirta Minni 12 000<\/p>\n<p class=\"aw-1gybjub aw-1p7kakr kEtdKx cEmitX yle__article__paragraph\">PURJEHDUS<br \/>Keskinen Akseli 24 000 (yksivuotinen)<br \/>Mikkola Monika 24 000 (yksivuotinen)<br \/>Tapper Kaarle 12 000<br \/>Uusitalo Valtteri 12 000<\/p>\n<p class=\"aw-1gybjub aw-1p7kakr kEtdKx cEmitX yle__article__paragraph\">PY\u00d6R\u00c4ILY<br \/>Ahtosalo Anniina 12 000<\/p>\n<p class=\"aw-1gybjub aw-1p7kakr kEtdKx cEmitX yle__article__paragraph\">P\u00d6YT\u00c4TENNIS<br \/>Tapola Aino 24 000 (kaksivuotinen)<br \/>Natunen Timo 12 000<\/p>\n<p class=\"aw-1gybjub aw-1p7kakr kEtdKx cEmitX yle__article__paragraph\">RATSASTUS<br \/>Kanerva Emma 12 000<\/p>\n<p class=\"aw-1gybjub aw-1p7kakr kEtdKx cEmitX yle__article__paragraph\">SOUTU<br \/>Naukkarinen Joel 12 000<\/p>\n<p class=\"aw-1gybjub aw-1p7kakr kEtdKx cEmitX yle__article__paragraph\">SUUNNISTUS<br \/>Harju Venla 12 000<br \/>Heikkil\u00e4 Tuomas 12 000<br \/>Kirmula Miika 12 000<br \/>Nurminen Inka 12 000<br \/>Ojanaho Olli 12 000<br \/>Punto Elli 12 000<br \/>Ruohola Akseli 12 000<\/p>\n<p class=\"aw-1gybjub aw-1p7kakr kEtdKx cEmitX yle__article__paragraph\">TENNIS<br \/>Paldanius Oskari 12 000<\/p>\n<p class=\"aw-1gybjub aw-1p7kakr kEtdKx cEmitX yle__article__paragraph\">UINTI<br \/>Kivirinta Veera 24 000 (kaksivuotinen)<br \/>Mattsson Matti 24 000 (yksivuotinen)<br \/>\u00d6rnkvist Natalie 24 000 (kaksivuotinen)<br \/>Aydin Ida 12 000<br \/>Kasvio Louna 12 000<br \/>Koski Tomas 12 000<br \/>Soini Aliisa 12 000<\/p>\n<p class=\"aw-1gybjub aw-1p7kakr kEtdKx cEmitX yle__article__paragraph\">VOIMISTELU<br \/>Kirmes Robert 12 000<br \/>Reiman Joona 12 000<br \/>Tanskanen Kaia 12 000<\/p>\n<p class=\"aw-1gybjub aw-1p7kakr kEtdKx cEmitX yle__article__paragraph\">YLEISURHEILU<br \/>Kosonen Silja 24 000 (kaksivuotinen)<br \/>Kotaja Amanda 24 000 (kaksivuotinen)<br \/>K\u00f6\u00f6pikk\u00e4 Teijo 24 000 (kaksivuotinen)<br \/>Lounela Iida 24 000 (kaksivuotinen)<br \/>Manni Henry 24 000 (kaksivuotinen)<br \/>Tervo Krista 24 000 (kaksivuotinen)<br \/>Vainio Alisa 24 000 (kaksivuotinen)<br \/>Vanninen Saga 24 000 (kaksivuotinen)<br \/>Blomqvist Nathalie 12 000<br \/>Helander Oliver 12 000<br \/>Ker\u00e4nen Toni 12 000<br \/>Lampela Elina 12 000<br \/>Mikkola Ella 12 000<br \/>Mononen Ilona 12 000<br \/>Sainio Antti 12 000<br \/>Virjonen Enni 12 000<\/p>\n","protected":false},"excerpt":{"rendered":"Uimari Laura Lahtisen mainiot otteet lyhyell\u00e4 radalla eiv\u00e4t t\u00e4ytt\u00e4neet kriteereit\u00e4. Ella Junnila ei hakenut Ylen tietojen mukaan apurahaa&hellip;\n","protected":false},"author":2,"featured_media":131608,"comment_status":"","ping_status":"","sticky":false,"template":"","format":"standard","meta":{"footnotes":""},"categories":[158],"tags":[5703,33,31,30,20550,1366,159,32,4312,160,162],"class_list":{"0":"post-131607","1":"post","2":"type-post","3":"status-publish","4":"format-standard","5":"has-post-thumbnail","7":"category-urheilu","8":"tag-ella-junnila","9":"tag-fi","10":"tag-finland","11":"tag-finnish","12":"tag-laura-lahtinen","13":"tag-opetus-ja-kulttuuriministerio","14":"tag-sports","15":"tag-suomi","16":"tag-uinti","17":"tag-urheilu","18":"tag-yleisurheilu"},"share_on_mastodon":{"url":"https:\/\/pubeurope.com\/@fi\/115825941151252894","error":""},"_links":{"self":[{"href":"https:\/\/www.europesays.com\/fi\/wp-json\/wp\/v2\/posts\/131607","targetHints":{"allow":["GET"]}}],"collection":[{"href":"https:\/\/www.europesays.com\/fi\/wp-json\/wp\/v2\/posts"}],"about":[{"href":"https:\/\/www.europesays.com\/fi\/wp-json\/wp\/v2\/types\/post"}],"author":[{"embeddable":true,"href":"https:\/\/www.europesays.com\/fi\/wp-json\/wp\/v2\/users\/2"}],"replies":[{"embeddable":true,"href":"https:\/\/www.europesays.com\/fi\/wp-json\/wp\/v2\/comments?post=131607"}],"version-history":[{"count":0,"href":"https:\/\/www.europesays.com\/fi\/wp-json\/wp\/v2\/posts\/131607\/revisions"}],"wp:featuredmedia":[{"embeddable":true,"href":"https:\/\/www.europesays.com\/fi\/wp-json\/wp\/v2\/media\/131608"}],"wp:attachment":[{"href":"https:\/\/www.europesays.com\/fi\/wp-json\/wp\/v2\/media?parent=131607"}],"wp:term":[{"taxonomy":"category","embeddable":true,"href":"https:\/\/www.europesays.com\/fi\/wp-json\/wp\/v2\/categories?post=131607"},{"taxonomy":"post_tag","embeddable":true,"href":"https:\/\/www.europesays.com\/fi\/wp-json\/wp\/v2\/tags?post=131607"}],"curies":[{"name":"wp","href":"https:\/\/api.w.org\/{rel}","templated":true}]}}