{"id":131612,"date":"2026-01-02T14:23:07","date_gmt":"2026-01-02T14:23:07","guid":{"rendered":"https:\/\/www.europesays.com\/fi\/131612\/"},"modified":"2026-01-02T14:23:07","modified_gmt":"2026-01-02T14:23:07","slug":"venajalla-hatatila","status":"publish","type":"post","link":"https:\/\/www.europesays.com\/fi\/131612\/","title":{"rendered":"Ven\u00e4j\u00e4ll\u00e4 h\u00e4t\u00e4tila"},"content":{"rendered":"<p>Viranomaisten mukaan tilanne on j\u00e4nnittynyt. <\/p>\n<p><img decoding=\"async\" class=\"image image-show image-preview\" src=\"https:\/\/www.europesays.com\/fi\/wp-content\/uploads\/2026\/01\/57752f726806eaa1a3bf3e3023fd1bf65521a5b7b3babe2d81ee4260724258de.jpg\" alt=\"\"\/><img decoding=\"async\" class=\"image image-show\" src=\"https:\/\/www.europesays.com\/fi\/wp-content\/uploads\/2026\/01\/1767363787_873_57752f726806eaa1a3bf3e3023fd1bf65521a5b7b3babe2d81ee4260724258de.jpg\" alt=\"\"\/><\/p>\n<p>Lumimyrsky aiheutti h\u00e4t\u00e4tilan Kaakkois-Ven\u00e4j\u00e4ll\u00e4.  ZumaWire \/ MVPHOTOS<\/p>\n<p class=\"paragraph\">Ven\u00e4j\u00e4n Krasnodarin alueella sijaitsevaan Ap\u0161eronskin piiriin on julistettu h\u00e4t\u00e4tila, uutistoimisto <a href=\"https:\/\/tass.ru\/proisshestviya\/26073437\" target=\"_blank\" rel=\"noopener nofollow\">Tass<\/a> kertoo.<\/p>\n<p class=\"paragraph\">Piirin johtaja <strong>Aleksei Perederejev<\/strong> ilmoitti asiasta viestipalvelu <a href=\"https:\/\/t.me\/s\/peredereev_official\" target=\"_blank\" rel=\"noopener nofollow\">Telegramissa<\/a>.<\/p>\n<p class=\"paragraph\">Krasnodarin alue sijaitsee Kaakkois-Ven\u00e4j\u00e4ll\u00e4. H\u00e4t\u00e4tilanteen syyn\u00e4 on voimakas lumisade, jonka seurauksena yhteens\u00e4 28\u00a0000 ihmist\u00e4 on ilman s\u00e4hk\u00f6\u00e4.<\/p>\n<p class=\"paragraph\">\u2013 Energia-alan ty\u00f6ntekij\u00e4t tekev\u00e4t kaikkensa s\u00e4hk\u00f6njakelun palauttamiseksi koteihinne, mutta tilanne on edelleen j\u00e4nnittynyt, Perederejev kirjoitti Telegrammissa perjantaina.<\/p>\n<p class=\"paragraph\">Piirin alueella on t\u00e4ll\u00e4 hetkell\u00e4 toiminnassa kaksi v\u00e4liaikaista majoituspaikkaa.<\/p>\n<p class=\"paragraph\">Piirin johtajan mukaan kaupunkien ja kuntien johtajat on m\u00e4\u00e4r\u00e4tty varmistamaan ja tarkastamaan, ett\u00e4 v\u00e4liaikaiset majoituspaikat ovat valmiudessa.<\/p>\n","protected":false},"excerpt":{"rendered":"Viranomaisten mukaan tilanne on j\u00e4nnittynyt. Lumimyrsky aiheutti h\u00e4t\u00e4tilan Kaakkois-Ven\u00e4j\u00e4ll\u00e4. ZumaWire \/ MVPHOTOS Ven\u00e4j\u00e4n Krasnodarin alueella sijaitsevaan Ap\u0161eronskin piiriin&hellip;\n","protected":false},"author":2,"featured_media":131613,"comment_status":"","ping_status":"","sticky":false,"template":"","format":"standard","meta":{"footnotes":""},"categories":[14],"tags":[35,22,23,124,26,27,33,31,30,17,24,25,28,29,15,18,21,637,710,32,538,19,20,56,16,59,60,61,796],"class_list":{"0":"post-131612","1":"post","2":"type-post","3":"status-publish","4":"format-standard","5":"has-post-thumbnail","7":"category-ulkomaat","8":"tag-24h","9":"tag-breaking-news","10":"tag-breakingnews","11":"tag-energia-sektori","12":"tag-featured-news","13":"tag-featurednews","14":"tag-fi","15":"tag-finland","16":"tag-finnish","17":"tag-headlines","18":"tag-latest-news","19":"tag-latestnews","20":"tag-main-news","21":"tag-mainnews","22":"tag-news","23":"tag-otsikot","24":"tag-paauutiset","25":"tag-politiikka","26":"tag-saa","27":"tag-suomi","28":"tag-tiede-ja-tekniikka","29":"tag-top-stories","30":"tag-topstories","31":"tag-ulkomaat","32":"tag-uutiset","33":"tag-world","34":"tag-world-news","35":"tag-worldnews","36":"tag-yhteiskunta"},"share_on_mastodon":{"url":"https:\/\/pubeurope.com\/@fi\/115825960836407518","error":""},"_links":{"self":[{"href":"https:\/\/www.europesays.com\/fi\/wp-json\/wp\/v2\/posts\/131612","targetHints":{"allow":["GET"]}}],"collection":[{"href":"https:\/\/www.europesays.com\/fi\/wp-json\/wp\/v2\/posts"}],"about":[{"href":"https:\/\/www.europesays.com\/fi\/wp-json\/wp\/v2\/types\/post"}],"author":[{"embeddable":true,"href":"https:\/\/www.europesays.com\/fi\/wp-json\/wp\/v2\/users\/2"}],"replies":[{"embeddable":true,"href":"https:\/\/www.europesays.com\/fi\/wp-json\/wp\/v2\/comments?post=131612"}],"version-history":[{"count":0,"href":"https:\/\/www.europesays.com\/fi\/wp-json\/wp\/v2\/posts\/131612\/revisions"}],"wp:featuredmedia":[{"embeddable":true,"href":"https:\/\/www.europesays.com\/fi\/wp-json\/wp\/v2\/media\/131613"}],"wp:attachment":[{"href":"https:\/\/www.europesays.com\/fi\/wp-json\/wp\/v2\/media?parent=131612"}],"wp:term":[{"taxonomy":"category","embeddable":true,"href":"https:\/\/www.europesays.com\/fi\/wp-json\/wp\/v2\/categories?post=131612"},{"taxonomy":"post_tag","embeddable":true,"href":"https:\/\/www.europesays.com\/fi\/wp-json\/wp\/v2\/tags?post=131612"}],"curies":[{"name":"wp","href":"https:\/\/api.w.org\/{rel}","templated":true}]}}