{"id":131618,"date":"2026-01-02T14:37:08","date_gmt":"2026-01-02T14:37:08","guid":{"rendered":"https:\/\/www.europesays.com\/fi\/131618\/"},"modified":"2026-01-02T14:37:08","modified_gmt":"2026-01-02T14:37:08","slug":"nico-lingmanin-suhdepaljastus-raju-vastareaktio","status":"publish","type":"post","link":"https:\/\/www.europesays.com\/fi\/131618\/","title":{"rendered":"Nico Lingmanin suhdepaljastus: Raju vastareaktio"},"content":{"rendered":"<p>            Jani Korpela\n        <\/p>\n<p class=\"subtitle \">Avoimessa suhteessa oleva Nico toi kultansa esiin somessa, mutta vastareaktio oli j\u00e4\u00e4t\u00e4v\u00e4.<\/p>\n<p class=\"article-content article-content-width !bg-background\">Puolustusvoimat j\u00e4tt\u00e4v\u00e4 somevaikuttaja  on joutunut ik\u00e4v\u00e4n ilmi\u00f6n kohteeksi.<\/p>\n<p class=\"font-weight-bold m-font-weight-bold article-content article-content-width !bg-background\">Video: TikTalk-jakso Nicosta.<\/p>\n<p class=\"article-content article-content-width !bg-background\">Nico l\u00f6ysi viime vuoden alkupuolella rinnalleen &#8221;huulikiiltonaiseksikin&#8221; tituleeratun leidin, . Kaksikko on avoimessa suhteessa.<\/p>\n<p class=\"article-content article-content-width !bg-background\">Pariskunta edusti yhdess\u00e4 julkisuudessa lokakuussa ja <a href=\"https:\/\/www.seiska.fi\/kotimaa\/nico-lingman-esitteli-rakkaansa-yhteiskuva\/1971311\" target=\"_blank\" rel=\"nofollow noopener\">Seiskakin uutisoi tapahtuneesta<\/a>.<\/p>\n<p class=\"article-content article-content-width !bg-background\">Nico ja naisyst\u00e4v\u00e4 eiv\u00e4t kuitenkaan viel\u00e4 antaneet yhteishaastattelua.<\/p>\n<p>        <a itemprop=\"url\" href=\"https:\/\/www.seiska.fi\/kotimaa\/ei-herkille-nico-lingman-joutui-karmeaan-operaatioon\/2026641\" rel=\"nofollow noopener\" target=\"_blank\"><\/p>\n<p>\nEi herkille!\n<\/p>\n<p class=\"section-date\">\n        <strong class=\"article-section\" data-section=\"kotimaa\"><br \/>\n            kotimaa<br \/>\n        <\/strong><br \/>\n        19.12.2025 13:55\n    <\/p>\n<p>Ei herkille! Nico Lingman joutui karmeaan operaatioon\n    <\/p>\n<p itemprop=\"description\" class=\"subtitle \">\n    Nico kuvailee toimenpidett\u00e4 yhdeksi el\u00e4m\u00e4ns\u00e4 hirveimm\u00e4ksi kokemukseksi.\n<\/p>\n<p>        <\/a><\/p>\n<p>Avointa hempeily\u00e4<\/p>\n<p class=\"article-content article-content-width !bg-background\">Nicon suhdemuoto aiheuttaa jatkuvasti vahvoja reaktioita, eik\u00e4 uusin selkkaus ole poikkeus.<\/p>\n<p class=\"tiktok-embed-container article-content article-content-width !bg-background\">Jouluna Nico julkaisi h\u00e4nest\u00e4 ja rakkaastaan hempe\u00e4n<a href=\"https:\/\/www.tiktok.com\/@nicolingman\/video\/7587110549863812374\" target=\"_blank\" rel=\"nofollow noopener\"> yhteisvideon Tiktok-tililleen.<\/a><\/p>\n<p class=\"article-content article-content-width !bg-background\">Videon mukaan kyseess\u00e4 oli niin sanottu hard launch, eli Nico pamautti kultansa muitta mutkitta kaikkien n\u00e4ht\u00e4ville.<\/p>\n<p class=\"article-content article-content-width !bg-background\">Kyseisell\u00e4 alustalla se sit\u00e4 olikin, sill\u00e4 Nico ei ole aiemmin p\u00e4ivitt\u00e4nyt kumppanistaan vastaavanlaista avointa sis\u00e4lt\u00f6\u00e4 kanavalleen.<\/p>\n<p>        <a itemprop=\"url\" href=\"https:\/\/www.seiska.fi\/kotimaa\/shokkiuutinen-nico-lingman-pois-puolustusvoimista-nain-han-kommentoi\/2013671\" rel=\"nofollow noopener\" target=\"_blank\"><\/p>\n<p>\nShokkiuutinen!\n<\/p>\n<p class=\"section-date\">\n        <strong class=\"article-section\" data-section=\"kotimaa\"><br \/>\n            kotimaa<br \/>\n        <\/strong><br \/>\n        6.12.2025 17:15\n    <\/p>\n<p>Shokkiuutinen! Nico Lingman pois Puolustusvoimista \u2013 n\u00e4in h\u00e4n kommentoi\n    <\/p>\n<p itemprop=\"description\" class=\"subtitle \">\n    Tatuoinneistaan tunnettu kapteeni saa kahdesta podcast-jaksosta viikon palkan.\n<\/p>\n<p>        <\/a><\/p>\n<p>J\u00e4rkytt\u00e4v\u00e4\u00e4 palautetta<\/p>\n<p class=\"article-content article-content-width !bg-background\">Nicon videolla lukee lis\u00e4ksi:<\/p>\n<p class=\"article-content article-content-width !bg-background\">\u2013 Oot mun paras joululahja, h\u00e4n kirjoittaa ja ylist\u00e4\u00e4 rakastaan kuvatekstiss\u00e4 syd\u00e4men kera.<\/p>\n<p class=\"article-content article-content-width !bg-background\">Ihastuttava suhdep\u00e4ivitys on kuitenkin poikinut j\u00e4rkytt\u00e4v\u00e4\u00e4 palautetta videon kommenttikentt\u00e4\u00e4n.<\/p>\n<p class=\"article-content article-content-width !bg-background\">Ihmiset ovat arvostelleet ilke\u00e4\u00e4n s\u00e4vyyn pariskunnan suhdemuotoa. Kommentit ovat ker\u00e4nneet satoja tykk\u00e4yksi\u00e4.<\/p>\n<p class=\"article-content article-content-width !bg-background\">\u2013\u00a0T\u00e4t\u00e4 se rakkaus on! Avoin suhde. Kerrassaan kamalaa, er\u00e4s muun muassa kauhistelee.<\/p>\n<p>                <img decoding=\"async\" src=\"https:\/\/www.europesays.com\/fi\/wp-content\/uploads\/2026\/01\/2035691.webp.jpeg\" width=\"576\" height=\"720\" alt=\"Seiskan lukijoille kaunotar on ennest\u00e4\u00e4n tuttu.\" loading=\"lazy\" \/>            <\/p>\n<p>\n            Seiskan lukijoille kaunotar on ennest\u00e4\u00e4n tuttu.<br \/>\n            Timo Korhonen\n        <\/p>\n<p>Osoitti mielt\u00e4\u00e4n<\/p>\n<p class=\"article-content article-content-width !bg-background\">Nico on ottanut omalta osaltaan kantaa asiaan tykk\u00e4\u00e4m\u00e4ll\u00e4 positiivisista kommenteista, kuten t\u00e4st\u00e4:<\/p>\n<p class=\"article-content article-content-width !bg-background\">\u2013\u00a0Ei pysty ymm\u00e4rt\u00e4\u00e4 n\u00e4it\u00e4 kommentteja. Mink\u00e4 takia t\u00e4\u00e4ll\u00e4 hy\u00f6k\u00e4t\u00e4\u00e4n t\u00e4t\u00e4 naista kohtaan?\u00a0<\/p>\n<p class=\"article-content article-content-width !bg-background\">Sek\u00e4 t\u00e4st\u00e4:<\/p>\n<p class=\"article-content article-content-width !bg-background\">\u2013 Kasvakaa ny aikuseks ihmiset&#8230; antakaa ihmisten olla onnellisia sellasena kun tuntee olevansa onnellinen.<\/p>\n<p class=\"article-content article-content-width !bg-background\">Muutoin h\u00e4n ei ole alkanut taistelemaan pahanilmanlintujen kanssa.<\/p>\n<p>Negatiivinen suhtautuminen<\/p>\n<p class=\"article-content article-content-width !bg-background\">Nico kertoi jo viime elokuussa Seiskalle, millaista viesti\u00e4 h\u00e4n on suhdejulkistuksensa my\u00f6t\u00e4 saanut.<\/p>\n<p class=\"article-content article-content-width !bg-background\">\u2013 Ihmisill\u00e4 tuntuu olevan tosi kova tarve m\u00e4\u00e4ritell\u00e4, ett\u00e4 avoin suhde ei ole oikea parisuhde. Tai ett\u00e4 se ei ole oikeaa rakkautta.\u00a0Sinkkuna ei kuitenkaan ole kenellek\u00e4\u00e4n tilivelvollinen, eik\u00e4 silloin ole syvemp\u00e4\u00e4 luottamussuhdetta. Avoin suhde taas on minusta paljon l\u00e4hemp\u00e4n\u00e4 perinteist\u00e4 parisuhdetta kuin sinkkuutta, h\u00e4n perusteli.<\/p>\n<p class=\"article-content article-content-width !bg-background\">Avoimeen suhteeseen olireagoitu v\u00e4h\u00e4tellen, ja Nicosta tuntui, ett\u00e4 ihmiset haluavat mielt\u00e4\u00e4 sen negatiiviseksi asiaksi.<\/p>\n<p class=\"article-content article-content-width !bg-background\">\u2013 Ehk\u00e4 he pelk\u00e4\u00e4v\u00e4t sit\u00e4, ett\u00e4 jos t\u00e4st\u00e4 puhuu ja &#8221;markkinoi&#8221; julkisesti, heid\u00e4n kumppaninsa saattaisi alkaa ehdottamaan kyseist\u00e4 suhdemuotoa, h\u00e4n pohti.<\/p>\n<p class=\"article-content article-content-width !bg-background\">Voit lukea lis\u00e4\u00e4 aiheesta <a href=\"https:\/\/www.seiska.fi\/kotimaa\/somevaikuttaja-nico-lingman-suhdepaljastus\/1906643\" target=\"_blank\" rel=\"nofollow noopener\">t\u00e4\u00e4lt\u00e4<\/a>.<\/p>\n<p>        <a itemprop=\"url\" href=\"https:\/\/www.seiska.fi\/kotimaa\/sometahti-nico-lingman-yllatysilmoitus\/1922129\" rel=\"nofollow noopener\" target=\"_blank\"><\/p>\n<p>\nNico Lingman\n<\/p>\n<p class=\"section-date\">\n        <strong class=\"article-section\" data-section=\"kotimaa\"><br \/>\n            kotimaa<br \/>\n        <\/strong><br \/>\n        6.9.2025 19:30\n    <\/p>\n<p>Somet\u00e4hti Nico Lingman: Yll\u00e4tysilmoitus!\n    <\/p>\n<p itemprop=\"description\" class=\"subtitle \">\n    Somet\u00e4hti ja kapteeni Nico Lingman on poistunut sinkkumarkkinoilta.\n<\/p>\n<p>        <\/a><\/p>\n<p><script async src=\"\/\/www.tiktok.com\/embed.js\"><\/script><\/p>\n","protected":false},"excerpt":{"rendered":"Jani Korpela Avoimessa suhteessa oleva Nico toi kultansa esiin somessa, mutta vastareaktio oli j\u00e4\u00e4t\u00e4v\u00e4. Puolustusvoimat j\u00e4tt\u00e4v\u00e4 somevaikuttaja on&hellip;\n","protected":false},"author":2,"featured_media":131619,"comment_status":"","ping_status":"","sticky":false,"template":"","format":"standard","meta":{"footnotes":""},"categories":[136],"tags":[6444,407,137,33,31,30,408,6443,1496,2210,651,32,109],"class_list":{"0":"post-131618","1":"post","2":"type-post","3":"status-publish","4":"format-standard","5":"has-post-thumbnail","7":"category-julkkikset","8":"tag-avoin-suhde","9":"tag-celebrities","10":"tag-entertainment","11":"tag-fi","12":"tag-finland","13":"tag-finnish","14":"tag-julkkikset","15":"tag-nico-lingman","16":"tag-parisuhde","17":"tag-somevaikuttaja","18":"tag-suhteet","19":"tag-suomi","20":"tag-viihde"},"share_on_mastodon":{"url":"https:\/\/pubeurope.com\/@fi\/115826015757078435","error":""},"_links":{"self":[{"href":"https:\/\/www.europesays.com\/fi\/wp-json\/wp\/v2\/posts\/131618","targetHints":{"allow":["GET"]}}],"collection":[{"href":"https:\/\/www.europesays.com\/fi\/wp-json\/wp\/v2\/posts"}],"about":[{"href":"https:\/\/www.europesays.com\/fi\/wp-json\/wp\/v2\/types\/post"}],"author":[{"embeddable":true,"href":"https:\/\/www.europesays.com\/fi\/wp-json\/wp\/v2\/users\/2"}],"replies":[{"embeddable":true,"href":"https:\/\/www.europesays.com\/fi\/wp-json\/wp\/v2\/comments?post=131618"}],"version-history":[{"count":0,"href":"https:\/\/www.europesays.com\/fi\/wp-json\/wp\/v2\/posts\/131618\/revisions"}],"wp:featuredmedia":[{"embeddable":true,"href":"https:\/\/www.europesays.com\/fi\/wp-json\/wp\/v2\/media\/131619"}],"wp:attachment":[{"href":"https:\/\/www.europesays.com\/fi\/wp-json\/wp\/v2\/media?parent=131618"}],"wp:term":[{"taxonomy":"category","embeddable":true,"href":"https:\/\/www.europesays.com\/fi\/wp-json\/wp\/v2\/categories?post=131618"},{"taxonomy":"post_tag","embeddable":true,"href":"https:\/\/www.europesays.com\/fi\/wp-json\/wp\/v2\/tags?post=131618"}],"curies":[{"name":"wp","href":"https:\/\/api.w.org\/{rel}","templated":true}]}}