{"id":13163,"date":"2025-08-22T13:04:09","date_gmt":"2025-08-22T13:04:09","guid":{"rendered":"https:\/\/www.europesays.com\/fi\/13163\/"},"modified":"2025-08-22T13:04:09","modified_gmt":"2025-08-22T13:04:09","slug":"sukupuolia-on-vain-kaksi-kohukassista-tuomio-perheenisalle","status":"publish","type":"post","link":"https:\/\/www.europesays.com\/fi\/13163\/","title":{"rendered":"\u201dSukupuolia on vain kaksi\u201d-kohukassista tuomio perheenis\u00e4lle"},"content":{"rendered":"<p>K\u00e4r\u00e4j\u00e4oikeus katsoi kirjoitusten olleen omiaan her \u00e4tt\u00e4m\u00e4\u00e4n halveksuntaa, suvaitsemattomuutta ja vihamielisyytt\u00e4 seksuaali- ja sukupuoliv\u00e4hemmist\u00f6j\u00e4 kohtaan.<\/p>\n<p><img decoding=\"async\" class=\"image image-show image-preview\" src=\"https:\/\/www.europesays.com\/fi\/wp-content\/uploads\/2025\/08\/f87be5713418036a0cdd84e2e18f3a6e89d6edf74b348bfe9d97382cf0e660b0.jpg\" alt=\"\"\/><img decoding=\"async\" class=\"image image-show\" src=\"https:\/\/www.europesays.com\/fi\/wp-content\/uploads\/2025\/08\/1755867849_347_f87be5713418036a0cdd84e2e18f3a6e89d6edf74b348bfe9d97382cf0e660b0.jpg\" alt=\"\"\/><\/p>\n<p>Varsinais-Suomen k\u00e4r\u00e4j\u00e4oikeuden tuomio ei ole lainvoimainen. Henri K\u00e4rkk\u00e4inen<\/p>\n<p class=\"paragraph\">Varsinais-Suomen k\u00e4r\u00e4j\u00e4oikeus on tuominnut 34-vuotiaan salolaisen perheenis\u00e4n ankaraan sakkorangaistukseen muun muassa kiihottamisesta kansanryhm\u00e4\u00e4 vastaan.<\/p>\n<p class=\"paragraph\">Tuomio tuli miehen ulostuloista, joissa muun muassa halvennettiin seksuaali- ja sukupuoliv\u00e4hemmist\u00f6j\u00e4.<\/p>\n<p class=\"paragraph\">Tapaus sai alkunsa alkuvuonna 2023, kun tuomitun miehen alakouluik\u00e4inen poika luonnosteli koulun k\u00e4sity\u00f6tunnilla kohauttavan kangaskassin.<\/p>\n<p class=\"paragraph\">Kassissa oli tarkoitus olla suuri raksi sateenkaaren p\u00e4\u00e4ll\u00e4 ja lukea \u201dsukupuolia on vain kaksi\u201d. Suunnitelma ei koskaan n\u00e4hnyt p\u00e4iv\u00e4nvaloa.<\/p>\n<p class=\"paragraph\">Koulu kielsi poikaa toteuttamasta luonnostaan ja pyysi viel\u00e4 tasa-arvovaltuutetulta kannanottoa asiaan. Kannanotto puolsi kieltoa. Kyseess\u00e4 oli syrjiv\u00e4 ja loukkaava teksti.<\/p>\n<p class=\"paragraph\">Pojan is\u00e4 pillastui p\u00e4\u00e4t\u00f6ksest\u00e4. H\u00e4n h\u00e4irik\u00f6i koulua sek\u00e4 fyysisesti ett\u00e4 my\u00f6s verkossa julkaisemillaan materiaaleilla.<\/p>\n<p>V\u00e4ite \u201dr\u00f6yhke\u00e4st\u00e4 kampanjasta\u201d<\/p>\n<p class=\"paragraph\">28. helmikuuta 2023 is\u00e4 saapui seuraamaan opetusta pojan koululle eik\u00e4 suostunut poistumaan. Rehtori joutui soittamaan poliisit, joiden k\u00e4skyj\u00e4 is\u00e4 lopulta totteli.<\/p>\n<p class=\"paragraph\">Maaliskuussa is\u00e4 jakoi blogissaan poikaansa koskevan, t\u00e4ysin salassapidett\u00e4v\u00e4n lastensuojeluilmoituksen.<\/p>\n<p class=\"paragraph\">Samaisessa blogissaan h\u00e4n kirjoitteli halventavaan s\u00e4vyyn sukupuoli- ja seksuaaliv\u00e4hemmist\u00f6ist\u00e4 sek\u00e4 poikansa koulun rehtorista. Vastaavia kannanottojaan is\u00e4 julkaisi my\u00f6s Youtube-kanavallaan.<\/p>\n<p class=\"paragraph\">Videolla is\u00e4 v\u00e4itti rehtorin aloittaneen \u201dr\u00f6yhke\u00e4n kampanjan\u201d h\u00e4nen perhett\u00e4\u00e4n vastaan. H\u00e4n kutsui t\u00e4t\u00e4 \u201dwoke-tyranniksi\u201d ja \u201dsateenkaariterroristiksi\u201d. Tasa-arvosta is\u00e4 puhui \u201dkuvottavana ideologiana\u201d.<\/p>\n<p class=\"paragraph\">Is\u00e4 v\u00e4itti rehtorin valehdelleen lastensuojelun viranomaisille ja tehneen per \u00e4tt\u00f6mi\u00e4 lastensuojeluilmoituksia kostomieless\u00e4.<\/p>\n<p>Syytt\u00e4j\u00e4: Ei hyv\u00e4ksytt\u00e4v\u00e4\u00e4<\/p>\n<p>Alakouluik\u00e4inen poika suunnitteli kangaskassin, jossa lukisi &#8221;sukupuolia on vain kaksi&#8221;. <\/p>\n<p class=\"paragraph\">Syytt\u00e4j\u00e4 vaati is\u00e4lle rangaistusta kiihottamisesta kansanryhm\u00e4\u00e4 vastaan, kunnianloukkauksesta, julkisrauhan rikkomisesta sek\u00e4 salassapitorikoksesta.<\/p>\n<p class=\"paragraph\">Is\u00e4n k\u00e4ytt\u00e4m\u00e4t ilmaisut olivat syytt\u00e4j\u00e4n mukaan omiaan her\u00e4tt\u00e4m\u00e4\u00e4n vihamielisyytt\u00e4 v\u00e4hemmist\u00f6j\u00e4 kohtaan.<\/p>\n<p class=\"paragraph\">\u2013 Lausumia ei voida pit\u00e4\u00e4 hyv\u00e4ksytt\u00e4v\u00e4n\u00e4 liioitteluna tai provosointina eik\u00e4 niit\u00e4 voida pit\u00e4\u00e4 sananvapauden k\u00e4ytt\u00e4miseen kuuluvina ja siten hyv\u00e4ksytt\u00e4v\u00e4n\u00e4.<\/p>\n<p class=\"paragraph\">Syytt\u00e4j\u00e4 vaati miehelle tuntuvaa, v\u00e4hint\u00e4\u00e4n 80 p\u00e4iv\u00e4sakon suuruista sakkorangaistusta. Lis\u00e4ksi syytt\u00e4j\u00e4 vaati, ett\u00e4 mies m\u00e4\u00e4r\u00e4t\u00e4\u00e4n tuomiolla poistamaan halventavat julkaisunsa ja videonsa.<\/p>\n<p class=\"paragraph\">Varsinais-Suomen k\u00e4r\u00e4j\u00e4oikeus k\u00e4sitteli asiaa 13. kes\u00e4kuuta. Ratkaisunsa se antoi 22. elokuuta.<\/p>\n<p class=\"paragraph\">\u2013 [Miehen] menettely on ollut omiaan her\u00e4tt\u00e4m\u00e4\u00e4n halveksuntaa, suvaitsemattomuutta ja vihamielisyytt\u00e4 seksuaali- ja sukupuoliv\u00e4hemmist\u00f6ihin kuuluvia henkil\u00f6it\u00e4 kohtaan, mik\u00e4 on erityisen moitittavaa ja vahingollista.<\/p>\n<p class=\"paragraph\">K\u00e4r\u00e4j\u00e4oikeus tuomitsi is\u00e4n syytteiden mukaisesti sakkorangaistukseen. 80 p\u00e4iv\u00e4sakkoa tekee is\u00e4n tuloilla yhteens\u00e4 1\u00a0920 euroa.<\/p>\n<p class=\"paragraph\">Lis\u00e4ksi h\u00e4nen tulee maksaa pojalleen salassapitorikoksesta 900 euroa k\u00e4rsimyskorvauksia sek\u00e4 rehtorille yhteens\u00e4 6\u00a0000 euroa vahingonkorvauksia.<\/p>\n<p class=\"paragraph\">Mies tuomittiin poistamaan blogijulkaisunsa ja Youtube-videonsa.<\/p>\n<p class=\"paragraph\">Tuomio ei ole viel\u00e4 lainvoimainen.<\/p>\n","protected":false},"excerpt":{"rendered":"K\u00e4r\u00e4j\u00e4oikeus katsoi kirjoitusten olleen omiaan her \u00e4tt\u00e4m\u00e4\u00e4n halveksuntaa, suvaitsemattomuutta ja vihamielisyytt\u00e4 seksuaali- ja sukupuoliv\u00e4hemmist\u00f6j\u00e4 kohtaan. Varsinais-Suomen k\u00e4r\u00e4j\u00e4oikeuden tuomio&hellip;\n","protected":false},"author":2,"featured_media":13164,"comment_status":"","ping_status":"","sticky":false,"template":"","format":"standard","meta":{"footnotes":""},"categories":[12],"tags":[35,22,23,26,27,33,31,30,17,53,99,100,24,25,28,29,15,18,21,98,38,32,19,20,16],"class_list":{"0":"post-13163","1":"post","2":"type-post","3":"status-publish","4":"format-standard","5":"has-post-thumbnail","7":"category-suomi","8":"tag-24h","9":"tag-breaking-news","10":"tag-breakingnews","11":"tag-featured-news","12":"tag-featurednews","13":"tag-fi","14":"tag-finland","15":"tag-finnish","16":"tag-headlines","17":"tag-laki-oikeus-ja-rikos","18":"tag-lapset","19":"tag-lapset-ja-nuoret","20":"tag-latest-news","21":"tag-latestnews","22":"tag-main-news","23":"tag-mainnews","24":"tag-news","25":"tag-otsikot","26":"tag-paauutiset","27":"tag-perhe","28":"tag-rikos","29":"tag-suomi","30":"tag-top-stories","31":"tag-topstories","32":"tag-uutiset"},"share_on_mastodon":{"url":"","error":""},"_links":{"self":[{"href":"https:\/\/www.europesays.com\/fi\/wp-json\/wp\/v2\/posts\/13163","targetHints":{"allow":["GET"]}}],"collection":[{"href":"https:\/\/www.europesays.com\/fi\/wp-json\/wp\/v2\/posts"}],"about":[{"href":"https:\/\/www.europesays.com\/fi\/wp-json\/wp\/v2\/types\/post"}],"author":[{"embeddable":true,"href":"https:\/\/www.europesays.com\/fi\/wp-json\/wp\/v2\/users\/2"}],"replies":[{"embeddable":true,"href":"https:\/\/www.europesays.com\/fi\/wp-json\/wp\/v2\/comments?post=13163"}],"version-history":[{"count":0,"href":"https:\/\/www.europesays.com\/fi\/wp-json\/wp\/v2\/posts\/13163\/revisions"}],"wp:featuredmedia":[{"embeddable":true,"href":"https:\/\/www.europesays.com\/fi\/wp-json\/wp\/v2\/media\/13164"}],"wp:attachment":[{"href":"https:\/\/www.europesays.com\/fi\/wp-json\/wp\/v2\/media?parent=13163"}],"wp:term":[{"taxonomy":"category","embeddable":true,"href":"https:\/\/www.europesays.com\/fi\/wp-json\/wp\/v2\/categories?post=13163"},{"taxonomy":"post_tag","embeddable":true,"href":"https:\/\/www.europesays.com\/fi\/wp-json\/wp\/v2\/tags?post=13163"}],"curies":[{"name":"wp","href":"https:\/\/api.w.org\/{rel}","templated":true}]}}