{"id":131631,"date":"2026-01-02T14:52:07","date_gmt":"2026-01-02T14:52:07","guid":{"rendered":"https:\/\/www.europesays.com\/fi\/131631\/"},"modified":"2026-01-02T14:52:07","modified_gmt":"2026-01-02T14:52:07","slug":"pelastuslaitos-toimitti-vasyneen-linnun-turvaan-langelmaveden-jaalta-kangasalan-sanomat","status":"publish","type":"post","link":"https:\/\/www.europesays.com\/fi\/131631\/","title":{"rendered":"Pelastuslaitos toimitti v\u00e4syneen linnun turvaan L\u00e4ngelm\u00e4veden j\u00e4\u00e4lt\u00e4 \u2013 Kangasalan Sanomat"},"content":{"rendered":"<p>Mari Tuohiniemi 2.1.2026<\/p>\n<p> <a href=\"https:\/\/www.europesays.com\/fi\/wp-content\/uploads\/2026\/01\/IMG_0561-scaled.jpg\" title=\"Pirkanmaan pelastuslaitos, paloauto\"><img loading=\"lazy\" width=\"600\" height=\"400\" src=\"https:\/\/www.europesays.com\/fi\/wp-content\/uploads\/2026\/01\/IMG_0561-scaled.jpg\" alt=\"Pelastuslaitos sai h\u00e4lytyksen teht\u00e4v\u00e4lle perjantaina kahden j\u00e4lkeen.\" itemprop=\"image\" decoding=\"async\"  \/><\/a>Pelastuslaitos sai h\u00e4lytyksen teht\u00e4v\u00e4lle perjantaina kahden j\u00e4lkeen.<\/p>\n<p>Pelastuslaitosta tarvittiin perjantaina auttamaan v\u00e4synyt luontokappale turvaan j\u00e4rvenj\u00e4\u00e4lt\u00e4. Pirkanmaan pelastuslaitos sai iltap\u00e4iv\u00e4ll\u00e4 kahden j\u00e4lkeen h\u00e4lytyksen\u2026<\/p>\n<p>T\u00e4m\u00e4 sis\u00e4lt\u00f6 on Kangasalan\u00a0Sanomien tilaajille<\/p>\n<p>Tilaa lukuoikeus alkaen 1\u00a0\u20ac.<\/p>\n<p><a href=\"https:\/\/kangasalansanomat.fi\/tilaa?p3=173678\" class=\"membernoticebtn\" title=\"Tilaa Kangasalan Sanomat\" rel=\"nofollow noopener\" target=\"_blank\">Tilaa<\/a><a class=\"membernoticebtn only-guest\" href=\"https:\/\/kangasala.taikatilaus.fi\/oprp\/k.aspx?p1=https:\/\/kangasalansanomat.fi\/pelastuslaitos-toimitti-vasyneen-linnun-turvaan-langelmaveden-jaalta\/\" title=\"Kirjaudu sis\u00e4\u00e4n\" rel=\"nofollow noopener\" target=\"_blank\">Kirjaudu<\/a><\/p>\n","protected":false},"excerpt":{"rendered":"Mari Tuohiniemi 2.1.2026 Pelastuslaitos sai h\u00e4lytyksen teht\u00e4v\u00e4lle perjantaina kahden j\u00e4lkeen. Pelastuslaitosta tarvittiin perjantaina auttamaan v\u00e4synyt luontokappale turvaan j\u00e4rvenj\u00e4\u00e4lt\u00e4.&hellip;\n","protected":false},"author":2,"featured_media":131632,"comment_status":"","ping_status":"","sticky":false,"template":"","format":"standard","meta":{"footnotes":""},"categories":[117],"tags":[33,31,30,3815,1425,72,476,3816,118,32,119,477],"class_list":{"0":"post-131631","1":"post","2":"type-post","3":"status-publish","4":"format-standard","5":"has-post-thumbnail","7":"category-luonto","8":"tag-fi","9":"tag-finland","10":"tag-finnish","11":"tag-kangasala","12":"tag-linnut","13":"tag-luonto","14":"tag-nature","15":"tag-pirkanmaan-pelastuslaitos","16":"tag-science","17":"tag-suomi","18":"tag-tiede","19":"tag-wildlife"},"share_on_mastodon":{"url":"https:\/\/pubeurope.com\/@fi\/115826074766378279","error":""},"_links":{"self":[{"href":"https:\/\/www.europesays.com\/fi\/wp-json\/wp\/v2\/posts\/131631","targetHints":{"allow":["GET"]}}],"collection":[{"href":"https:\/\/www.europesays.com\/fi\/wp-json\/wp\/v2\/posts"}],"about":[{"href":"https:\/\/www.europesays.com\/fi\/wp-json\/wp\/v2\/types\/post"}],"author":[{"embeddable":true,"href":"https:\/\/www.europesays.com\/fi\/wp-json\/wp\/v2\/users\/2"}],"replies":[{"embeddable":true,"href":"https:\/\/www.europesays.com\/fi\/wp-json\/wp\/v2\/comments?post=131631"}],"version-history":[{"count":0,"href":"https:\/\/www.europesays.com\/fi\/wp-json\/wp\/v2\/posts\/131631\/revisions"}],"wp:featuredmedia":[{"embeddable":true,"href":"https:\/\/www.europesays.com\/fi\/wp-json\/wp\/v2\/media\/131632"}],"wp:attachment":[{"href":"https:\/\/www.europesays.com\/fi\/wp-json\/wp\/v2\/media?parent=131631"}],"wp:term":[{"taxonomy":"category","embeddable":true,"href":"https:\/\/www.europesays.com\/fi\/wp-json\/wp\/v2\/categories?post=131631"},{"taxonomy":"post_tag","embeddable":true,"href":"https:\/\/www.europesays.com\/fi\/wp-json\/wp\/v2\/tags?post=131631"}],"curies":[{"name":"wp","href":"https:\/\/api.w.org\/{rel}","templated":true}]}}