{"id":131639,"date":"2026-01-02T15:11:09","date_gmt":"2026-01-02T15:11:09","guid":{"rendered":"https:\/\/www.europesays.com\/fi\/131639\/"},"modified":"2026-01-02T15:11:09","modified_gmt":"2026-01-02T15:11:09","slug":"talta-nayttaa-pate-mustajarven-heijastettu-kuva-tampereella","status":"publish","type":"post","link":"https:\/\/www.europesays.com\/fi\/131639\/","title":{"rendered":"T\u00e4lt\u00e4 n\u00e4ytt\u00e4\u00e4 Pate Mustaj\u00e4rven heijastettu kuva Tampereella"},"content":{"rendered":"<p>Pate Mustaj\u00e4rven kotikaupunki kunnioittaa musiikkilegendan muistoa heijastamalla h\u00e4nen kuvansa.<\/p>\n<p><img decoding=\"async\" class=\"image image-show image-preview\" src=\"https:\/\/www.europesays.com\/fi\/wp-content\/uploads\/2025\/10\/4aba445c0949e9a6f681536fcda0e63214eae10730c2a30081fa8e56ab70f0f2.jpg\" alt=\"\"\/><img decoding=\"async\" class=\"image image-show\" src=\"https:\/\/www.europesays.com\/fi\/wp-content\/uploads\/2025\/10\/1760602209_877_4aba445c0949e9a6f681536fcda0e63214eae10730c2a30081fa8e56ab70f0f2.jpg\" alt=\"\"\/><\/p>\n<p>Pate Mustaj\u00e4rvi kuoli tapaninp\u00e4iv\u00e4n\u00e4 69-vuotiaana. Henri K\u00e4rkk\u00e4inen<\/p>\n<p class=\"paragraph\">Tampereen kaupunki kunnioittaa musiikkilegenda <strong>Pauli \u201dPate\u201d Mustaj\u00e4rven<\/strong> muistoa heijastamalla h\u00e4nen kuvansa Tammerkosken voimalaitoksen sein\u00e4\u00e4n. Muistovalaistus sai ensi-iltansa t\u00e4n\u00e4\u00e4n perjantaina kello 16.<\/p>\n<p class=\"paragraph\"><strong>Harri Hinkan<\/strong> ottamassa mustavalkoisessa kuvassa n\u00e4kyy vain Mustaj\u00e4rven kasvot. H\u00e4nen ilmeens\u00e4 on vakava. Sein\u00e4\u00e4n on muuten heijastettu sininen v\u00e4rivalaistus.<\/p>\n<p>Pate Mustaj\u00e4rven kuva heijastettiin Tampereella  Tammerkosken voimalaitoksen sein\u00e4\u00e4n. Juha Veli  Jokinen<\/p>\n<p>Sininen v\u00e4ri heijastuu my\u00f6s vieress\u00e4 olevaan veteen. Juha Veli  Jokinen<\/p>\n<p class=\"paragraph\">Muistovalaistus on n\u00e4ht\u00e4viss\u00e4 2.\u20134. tammikuuta kello 16\u201300.<\/p>\n<p class=\"paragraph\">Mustaj\u00e4rvi kuoli tapaninp\u00e4iv\u00e4n\u00e4 69-vuotiaana. H\u00e4nelt\u00e4 l\u00f6ydettiin kasvain lokakuussa.<\/p>\n<p class=\"paragraph\">Tampere on mukana my\u00f6s toisessa Mustaj\u00e4rven kunnioituksessa. Viikonloppuna Yle TV2:lla n\u00e4hd\u00e4\u00e4n Ylen Pate Mustaj\u00e4rvi \u2013 Suomirockin legenda &#8211; muistol\u00e4hetys, joka l\u00e4hetet\u00e4\u00e4n Tampere-talolta.<\/p>\n<p class=\"paragraph\">Mustaj\u00e4rvi oli Popeda-yhtyeen keulakuva vuosikymmeni\u00e4, kunnes j\u00e4tti yhtyeen syyskuussa 2023. B\u00e4ndist\u00e4 l\u00e4hd\u00f6n j\u00e4lkeen Mustaj\u00e4rvi jatkoi soolouraansa, jota oli tehnyt jo aiemmin menestyksekk\u00e4\u00e4sti.<\/p>\n<p class=\"paragraph\">Mustaj\u00e4rvi j\u00e4tti l\u00e4htem\u00e4tt\u00f6m\u00e4n j\u00e4ljen suomalaiseen rockmusiikkiin. H\u00e4nen esitt\u00e4mi\u00e4\u00e4n j\u00e4rk\u00e4lem\u00e4isi\u00e4 hittej\u00e4 ovat muun muassa Matkalla Alabamaan, Kersantti Karoliina, Punaista ja makeaa, Jukeboxin luona ja esimerkiksi Ukkometso.<\/p>\n","protected":false},"excerpt":{"rendered":"Pate Mustaj\u00e4rven kotikaupunki kunnioittaa musiikkilegendan muistoa heijastamalla h\u00e4nen kuvansa. Pate Mustaj\u00e4rvi kuoli tapaninp\u00e4iv\u00e4n\u00e4 69-vuotiaana. Henri K\u00e4rkk\u00e4inen Tampereen kaupunki&hellip;\n","protected":false},"author":2,"featured_media":131640,"comment_status":"","ping_status":"","sticky":false,"template":"","format":"standard","meta":{"footnotes":""},"categories":[130],"tags":[35,138,137,33,31,30,763,47,141,32,397,484,109],"class_list":{"0":"post-131639","1":"post","2":"type-post","3":"status-publish","4":"format-standard","5":"has-post-thumbnail","7":"category-viihde","8":"tag-24h","9":"tag-audio","10":"tag-entertainment","11":"tag-fi","12":"tag-finland","13":"tag-finnish","14":"tag-kulttuuri-ja-viihde","15":"tag-musiikki","16":"tag-muusikot-bandit","17":"tag-suomi","18":"tag-taide","19":"tag-taiteellinen-ilmaisu-ja-mediat","20":"tag-viihde"},"share_on_mastodon":{"url":"https:\/\/pubeurope.com\/@fi\/115826149457833938","error":""},"_links":{"self":[{"href":"https:\/\/www.europesays.com\/fi\/wp-json\/wp\/v2\/posts\/131639","targetHints":{"allow":["GET"]}}],"collection":[{"href":"https:\/\/www.europesays.com\/fi\/wp-json\/wp\/v2\/posts"}],"about":[{"href":"https:\/\/www.europesays.com\/fi\/wp-json\/wp\/v2\/types\/post"}],"author":[{"embeddable":true,"href":"https:\/\/www.europesays.com\/fi\/wp-json\/wp\/v2\/users\/2"}],"replies":[{"embeddable":true,"href":"https:\/\/www.europesays.com\/fi\/wp-json\/wp\/v2\/comments?post=131639"}],"version-history":[{"count":0,"href":"https:\/\/www.europesays.com\/fi\/wp-json\/wp\/v2\/posts\/131639\/revisions"}],"wp:featuredmedia":[{"embeddable":true,"href":"https:\/\/www.europesays.com\/fi\/wp-json\/wp\/v2\/media\/131640"}],"wp:attachment":[{"href":"https:\/\/www.europesays.com\/fi\/wp-json\/wp\/v2\/media?parent=131639"}],"wp:term":[{"taxonomy":"category","embeddable":true,"href":"https:\/\/www.europesays.com\/fi\/wp-json\/wp\/v2\/categories?post=131639"},{"taxonomy":"post_tag","embeddable":true,"href":"https:\/\/www.europesays.com\/fi\/wp-json\/wp\/v2\/tags?post=131639"}],"curies":[{"name":"wp","href":"https:\/\/api.w.org\/{rel}","templated":true}]}}