{"id":131649,"date":"2026-01-02T15:32:08","date_gmt":"2026-01-02T15:32:08","guid":{"rendered":"https:\/\/www.europesays.com\/fi\/131649\/"},"modified":"2026-01-02T15:32:08","modified_gmt":"2026-01-02T15:32:08","slug":"maajussi-antti-loysi-rakkaan-ohjelmasta-nain-heilla-menee-nyt","status":"publish","type":"post","link":"https:\/\/www.europesays.com\/fi\/131649\/","title":{"rendered":"Maajussi-Antti l\u00f6ysi rakkaan ohjelmasta \u2013 n\u00e4in heill\u00e4 menee nyt"},"content":{"rendered":"<p><strong class=\"typography-bold\">Maajussi-Antti l\u00f6ysi rakkaan Maajussille morsian -ohjelmasta viime vuonna. Yhteiselo Matildan kanssa on ottanut tuulta alleen ja pariskunta el\u00e4\u00e4 t\u00e4t\u00e4 nyky\u00e4 saman katon alla.\u00a0<\/strong><\/p>\n<p>Maajussi-<strong class=\"typography-bold\">Antti<\/strong> ja h\u00e4nen nykyinen puolisonsa <strong class=\"typography-bold\">Matilda<\/strong> l\u00f6ysiv\u00e4t toisensa <a class=\"cursor-pointer underline\" data-testid=\"internal-link\" role=\"link\" data-sentry-element=\"Link\" data-sentry-component=\"InternalLink\" data-sentry-source-file=\"InternalLink.tsx\" href=\"https:\/\/www.mtvuutiset.fi\/aihe\/maajussille-morsian\/2889974\" rel=\"nofollow noopener\" target=\"_blank\">Maajussille morsian<\/a> -ohjelmasta viime kes\u00e4n\u00e4. Kausi esitettiin MTV:ll\u00e4 syksyll\u00e4.\u00a0<\/p>\n<p>Antti kertoo, ett\u00e4 rakkauden l\u00f6ytyminen oli h\u00e4nen vuotensa kohokohta.\u00a0<\/p>\n<p>\u2013 Kes\u00e4ll\u00e4 Matilda tuli pysyv\u00e4sti t\u00e4nne kylym\u00e4\u00e4n ja pimi\u00e4\u00e4n pohjoseen ja olihan se unohtumaton hetki, kun yhten\u00e4 iltana n\u00e4ki, ett\u00e4 auto t\u00e4ynn\u00e4 kamaa kaarsi pihaan. Siit\u00e4 asti ollaan samaa leip\u00e4\u00e4 sy\u00f6ty, Antti kirjoittaa.\u00a0<\/p>\n<p>Lue lis\u00e4\u00e4: <a class=\"cursor-pointer underline\" data-testid=\"internal-link\" role=\"link\" data-sentry-element=\"Link\" data-sentry-component=\"InternalLink\" data-sentry-source-file=\"InternalLink.tsx\" href=\"https:\/\/www.mtvuutiset.fi\/artikkeli\/maajussi-antin-ja-matildan-suhde-jatkui-kuvausten-jalkeen-maajussilta-suloinen-kommentti\/9253734\" rel=\"nofollow noopener\" target=\"_blank\">Maajussi-Antin ja Matildan suhde jatkui kuvausten j\u00e4lkeen \u2013 maajussilta suloinen kommentti<\/a><\/p>\n<p>T\u00e4t\u00e4 ennen alkuvuodesta 23-vuotias Antti oli kokenut vanhempiensa erosta johtuvan surun ja muutoksen.\u00a0<\/p>\n<p>\u2013\u00a0Alkuvuonna oltiin ihan uuden edess\u00e4, kun \u00e4itimuori h\u00e4ipp\u00e4si tontilta ja itse piti h\u00e4nen saappaasa t\u00e4ytt\u00e4\u00e4. Ty\u00f6el\u00e4m\u00e4 meni kerralla yhess\u00e4 y\u00f6ss\u00e4 uusiksi, siin\u00e4 miss\u00e4 ennen kuljin lomittamassa tiloilla (joita ehti olla 32 kpl) niin nyt kuljen yritt\u00e4j\u00e4n\u00e4 omalla maatilalla t\u00f6iss\u00e4 pyh\u00e4\u00e4 ja arkea.<\/p>\n<p>Pariskunta vietti my\u00f6s ensimm\u00e4ist\u00e4 yhteist\u00e4 joulua.\u00a0<\/p>\n<p>\u2013\u00a0 Viime joulun j\u00e4lkeen, kun \u00e4itimuori ilimotti eroavansa is\u00e4ukon kanssa, niin mik\u00e4 tahasa joulu on ollut onnellinen siihen verrattuna. Olipa helppo todeta nyt toiselle, ett\u00e4 Jos sua ei ois, niin t\u00e4\u00e4ll\u00e4 ei ois mit\u00e4\u00e4n t\u00e4ll\u00e4 hetkell\u00e4, kiitos siis kun oot Matilda-rakas, Antti kirjoittaa yhteiskuvan kuvatekstiss\u00e4.\u00a0<\/p>\n<p><a class=\"underline\" data-testid=\"external-link\" href=\"https:\/\/www.mtv.fi\/ohjelmat\/osallistu\" rel=\"noopener noreferrer nofollow\" data-sentry-component=\"ExternalLink\" data-sentry-source-file=\"ExternalLink.tsx\" target=\"_blank\">Hae mukaan Maajussille morsian -ohjelman uudelle kaudelle!<\/a><\/p>\n","protected":false},"excerpt":{"rendered":"Maajussi-Antti l\u00f6ysi rakkaan Maajussille morsian -ohjelmasta viime vuonna. Yhteiselo Matildan kanssa on ottanut tuulta alleen ja pariskunta el\u00e4\u00e4&hellip;\n","protected":false},"author":2,"featured_media":60048,"comment_status":"","ping_status":"","sticky":false,"template":"","format":"standard","meta":{"footnotes":""},"categories":[133],"tags":[137,33,31,30,32,206,156,109],"class_list":{"0":"post-131649","1":"post","2":"type-post","3":"status-publish","4":"format-standard","5":"has-post-thumbnail","7":"category-televisiot","8":"tag-entertainment","9":"tag-fi","10":"tag-finland","11":"tag-finnish","12":"tag-suomi","13":"tag-televisiot","14":"tag-tv","15":"tag-viihde"},"share_on_mastodon":{"url":"https:\/\/pubeurope.com\/@fi\/115826232122462264","error":""},"_links":{"self":[{"href":"https:\/\/www.europesays.com\/fi\/wp-json\/wp\/v2\/posts\/131649","targetHints":{"allow":["GET"]}}],"collection":[{"href":"https:\/\/www.europesays.com\/fi\/wp-json\/wp\/v2\/posts"}],"about":[{"href":"https:\/\/www.europesays.com\/fi\/wp-json\/wp\/v2\/types\/post"}],"author":[{"embeddable":true,"href":"https:\/\/www.europesays.com\/fi\/wp-json\/wp\/v2\/users\/2"}],"replies":[{"embeddable":true,"href":"https:\/\/www.europesays.com\/fi\/wp-json\/wp\/v2\/comments?post=131649"}],"version-history":[{"count":0,"href":"https:\/\/www.europesays.com\/fi\/wp-json\/wp\/v2\/posts\/131649\/revisions"}],"wp:featuredmedia":[{"embeddable":true,"href":"https:\/\/www.europesays.com\/fi\/wp-json\/wp\/v2\/media\/60048"}],"wp:attachment":[{"href":"https:\/\/www.europesays.com\/fi\/wp-json\/wp\/v2\/media?parent=131649"}],"wp:term":[{"taxonomy":"category","embeddable":true,"href":"https:\/\/www.europesays.com\/fi\/wp-json\/wp\/v2\/categories?post=131649"},{"taxonomy":"post_tag","embeddable":true,"href":"https:\/\/www.europesays.com\/fi\/wp-json\/wp\/v2\/tags?post=131649"}],"curies":[{"name":"wp","href":"https:\/\/api.w.org\/{rel}","templated":true}]}}