{"id":131650,"date":"2026-01-02T15:33:07","date_gmt":"2026-01-02T15:33:07","guid":{"rendered":"https:\/\/www.europesays.com\/fi\/131650\/"},"modified":"2026-01-02T15:33:07","modified_gmt":"2026-01-02T15:33:07","slug":"taysin-pahkahullu-idea-ja-juuri-siksi-pakko-toteuttaa-woyh-teki-uuden-aluevaltauksen","status":"publish","type":"post","link":"https:\/\/www.europesays.com\/fi\/131650\/","title":{"rendered":"&#8221;T\u00e4ysin p\u00e4hk\u00e4hullu idea ja juuri siksi pakko toteuttaa&#8221; &#8211; W\u00f6yh! teki uuden aluevaltauksen"},"content":{"rendered":"<p><strong>Antti Hyyrysen<\/strong> (<strong>Stam1na<\/strong>) ja <strong>Jussi Hyyrysen<\/strong> (<strong>YUP<\/strong>, <strong>YUP Instrumental<\/strong>) johtama progerock-orkesteri <strong>W\u00f6yh!<\/strong> lanseeraa yhteisty\u00f6ss\u00e4 yhtyeelle kansitaidetta ja musiikkivideoita tehneen valokuvaaja <strong>Peki Sinikosken<\/strong> kanssa W\u00f6yh Fighter II -videopelin.<\/p>\n<p>80- ja 90-luvun estetiikkaan nojaavassa taistelupeliss\u00e4 Hyyrysen veljekset sek\u00e4 ballerina Bl\u00e4kkis taistelevat yhtyeen kappaleista tuttujen hahmojen kanssa. <a href=\"https:\/\/www.woyhfighter.com\/\" target=\"_blank\" rel=\"noreferrer noopener nofollow\">Tietokoneen selaimella pelattavan pelin<\/a> on koodannut Sinikoski, ja musiikeista vastaa Jussi Hyyrynen.<\/p>\n<p>\u201cOlen kehitt\u00e4nyt W\u00f6yh!ille visuaalisen kerronnan kautta runsaan maailman. Olen viime vuosina ty\u00f6skennellyt yh\u00e4 enemm\u00e4n my\u00f6s koodin parissa. Nyt tuntuu hienolta n\u00e4hd\u00e4, kuinka n\u00e4m\u00e4 yli kymmenen vuoden aikana valokuvan ja videon keinoin syntyneet tarinat punoutuvat yhteen \u2013 t\u00e4ll\u00e4 kertaa pelin ja animaation keinoin\u201d, toteaa Sinikoski.<\/p>\n<p>\u201dT\u00e4ysin p\u00e4hk\u00e4hullu idea ja juuri siksi pakko toteuttaa, vastasin Pekille, kun h\u00e4n esitti idean tietokonepelist\u00e4. W\u00f6yh Fighter II on huikea seikkailu l\u00e4pi W\u00f6yh-universumin. Peliss\u00e4 p\u00e4\u00e4set kiivaasti kamppailemaan biiseist\u00e4 tuttuja hahmoja vastaan w\u00f6yh\u00f6progen s\u00e4estyksell\u00e4. Vain Kaskelotti Records voi julkaista jotain n\u00e4in \u00e4lyt\u00f6nt\u00e4. Annan t\u00e4ydet viisi ja puoli t\u00e4hte\u00e4!\u201d kommentoi vuorostaan Jussi Hyyrynen.<\/p>\n<p>W\u00f6yh! julkaisi joulukuussa kuudennen studioalbuminsa Wooppera. Levyjulkaisukiertue alkaa 9.1. Jyv\u00e4skyl\u00e4n Lutakosta. Katso koko kiertueaikataulu alta:<\/p>\n<p>Wooppera!-levynjulkaisukiertue:<br \/>Pe 9.1.2026 Jyv\u00e4skyl\u00e4, Lutakko<br \/>La 10.1.2026 Helsinki, Tavastia<br \/>Pe 16.1.2026 Lappeenranta, Valta<br \/>La 17.1.2026 Turku, Teatro Logomo<br \/>Pe 23.1.2026 Tampere, Olympia<br \/>La 24.1.2026 H\u00e4meenlinna, Suistoklubi<\/p>\n<p>Lue my\u00f6s: <a href=\"https:\/\/www.inferno.fi\/uutiskirje\/\" title=\"Tilaa Infernon uutiskirje\" class=\"underline-custom !font-montserrat !font-bold !underline-offset-4 !decoration-4 !decoration-red-600 !text-md\" rel=\"nofollow noopener\" target=\"_blank\">Tilaa Infernon uutiskirje ja tied\u00e4t mist\u00e4 kahvitauolla puhutaan! Nappaa raskaan musiikin uutiset ja puheenaiheet suoraan s\u00e4hk\u00f6postiin t\u00e4st\u00e4.<\/a><\/p>\n","protected":false},"excerpt":{"rendered":"Antti Hyyrysen (Stam1na) ja Jussi Hyyrysen (YUP, YUP Instrumental) johtama progerock-orkesteri W\u00f6yh! lanseeraa yhteisty\u00f6ss\u00e4 yhtyeelle kansitaidetta ja musiikkivideoita&hellip;\n","protected":false},"author":2,"featured_media":131651,"comment_status":"","ping_status":"","sticky":false,"template":"","format":"standard","meta":{"footnotes":""},"categories":[132],"tags":[137,33,31,30,195,47,185,32,23277,109],"class_list":{"0":"post-131650","1":"post","2":"type-post","3":"status-publish","4":"format-standard","5":"has-post-thumbnail","7":"category-musiikki","8":"tag-entertainment","9":"tag-fi","10":"tag-finland","11":"tag-finnish","12":"tag-music","13":"tag-musiikki","14":"tag-peli","15":"tag-suomi","16":"tag-tietokonepeli","17":"tag-viihde"},"share_on_mastodon":{"url":"https:\/\/pubeurope.com\/@fi\/115826236141839175","error":""},"_links":{"self":[{"href":"https:\/\/www.europesays.com\/fi\/wp-json\/wp\/v2\/posts\/131650","targetHints":{"allow":["GET"]}}],"collection":[{"href":"https:\/\/www.europesays.com\/fi\/wp-json\/wp\/v2\/posts"}],"about":[{"href":"https:\/\/www.europesays.com\/fi\/wp-json\/wp\/v2\/types\/post"}],"author":[{"embeddable":true,"href":"https:\/\/www.europesays.com\/fi\/wp-json\/wp\/v2\/users\/2"}],"replies":[{"embeddable":true,"href":"https:\/\/www.europesays.com\/fi\/wp-json\/wp\/v2\/comments?post=131650"}],"version-history":[{"count":0,"href":"https:\/\/www.europesays.com\/fi\/wp-json\/wp\/v2\/posts\/131650\/revisions"}],"wp:featuredmedia":[{"embeddable":true,"href":"https:\/\/www.europesays.com\/fi\/wp-json\/wp\/v2\/media\/131651"}],"wp:attachment":[{"href":"https:\/\/www.europesays.com\/fi\/wp-json\/wp\/v2\/media?parent=131650"}],"wp:term":[{"taxonomy":"category","embeddable":true,"href":"https:\/\/www.europesays.com\/fi\/wp-json\/wp\/v2\/categories?post=131650"},{"taxonomy":"post_tag","embeddable":true,"href":"https:\/\/www.europesays.com\/fi\/wp-json\/wp\/v2\/tags?post=131650"}],"curies":[{"name":"wp","href":"https:\/\/api.w.org\/{rel}","templated":true}]}}