{"id":131658,"date":"2026-01-02T15:40:10","date_gmt":"2026-01-02T15:40:10","guid":{"rendered":"https:\/\/www.europesays.com\/fi\/131658\/"},"modified":"2026-01-02T15:40:10","modified_gmt":"2026-01-02T15:40:10","slug":"epassi-nostaa-lounaan-hintaa-lahes-50-senttia-2","status":"publish","type":"post","link":"https:\/\/www.europesays.com\/fi\/131658\/","title":{"rendered":"Epassi nostaa lounaan hintaa l\u00e4hes 50 sentti\u00e4"},"content":{"rendered":"<p class=\"article-ingress--large\">Taloustieteilij\u00e4t kritisoivat lounasetuj\u00e4rjestelm\u00e4n monimutkaisuutta. Yksi v\u00e4lik\u00e4sist\u00e4 on Epassi, joka veloittaa ravintoloilta 3,5 prosentin palkkion jokaisesta lounasostoksesta. Liikunta- ja kulttuurietujen palkkio on jopa viisi prosenttia.<\/p>\n<p><a href=\"https:\/\/www.rannikkoseutu.fi\/haku\/?query=Anu-Elina+Lehti\" rel=\"nofollow noopener\" target=\"_blank\"><\/p>\n<p>Anu-Elina Lehti<\/p>\n<p><\/a><img decoding=\"async\" src=\"https:\/\/www.europesays.com\/fi\/wp-content\/uploads\/2025\/12\/1767056049_629_978.jpg\" alt=\"Verottajan m\u00e4\u00e4ritt\u00e4m\u00e4n lounasedun arvo nousee ensi vuonna 14 euroon. \" class=\"_Img_1rerz_1\" style=\"aspect-ratio:1.5\" loading=\"eager\"\/><\/p>\n<p class=\"article-picture-caption\">Verottajan m\u00e4\u00e4ritt\u00e4m\u00e4n lounasedun arvo nousee ensi vuonna 14 euroon.  Kuva:\u00a0Vilhelmiina Penttil\u00e4<\/p>\n","protected":false},"excerpt":{"rendered":"Taloustieteilij\u00e4t kritisoivat lounasetuj\u00e4rjestelm\u00e4n monimutkaisuutta. Yksi v\u00e4lik\u00e4sist\u00e4 on Epassi, joka veloittaa ravintoloilta 3,5 prosentin palkkion jokaisesta lounasostoksesta. Liikunta- ja&hellip;\n","protected":false},"author":2,"featured_media":131659,"comment_status":"","ping_status":"","sticky":false,"template":"","format":"standard","meta":{"footnotes":""},"categories":[76],"tags":[79,77,33,31,30,1102,32,78],"class_list":{"0":"post-131658","1":"post","2":"type-post","3":"status-publish","4":"format-standard","5":"has-post-thumbnail","7":"category-talous","8":"tag-business","9":"tag-economy","10":"tag-fi","11":"tag-finland","12":"tag-finnish","13":"tag-rannikkoseutu","14":"tag-suomi","15":"tag-talous"},"share_on_mastodon":{"url":"https:\/\/pubeurope.com\/@fi\/115826263586807837","error":""},"_links":{"self":[{"href":"https:\/\/www.europesays.com\/fi\/wp-json\/wp\/v2\/posts\/131658","targetHints":{"allow":["GET"]}}],"collection":[{"href":"https:\/\/www.europesays.com\/fi\/wp-json\/wp\/v2\/posts"}],"about":[{"href":"https:\/\/www.europesays.com\/fi\/wp-json\/wp\/v2\/types\/post"}],"author":[{"embeddable":true,"href":"https:\/\/www.europesays.com\/fi\/wp-json\/wp\/v2\/users\/2"}],"replies":[{"embeddable":true,"href":"https:\/\/www.europesays.com\/fi\/wp-json\/wp\/v2\/comments?post=131658"}],"version-history":[{"count":0,"href":"https:\/\/www.europesays.com\/fi\/wp-json\/wp\/v2\/posts\/131658\/revisions"}],"wp:featuredmedia":[{"embeddable":true,"href":"https:\/\/www.europesays.com\/fi\/wp-json\/wp\/v2\/media\/131659"}],"wp:attachment":[{"href":"https:\/\/www.europesays.com\/fi\/wp-json\/wp\/v2\/media?parent=131658"}],"wp:term":[{"taxonomy":"category","embeddable":true,"href":"https:\/\/www.europesays.com\/fi\/wp-json\/wp\/v2\/categories?post=131658"},{"taxonomy":"post_tag","embeddable":true,"href":"https:\/\/www.europesays.com\/fi\/wp-json\/wp\/v2\/tags?post=131658"}],"curies":[{"name":"wp","href":"https:\/\/api.w.org\/{rel}","templated":true}]}}