{"id":131660,"date":"2026-01-02T15:41:07","date_gmt":"2026-01-02T15:41:07","guid":{"rendered":"https:\/\/www.europesays.com\/fi\/131660\/"},"modified":"2026-01-02T15:41:07","modified_gmt":"2026-01-02T15:41:07","slug":"kaksikerroksinen-bussi-suistui-ojaan-ja-siihen-tormasi-kaksi-henkiloautoa-pohjois-ruotsissa-11-ihmista-sairaalaan","status":"publish","type":"post","link":"https:\/\/www.europesays.com\/fi\/131660\/","title":{"rendered":"Kaksikerroksinen bussi suistui ojaan ja siihen t\u00f6rm\u00e4si kaksi henkil\u00f6autoa Pohjois-Ruotsissa \u2013 11 ihmist\u00e4 sairaalaan"},"content":{"rendered":"<p>\n      Kaksikerroksinen bussi suistui ojaan ja siihen t\u00f6rm\u00e4si kaksi henkil\u00f6autoa Pohjois-Ruotsin \u00d6nnesmarkissa perjantaina puoliltap\u00e4ivin, kertoo <a href=\"https:\/\/www.svt.se\/nyheter\/lokalt\/vasterbotten\/buss-och-personbilar-i-krock-pa-e4-bussen-har-valt-i-diket\" rel=\"nofollow noopener\" target=\"_blank\">SVT<\/a>.\n    <\/p>\n<p>\n      Yksitoista ihmist\u00e4 kiid\u00e4tettiin Skellefte\u00e5n sairaalaan. Onnettomuudessa oli osallisena yhteens\u00e4 50 ihmist\u00e4.\n    <\/p>\n<p class=\"article__paragraph\">\n      \u2013 Aiemmin meille kerrottiin, ettei hengenvaarallisia vammoja pit\u00e4isi olla, mutta se voi muuttua, kertoi poliisin tiedottaja Maria Fredriksson SVT:ll\n    <\/p>\n<p class=\"article__paragraph\">\n      Alueella on ollut rankka lumisade.\n    <\/p>\n<p class=\"article__paragraph\">\n      Silminn\u00e4kij\u00e4 Bj\u00f6rn Kristoffersson kertoo, ett\u00e4 ihmiset vuotivat pahasti verta ja monet huusivat j\u00e4rkytyksest\u00e4. Bussin ovet olivat ojaan p\u00e4in, joten bussin etuikkuna piti rikkoa saadakseen ihmiset ulos, h\u00e4n sanoo.\n    <\/p>\n<p class=\"article__paragraph\">\n      Suomessa asiasta uutisoi aiemmin Yle.\n    <\/p>\n","protected":false},"excerpt":{"rendered":"Kaksikerroksinen bussi suistui ojaan ja siihen t\u00f6rm\u00e4si kaksi henkil\u00f6autoa Pohjois-Ruotsin \u00d6nnesmarkissa perjantaina puoliltap\u00e4ivin, kertoo SVT. Yksitoista ihmist\u00e4 kiid\u00e4tettiin&hellip;\n","protected":false},"author":2,"featured_media":131661,"comment_status":"","ping_status":"","sticky":false,"template":"","format":"standard","meta":{"footnotes":""},"categories":[14],"tags":[22,23,26,27,33,31,30,17,24,25,28,29,15,18,21,32,19,20,56,16,59,60,61],"class_list":{"0":"post-131660","1":"post","2":"type-post","3":"status-publish","4":"format-standard","5":"has-post-thumbnail","7":"category-ulkomaat","8":"tag-breaking-news","9":"tag-breakingnews","10":"tag-featured-news","11":"tag-featurednews","12":"tag-fi","13":"tag-finland","14":"tag-finnish","15":"tag-headlines","16":"tag-latest-news","17":"tag-latestnews","18":"tag-main-news","19":"tag-mainnews","20":"tag-news","21":"tag-otsikot","22":"tag-paauutiset","23":"tag-suomi","24":"tag-top-stories","25":"tag-topstories","26":"tag-ulkomaat","27":"tag-uutiset","28":"tag-world","29":"tag-world-news","30":"tag-worldnews"},"share_on_mastodon":{"url":"https:\/\/pubeurope.com\/@fi\/115826267477193196","error":""},"_links":{"self":[{"href":"https:\/\/www.europesays.com\/fi\/wp-json\/wp\/v2\/posts\/131660","targetHints":{"allow":["GET"]}}],"collection":[{"href":"https:\/\/www.europesays.com\/fi\/wp-json\/wp\/v2\/posts"}],"about":[{"href":"https:\/\/www.europesays.com\/fi\/wp-json\/wp\/v2\/types\/post"}],"author":[{"embeddable":true,"href":"https:\/\/www.europesays.com\/fi\/wp-json\/wp\/v2\/users\/2"}],"replies":[{"embeddable":true,"href":"https:\/\/www.europesays.com\/fi\/wp-json\/wp\/v2\/comments?post=131660"}],"version-history":[{"count":0,"href":"https:\/\/www.europesays.com\/fi\/wp-json\/wp\/v2\/posts\/131660\/revisions"}],"wp:featuredmedia":[{"embeddable":true,"href":"https:\/\/www.europesays.com\/fi\/wp-json\/wp\/v2\/media\/131661"}],"wp:attachment":[{"href":"https:\/\/www.europesays.com\/fi\/wp-json\/wp\/v2\/media?parent=131660"}],"wp:term":[{"taxonomy":"category","embeddable":true,"href":"https:\/\/www.europesays.com\/fi\/wp-json\/wp\/v2\/categories?post=131660"},{"taxonomy":"post_tag","embeddable":true,"href":"https:\/\/www.europesays.com\/fi\/wp-json\/wp\/v2\/tags?post=131660"}],"curies":[{"name":"wp","href":"https:\/\/api.w.org\/{rel}","templated":true}]}}