{"id":131662,"date":"2026-01-02T15:42:07","date_gmt":"2026-01-02T15:42:07","guid":{"rendered":"https:\/\/www.europesays.com\/fi\/131662\/"},"modified":"2026-01-02T15:42:07","modified_gmt":"2026-01-02T15:42:07","slug":"tuomo-sallisen-nayttavat-kaadyt-pistivat-silmaan-linnan-juhlissa-tasta-kaupunginjohtajan-koristeessa-on-kyse-paikalliset","status":"publish","type":"post","link":"https:\/\/www.europesays.com\/fi\/131662\/","title":{"rendered":"Tuomo Sallisen n\u00e4ytt\u00e4v\u00e4t k\u00e4\u00e4dyt pistiv\u00e4t silm\u00e4\u00e4n Linnan juhlissa\u2009\u2013\u2009T\u00e4st\u00e4 kaupunginjohtajan koristeessa on kyse | Paikalliset"},"content":{"rendered":"<p>Kolme Rotaryklubia lahjoitti k\u00e4\u00e4dyt kaupungille vuonna 1975.<\/p>\n<p>Kun Lappeenrannan kaupunginjohtaja <strong>Tuomo Sallinen <\/strong>n\u00e4htiin itsen\u00e4isyysp\u00e4iv\u00e4n\u00e4 Linnan juhlissa, moni kiinnitti huomiota kaulassa olleisiin juhlaviin k\u00e4\u00e4tyihin.<\/p>\n<p>Kysyimme kaupunginjohtajan sihteeri <strong>Maritta Siltamiehelt\u00e4<\/strong> k\u00e4\u00e4dyist\u00e4.<\/p>\n<p><strong>Onko jokaisella kaupunginjohtajalla omat k\u00e4\u00e4tyns\u00e4 vai siirtyv\u00e4tk\u00f6 k\u00e4\u00e4dyt kaupunginjohtajalta toiselle?<\/strong><\/p>\n<p><strong>\u2013\u2009<\/strong>Lappeenrannan kaupungilla on yhdet kaupunginjohtajan k\u00e4\u00e4dyt, ja ne ovat aina virassa olevan kaupunginjohtajan k\u00e4yt\u00f6ss\u00e4.<\/p>\n","protected":false},"excerpt":{"rendered":"Kolme Rotaryklubia lahjoitti k\u00e4\u00e4dyt kaupungille vuonna 1975. Kun Lappeenrannan kaupunginjohtaja Tuomo Sallinen n\u00e4htiin itsen\u00e4isyysp\u00e4iv\u00e4n\u00e4 Linnan juhlissa, moni kiinnitti&hellip;\n","protected":false},"author":2,"featured_media":131663,"comment_status":"","ping_status":"","sticky":false,"template":"","format":"standard","meta":{"footnotes":""},"categories":[12],"tags":[22,23,6034,26,27,33,31,30,17,564,3667,4507,4508,1446,24,25,19889,28,29,15,18,21,32,19,20,16],"class_list":{"0":"post-131662","1":"post","2":"type-post","3":"status-publish","4":"format-standard","5":"has-post-thumbnail","7":"category-suomi","8":"tag-breaking-news","9":"tag-breakingnews","10":"tag-es-lappeenranta","11":"tag-featured-news","12":"tag-featurednews","13":"tag-fi","14":"tag-finland","15":"tag-finnish","16":"tag-headlines","17":"tag-juhlat","18":"tag-lappee","19":"tag-lappeenrannan-kaupunki","20":"tag-lappeenrannan-seutukunta","21":"tag-lappeenranta","22":"tag-latest-news","23":"tag-latestnews","24":"tag-lauritsala","25":"tag-main-news","26":"tag-mainnews","27":"tag-news","28":"tag-otsikot","29":"tag-paauutiset","30":"tag-suomi","31":"tag-top-stories","32":"tag-topstories","33":"tag-uutiset"},"share_on_mastodon":{"url":"https:\/\/pubeurope.com\/@fi\/115826271478832222","error":""},"_links":{"self":[{"href":"https:\/\/www.europesays.com\/fi\/wp-json\/wp\/v2\/posts\/131662","targetHints":{"allow":["GET"]}}],"collection":[{"href":"https:\/\/www.europesays.com\/fi\/wp-json\/wp\/v2\/posts"}],"about":[{"href":"https:\/\/www.europesays.com\/fi\/wp-json\/wp\/v2\/types\/post"}],"author":[{"embeddable":true,"href":"https:\/\/www.europesays.com\/fi\/wp-json\/wp\/v2\/users\/2"}],"replies":[{"embeddable":true,"href":"https:\/\/www.europesays.com\/fi\/wp-json\/wp\/v2\/comments?post=131662"}],"version-history":[{"count":0,"href":"https:\/\/www.europesays.com\/fi\/wp-json\/wp\/v2\/posts\/131662\/revisions"}],"wp:featuredmedia":[{"embeddable":true,"href":"https:\/\/www.europesays.com\/fi\/wp-json\/wp\/v2\/media\/131663"}],"wp:attachment":[{"href":"https:\/\/www.europesays.com\/fi\/wp-json\/wp\/v2\/media?parent=131662"}],"wp:term":[{"taxonomy":"category","embeddable":true,"href":"https:\/\/www.europesays.com\/fi\/wp-json\/wp\/v2\/categories?post=131662"},{"taxonomy":"post_tag","embeddable":true,"href":"https:\/\/www.europesays.com\/fi\/wp-json\/wp\/v2\/tags?post=131662"}],"curies":[{"name":"wp","href":"https:\/\/api.w.org\/{rel}","templated":true}]}}