{"id":131666,"date":"2026-01-02T15:44:07","date_gmt":"2026-01-02T15:44:07","guid":{"rendered":"https:\/\/www.europesays.com\/fi\/131666\/"},"modified":"2026-01-02T15:44:07","modified_gmt":"2026-01-02T15:44:07","slug":"kaakkois-suomessa-on-ammuttu-kaksi-sutta-seuraavaksi-tutkitaan-olivatko-ne-koirasusia-etela-karjala","status":"publish","type":"post","link":"https:\/\/www.europesays.com\/fi\/131666\/","title":{"rendered":"Kaakkois-Suomessa on ammuttu kaksi sutta \u2013 seuraavaksi tutkitaan, olivatko ne koirasusia | Etel\u00e4-Karjala"},"content":{"rendered":"<p class=\"aw-1gybjub aw-5vja16 kEtdKx kmuxyA yle__article__paragraph\">Kaadot tehtiin Lappeenrannassa ja Miehikk\u00e4l\u00e4ss\u00e4 perjantaina 2. tammikuuta.<\/p>\n<p><img decoding=\"async\" alt=\"Susi hiipii lumihangessa.\" src=\"https:\/\/www.europesays.com\/fi\/wp-content\/uploads\/2026\/01\/39-872814617a72a302be5.jpeg\" class=\"aw-1l9m598 hKVVvP\"\/><\/p>\n<p>Avaa kuvien katselu<\/p>\n<p>Suden mets\u00e4stys alkoi Suomessa vuoden 2026 alussa. Aiemmin susi oli rauhoitettu ymp\u00e4ri vuoden, ja koirasusia kaadettiin poikkeusluvin. Kuvituskuva. Kuva: Juha Metso \/ AOP<\/p>\n<p>16:19\u2022P\u00e4ivitetty 16:52<\/p>\n<p class=\"aw-1gybjub aw-1p7kakr kEtdKx cEmitX yle__article__paragraph\">Kaakkois-Suomen alueella on ammuttu t\u00e4n\u00e4\u00e4n perjantaina kaksi sutta.<\/p>\n<p class=\"aw-1gybjub aw-1p7kakr kEtdKx cEmitX yle__article__paragraph\">Miehikk\u00e4l\u00e4ss\u00e4 mets\u00e4st\u00e4j\u00e4t ampuivat naarassuden ja Lappeenrannassa urossuden. Tiedot k\u00e4yv\u00e4t ilmi Suomen riistakeskuksen <a class=\"aw-iao6s4 iHOxEa yle__article__link\" href=\"https:\/\/kiintio.riista.fi\/?_gl=1%2Akr04kr%2A_ga%2ANDM3NDQ4ODc2LjE3NTU1MTQ4MzM.%2A_ga_CFR0WDKTCN%2AczE3NjcyNjM4MTgkbzE5JGcwJHQxNzY3MjYzODE4JGo2MCRsMCRoMA&amp;gsid=3266b473-c688-4988-b788-d2f4da8e9ada\" role=\"link\" rel=\"nofollow noopener\" target=\"_blank\">verkkosivulta<\/a>.<\/p>\n<p class=\"aw-1gybjub aw-1p7kakr kEtdKx cEmitX yle__article__paragraph\">Miehikk\u00e4l\u00e4n riistanhoitoyhdistyksen <strong class=\"aw-ak79eh KyCXm yle__article__strong\">Jan Ylh\u00e4isen<\/strong> mukaan Miehikk\u00e4l\u00e4ss\u00e4 kaadettu aikuinen naarassusi toimitetaan seuraavaksi Luonnonvarakeskukselle, joka tutkii suden.<\/p>\n<p class=\"aw-1gybjub aw-1p7kakr kEtdKx cEmitX yle__article__paragraph\">Tutkimuksilla koetetaan selvitt\u00e4\u00e4, onko kaadettu el\u00e4in koirasusi vai tavallinen susi. Tutkimustulosten on m\u00e4\u00e4r\u00e4 valmistua ennen helmikuun loppua.<\/p>\n<p class=\"aw-1gybjub aw-1p7kakr kEtdKx cEmitX yle__article__paragraph\">Luonnonvarakeskus tutkii my\u00f6s Lappeenrannassa kaadetun suden.<\/p>\n<p class=\"aw-1gybjub aw-1p7kakr kEtdKx cEmitX yle__article__paragraph\">Suden kiinti\u00f6mets\u00e4stys alkoi eilen eli 1. tammikuuta ja p\u00e4\u00e4ttyy 10. helmikuuta. Kaakkois-Suomen alueella mets\u00e4styskiinti\u00f6 on 10, eli kaatolupia on nyt j\u00e4ljell\u00e4 kahdeksan.<\/p>\n<p class=\"aw-1gybjub aw-1p7kakr kEtdKx cEmitX yle__article__paragraph\">Luvat on suunnattu koirasusien mets\u00e4stykseen. Koirasusi on luokiteltu haitalliseksi vieraslajiksi, joka pit\u00e4\u00e4 poistaa Suomen luonnosta.<\/p>\n","protected":false},"excerpt":{"rendered":"Kaadot tehtiin Lappeenrannassa ja Miehikk\u00e4l\u00e4ss\u00e4 perjantaina 2. tammikuuta. Avaa kuvien katselu Suden mets\u00e4stys alkoi Suomessa vuoden 2026 alussa.&hellip;\n","protected":false},"author":2,"featured_media":131667,"comment_status":"","ping_status":"","sticky":false,"template":"","format":"standard","meta":{"footnotes":""},"categories":[117],"tags":[404,1302,33,31,30,464,1446,72,479,3585,476,118,2938,32,4237,119,477],"class_list":{"0":"post-131666","1":"post","2":"type-post","3":"status-publish","4":"format-standard","5":"has-post-thumbnail","7":"category-luonto","8":"tag-elaimet","9":"tag-etela-karjala","10":"tag-fi","11":"tag-finland","12":"tag-finnish","13":"tag-kymenlaakso","14":"tag-lappeenranta","15":"tag-luonto","16":"tag-metsastys","17":"tag-miehikkala","18":"tag-nature","19":"tag-science","20":"tag-suomen-riistakeskus","21":"tag-suomi","22":"tag-susi","23":"tag-tiede","24":"tag-wildlife"},"share_on_mastodon":{"url":"https:\/\/pubeurope.com\/@fi\/115826279244618122","error":""},"_links":{"self":[{"href":"https:\/\/www.europesays.com\/fi\/wp-json\/wp\/v2\/posts\/131666","targetHints":{"allow":["GET"]}}],"collection":[{"href":"https:\/\/www.europesays.com\/fi\/wp-json\/wp\/v2\/posts"}],"about":[{"href":"https:\/\/www.europesays.com\/fi\/wp-json\/wp\/v2\/types\/post"}],"author":[{"embeddable":true,"href":"https:\/\/www.europesays.com\/fi\/wp-json\/wp\/v2\/users\/2"}],"replies":[{"embeddable":true,"href":"https:\/\/www.europesays.com\/fi\/wp-json\/wp\/v2\/comments?post=131666"}],"version-history":[{"count":0,"href":"https:\/\/www.europesays.com\/fi\/wp-json\/wp\/v2\/posts\/131666\/revisions"}],"wp:featuredmedia":[{"embeddable":true,"href":"https:\/\/www.europesays.com\/fi\/wp-json\/wp\/v2\/media\/131667"}],"wp:attachment":[{"href":"https:\/\/www.europesays.com\/fi\/wp-json\/wp\/v2\/media?parent=131666"}],"wp:term":[{"taxonomy":"category","embeddable":true,"href":"https:\/\/www.europesays.com\/fi\/wp-json\/wp\/v2\/categories?post=131666"},{"taxonomy":"post_tag","embeddable":true,"href":"https:\/\/www.europesays.com\/fi\/wp-json\/wp\/v2\/tags?post=131666"}],"curies":[{"name":"wp","href":"https:\/\/api.w.org\/{rel}","templated":true}]}}