{"id":131668,"date":"2026-01-02T15:47:07","date_gmt":"2026-01-02T15:47:07","guid":{"rendered":"https:\/\/www.europesays.com\/fi\/131668\/"},"modified":"2026-01-02T15:47:07","modified_gmt":"2026-01-02T15:47:07","slug":"avaruudessa-elanyt-hiiri-synnytti-terveen-poikueen","status":"publish","type":"post","link":"https:\/\/www.europesays.com\/fi\/131668\/","title":{"rendered":"Avaruudessa el\u00e4nyt hiiri synnytti terveen poikueen"},"content":{"rendered":"<p>Mikropainovoiman ja avaruuden s\u00e4teilyn on pel\u00e4tty vaikuttavan nis\u00e4kk\u00e4iden kykyyn lis\u00e4\u00e4nty\u00e4. Asiaa on t\u00e4rke\u00e4 selvitt\u00e4\u00e4 ennen miehitetyn marslennon tai kuutukikohdan toteuttamista.&#13;<\/p>\n<p class=\"bodytext\">Nelj\u00e4 hiirt\u00e4 vieraili Kiinan avaruusasemalla marraskuussa. Joulukuussa yksi maapallolle palanneista hiirist\u00e4 synnytti kuusi tervett\u00e4 poikasta.\n<\/p>\n<p>Tutkijoiden mukaan poikaset ovat aktiivisia ja kehittyv\u00e4t normaalisti. Kahden viikon altistus mikropainovoimalle ja avaruuden s\u00e4teilylle ei siis n\u00e4yt\u00e4 vaikuttaneen hiiri\u00e4idin lis\u00e4\u00e4ntymiskykyyn.\n<\/p>\n<p>Altistus avaruuden mikropainovoimalle ja s\u00e4teilylle oli suhteellisen lyhyt mutta merkitt\u00e4v\u00e4, sill\u00e4 hiirten lis\u00e4\u00e4ntymiskierto on nopeaa. Jos avaruusaseman olosuhteet alentaisivat jollain tapaa nis\u00e4kk\u00e4iden lis\u00e4\u00e4ntymiskyky\u00e4, ilmi\u00f6 luultavasti n\u00e4kyisi ensimm\u00e4isen\u00e4 juuri hiirill\u00e4.\n<\/p>\n<p>Tutkijat jatkavat poikasten kehityksen seurantaa ja aikovat testata my\u00f6s n\u00e4iden lis\u00e4\u00e4ntymiskyky\u00e4 silt\u00e4 varalta, ett\u00e4 emon oleskelusta avaruudessa olisi seurannut vaikeammin havaittavia vaikutuksia.\n<\/p>\n<p>Aiemmassa tutkimuksessa avaruudessa ollutta ja takaisin maanpinnalle tuotua hiirten spermaa k\u00e4ytettiin hedelm\u00f6itt\u00e4miseen. Tuolloinkaan tutkijat eiv\u00e4t havainneet muutoksia hiirten lis\u00e4\u00e4ntymiskyvyss\u00e4 tai j\u00e4lkel\u00e4isten terveydess\u00e4.\n<\/p>\n<p>Hiirikokeiden avulla tutkijat pyrkiv\u00e4t selvitt\u00e4m\u00e4\u00e4n, onko pitkill\u00e4 avaruuslennoilla vaikutusta nis\u00e4kk\u00e4iden ja etenkin ihmisten kykyyn lis\u00e4\u00e4nty\u00e4.\n<\/p>\n<p><a href=\"https:\/\/news.cgtn.com\/news\/2025-12-27\/Space-mouse-gives-birth-to-first-generation-of-pups-1JrnU1vEmEE\/p.html\" target=\"_blank\" rel=\"noreferrer nofollow noopener\">Aiheesta lis\u00e4\u00e4 CGTN<\/a> (englanniksi)<\/p>\n","protected":false},"excerpt":{"rendered":"Mikropainovoiman ja avaruuden s\u00e4teilyn on pel\u00e4tty vaikuttavan nis\u00e4kk\u00e4iden kykyyn lis\u00e4\u00e4nty\u00e4. Asiaa on t\u00e4rke\u00e4 selvitt\u00e4\u00e4 ennen miehitetyn marslennon tai&hellip;\n","protected":false},"author":2,"featured_media":131669,"comment_status":"","ping_status":"","sticky":false,"template":"","format":"standard","meta":{"footnotes":""},"categories":[114],"tags":[453,33,31,30,118,452,32,119],"class_list":{"0":"post-131668","1":"post","2":"type-post","3":"status-publish","4":"format-standard","5":"has-post-thumbnail","7":"category-avaruus","8":"tag-avaruus","9":"tag-fi","10":"tag-finland","11":"tag-finnish","12":"tag-science","13":"tag-space","14":"tag-suomi","15":"tag-tiede"},"share_on_mastodon":{"url":"https:\/\/pubeurope.com\/@fi\/115826291028599923","error":""},"_links":{"self":[{"href":"https:\/\/www.europesays.com\/fi\/wp-json\/wp\/v2\/posts\/131668","targetHints":{"allow":["GET"]}}],"collection":[{"href":"https:\/\/www.europesays.com\/fi\/wp-json\/wp\/v2\/posts"}],"about":[{"href":"https:\/\/www.europesays.com\/fi\/wp-json\/wp\/v2\/types\/post"}],"author":[{"embeddable":true,"href":"https:\/\/www.europesays.com\/fi\/wp-json\/wp\/v2\/users\/2"}],"replies":[{"embeddable":true,"href":"https:\/\/www.europesays.com\/fi\/wp-json\/wp\/v2\/comments?post=131668"}],"version-history":[{"count":0,"href":"https:\/\/www.europesays.com\/fi\/wp-json\/wp\/v2\/posts\/131668\/revisions"}],"wp:featuredmedia":[{"embeddable":true,"href":"https:\/\/www.europesays.com\/fi\/wp-json\/wp\/v2\/media\/131669"}],"wp:attachment":[{"href":"https:\/\/www.europesays.com\/fi\/wp-json\/wp\/v2\/media?parent=131668"}],"wp:term":[{"taxonomy":"category","embeddable":true,"href":"https:\/\/www.europesays.com\/fi\/wp-json\/wp\/v2\/categories?post=131668"},{"taxonomy":"post_tag","embeddable":true,"href":"https:\/\/www.europesays.com\/fi\/wp-json\/wp\/v2\/tags?post=131668"}],"curies":[{"name":"wp","href":"https:\/\/api.w.org\/{rel}","templated":true}]}}