{"id":131672,"date":"2026-01-02T15:58:07","date_gmt":"2026-01-02T15:58:07","guid":{"rendered":"https:\/\/www.europesays.com\/fi\/131672\/"},"modified":"2026-01-02T15:58:07","modified_gmt":"2026-01-02T15:58:07","slug":"kultaleijona-haat-ilta-sanomat","status":"publish","type":"post","link":"https:\/\/www.europesays.com\/fi\/131672\/","title":{"rendered":"Kultaleijona: h\u00e4\u00e4t &#8211; Ilta-Sanomat"},"content":{"rendered":"<p>Maailmanmestari meni naimisiin.<\/p>\n<p class=\"article-body mb-nof-24 px-nof-16\">J\u00e4\u00e4kiekkomaalivahti <a class=\"font-bold underline-offset-[0.12em] [text-decoration:var(--person-link-text-decoration)] ![text-decoration-color:var(--person-link-text-decoration-color)]\" href=\"https:\/\/www.is.fi\/haku\/?query=Niko%20Hovinen\" rel=\"nofollow noopener\" target=\"_blank\">Niko Hovinen<\/a> ja h\u00e4nen <a class=\"font-bold underline-offset-[0.12em] [text-decoration:var(--person-link-text-decoration)] ![text-decoration-color:var(--person-link-text-decoration-color)]\" href=\"https:\/\/www.is.fi\/haku\/?query=Susanna\" rel=\"nofollow noopener\" target=\"_blank\">Susanna<\/a>-puolisonsa ovat menneet naimisiin.<\/p>\n<p class=\"article-body mb-nof-24 px-nof-16\">Tuore vaimo kertoi asiasta ihanan kuvan kera Instagramissa.<\/p>\n<p class=\"article-body mb-nof-24 px-nof-16\">\u2013 Ollaan eletty t\u00e4m\u00e4 hetki ajatuksissamme miljoona kertaa uudestaan ja joka kerta tuntuu, ett\u00e4 syd\u00e4n pakahtuu onnesta. Valtava tuomiokirkko ja vain me kaksi, pappi, kanttori ja kuvaaja. P\u00e4iv\u00e4 ja muistot, jotka ei unohdu meilt\u00e4 ikin\u00e4, h\u00e4n kirjoitti Instagramiin syd\u00e4nemojilla ryyditettyn\u00e4.<\/p>\n<p class=\"article-body mb-nof-24 px-nof-16\">P\u00e4ivityksest\u00e4 selvi\u00e4\u00e4, ett\u00e4 h\u00e4\u00e4t vietettiin Turun tuomiokirkossa 22. joulukuuta.<\/p>\n<p class=\"article-body mb-nof-24 px-nof-16\">Pariskunta odottaa lasta.<\/p>\n<p class=\"article-body mb-nof-24 px-nof-16\">Hovinen, 37, edustaa nykyisin HIFK:ta. H\u00e4n oli osa Leijonien MM-kultajoukkuetta vuonna 2011.<\/p>\n","protected":false},"excerpt":{"rendered":"Maailmanmestari meni naimisiin. J\u00e4\u00e4kiekkomaalivahti Niko Hovinen ja h\u00e4nen Susanna-puolisonsa ovat menneet naimisiin. Tuore vaimo kertoi asiasta ihanan kuvan&hellip;\n","protected":false},"author":2,"featured_media":131673,"comment_status":"","ping_status":"","sticky":false,"template":"","format":"standard","meta":{"footnotes":""},"categories":[133],"tags":[137,33,31,30,34,32,206,156,109],"class_list":{"0":"post-131672","1":"post","2":"type-post","3":"status-publish","4":"format-standard","5":"has-post-thumbnail","7":"category-televisiot","8":"tag-entertainment","9":"tag-fi","10":"tag-finland","11":"tag-finnish","12":"tag-ilta-sanomat","13":"tag-suomi","14":"tag-televisiot","15":"tag-tv","16":"tag-viihde"},"share_on_mastodon":{"url":"https:\/\/pubeurope.com\/@fi\/115826334277259269","error":""},"_links":{"self":[{"href":"https:\/\/www.europesays.com\/fi\/wp-json\/wp\/v2\/posts\/131672","targetHints":{"allow":["GET"]}}],"collection":[{"href":"https:\/\/www.europesays.com\/fi\/wp-json\/wp\/v2\/posts"}],"about":[{"href":"https:\/\/www.europesays.com\/fi\/wp-json\/wp\/v2\/types\/post"}],"author":[{"embeddable":true,"href":"https:\/\/www.europesays.com\/fi\/wp-json\/wp\/v2\/users\/2"}],"replies":[{"embeddable":true,"href":"https:\/\/www.europesays.com\/fi\/wp-json\/wp\/v2\/comments?post=131672"}],"version-history":[{"count":0,"href":"https:\/\/www.europesays.com\/fi\/wp-json\/wp\/v2\/posts\/131672\/revisions"}],"wp:featuredmedia":[{"embeddable":true,"href":"https:\/\/www.europesays.com\/fi\/wp-json\/wp\/v2\/media\/131673"}],"wp:attachment":[{"href":"https:\/\/www.europesays.com\/fi\/wp-json\/wp\/v2\/media?parent=131672"}],"wp:term":[{"taxonomy":"category","embeddable":true,"href":"https:\/\/www.europesays.com\/fi\/wp-json\/wp\/v2\/categories?post=131672"},{"taxonomy":"post_tag","embeddable":true,"href":"https:\/\/www.europesays.com\/fi\/wp-json\/wp\/v2\/tags?post=131672"}],"curies":[{"name":"wp","href":"https:\/\/api.w.org\/{rel}","templated":true}]}}