{"id":131684,"date":"2026-01-02T16:07:07","date_gmt":"2026-01-02T16:07:07","guid":{"rendered":"https:\/\/www.europesays.com\/fi\/131684\/"},"modified":"2026-01-02T16:07:07","modified_gmt":"2026-01-02T16:07:07","slug":"trump-lupasi-yhdysvalloilta-apua-jos-iranin-mielenosoittajia-surmataan","status":"publish","type":"post","link":"https:\/\/www.europesays.com\/fi\/131684\/","title":{"rendered":"Trump lupasi Yhdysvalloilta apua, jos Iranin mielenosoittajia surmataan"},"content":{"rendered":"<p><strong class=\"typography-bold\">Iran suuttui Yhdysvaltain presidentin interventiopuheista ja varoitti vastatoimilla.<\/strong><\/p>\n<p>Yhdysvaltain presidentti <strong class=\"typography-bold\">Donald Trump<\/strong> kertoi perjantaina maansa tulevan apuun, jos Iranissa mielt\u00e4\u00e4n rauhanomaisesti osoittavia surmataan v\u00e4kivaltaisesti. Presidentti kertoi asiasta Truth Social -p\u00e4ivityksess\u00e4\u00e4n.<\/p>\n<p>Trumpin mukaan Yhdysvallat olisi jo &#8221;l\u00e4ht\u00f6valmiudessa&#8221;, mutta ei tarkentanut, mit\u00e4 t\u00e4m\u00e4 oikein tarkoittaa.\u00a0<\/p>\n<p>Vaikka Trumpin puheet olivat ep\u00e4m\u00e4\u00e4r\u00e4isi\u00e4, Iran kiirehti tuomitsemaan ne heti. Iran ryhtyy vastatoimiin, jos sen asioihin puututaan, sanoi maan korkeimman johtajan, ajatollah <strong class=\"typography-bold\">Ali Khamenein<\/strong> neuvonantaja <strong class=\"typography-bold\">Ali Shamkhani<\/strong> perjantaina viestipalvelu X:ss\u00e4.<\/p>\n<p>\u2013\u2009Iranilaiset tuntevat hyvin Yhdysvaltain &#8221;pelastusten&#8221; historian, Irakista Afganistaniin ja Gazaan. Irania kohti kurottava interventionistinen k\u00e4si katkaistaan katumusta aiheuttavalla vastatoimella. Iranin kansallinen turvallisuus on punainen viiva, Shamkhani kirjoitti.<\/p>\n<p>Iranin kansallisen turvallisuuden neuvoston johtaja <strong class=\"typography-bold\">Ali Larijani<\/strong> puolestaan varoitti, ett\u00e4 interventio Iranissa ep\u00e4vakauttaisi koko alueen.<\/p>\n<p><strong class=\"typography-bold\">Useita kuollut protesteissa<\/strong><\/p>\n<p>Perjantaihin menness\u00e4 ainakin kuuden ihmisen oli kerrottu kuolleen Iranissa jo p\u00e4ivi\u00e4 kest\u00e4neiss\u00e4 mielenosoituksissa. Ainakin yksi kuolonuhreista on turvallisuusjoukkojen j\u00e4sen.<\/p>\n<p>Protestit alkoivat p\u00e4\u00e4kaupungista Teheranista ja levisiv\u00e4t sielt\u00e4 my\u00f6s muualle maahan. Protestien taustalla on muun muassa elinkustannusten nousu.<\/p>\n<p>Mielenosoitukset ovat mittaluokaltaan olleet pienempi\u00e4 kuin vuonna 2022, jolloin Mahsa Aminin kuoleman seurauksena eri puolilla maata j\u00e4rjestettiin valtavia protesteja. Tuolloin satoja ihmisi\u00e4 kuoli, heid\u00e4n joukossaan kymmeni\u00e4 turvallisuusjoukkojen j\u00e4seni\u00e4.<\/p>\n<p>Amini kuoli Iranin siveyspoliisin otettua h\u00e4net kiinni v\u00e4\u00e4rin puetun p\u00e4\u00e4huivin vuoksi.<\/p>\n<p>Euroopan parlamentti my\u00f6nsi Aminille postuumisti Saharov-ihmisoikeuspalkinnon vuonna 2023. H\u00e4nen perheenj\u00e4senens\u00e4 eiv\u00e4t p\u00e4\u00e4sseet osallistumaan palkintojenjakotilaisuuteen, koska Iranin viranomaiset olivat takavarikoineet heid\u00e4n passinsa ja est\u00e4neet heit\u00e4 lent\u00e4m\u00e4st\u00e4 hakemaan palkintoa.<\/p>\n<p><strong class=\"typography-bold\">&#8221;Syyt\u00e4 tyytym\u00e4tt\u00f6myyteen&#8221;<\/strong><\/p>\n<p>Teokraattisesti hallittua Irania j\u00e4ristelee j\u00e4lleen uusi protestien aalto, jossa useiden ihmisten on kerrottu kuolleen. P\u00e4ivi\u00e4 jatkuneet mielenosoitukset alkoivat Teheranista ja ovat levinneet my\u00f6s muualle. Taustalla on muun muassa elinkustannusten nousu.<\/p>\n<p>Iranilaisilla on paljon syit\u00e4 tyytym\u00e4tt\u00f6myyteen, sill\u00e4 maan teokraattinen shiialainen hallinto el\u00e4\u00e4 henkisesti edelleen vallankumouksensa vuodessa 1979, arvioi Ulkopoliittisen instituutin (Upi) vieraileva johtava asiantuntija <strong class=\"typography-bold\">Olli Ruohom\u00e4ki<\/strong>.\u00a0<\/p>\n<p>Kynsin hampain vallastaan kiinni pit\u00e4v\u00e4 pappishallinto ei ole tutkijan mukaan kyennyt vastaamaan maailman muuttumiseen.\u00a0<\/p>\n<p>\u2013\u2009Kansa ja erityisesti nuori v\u00e4est\u00f6 on kouluttautunutta ja tiet\u00e4\u00e4 varsin hyvin, miten naapurustossa menee. Turhautumisen aste on aika korkea nuoren v\u00e4est\u00f6n keskuudessa, koska inflaatio laukkaa ja taloudella menee huonosti.<\/p>\n<p>Samaan aikaan Iranin l\u00e4hin vertaismaa, niin ik\u00e4\u00e4n autokraattisesti johdettu sunnimonarkia Saudi-Arabia, kukoistaa taloudellisesti ja uudistaa yhteiskuntaansa.<\/p>\n<p>\u2013\u2009Saudi-Arabiassa on &#8221;visio 2030&#8221; kansakunnan kehitt\u00e4misest\u00e4, ja siell\u00e4 on tapahtunut valtava muutos yhteiskunnallisessa kudelmassa. Iranissa taas on &#8221;visio 1979&#8221;, eli menneisyyden visio, joka liittyy iranilaisen vallankumouksen edist\u00e4miseen.<\/p>\n<p><strong class=\"typography-bold\">Ei liennytyksen merkkej\u00e4<\/strong><\/p>\n<p>Ruohom\u00e4ki ei l\u00e4hde ennustamaan sit\u00e4, miten hallinto vastaa tuoreimpaan protestiaaltoon. Sen intresseiss\u00e4 voi kuitenkin olla joidenkin my\u00f6nnytysten tekeminen.<\/p>\n<p>Eri kysymys on se, kuinka paljon Iranin p\u00e4\u00e4tt\u00e4j\u00e4t voivat tehd\u00e4 maan taloustilanteen parantamiseksi. Ulkomaisista pakotteista eroon p\u00e4\u00e4sy edellytt\u00e4isi uutta liennytyksen aikaa ulkovaltojen kanssa. Se vaatisi maan ydinohjelman uutta avaamista Kansainv\u00e4lisen atomienergiaj\u00e4rjest\u00f6n IAEA:n tarkkailijoille sek\u00e4 luopumista ydinasepyrkimyksist\u00e4.<\/p>\n<p>Toistaiseksi t\u00e4st\u00e4 ei ole merkkej\u00e4. Maan presidentti <strong class=\"typography-bold\">Masoud Pezeshkian<\/strong> sanoi vuoden lopulla Iranin olevan t\u00e4ydess\u00e4 sodassa Yhdysvaltojen, Israelin ja Euroopan kanssa.<\/p>\n<p>Yhdysvaltain presidentti Donald Trump ilmoitti perjantaina maan olevan valmis tulemaan avuksi, jos mielenosoittajia surmataan Iranissa.<\/p>\n<p>\u2013\u2009Tokko Trump mihink\u00e4\u00e4n regiiminvaihtoon l\u00e4htee. Se olisi vastoin sit\u00e4, mit\u00e4 h\u00e4n on kaikki n\u00e4m\u00e4 vuodet puhunut siit\u00e4, ettei Yhdysvallat halua sekaantua &#8221;ikuisuussotiin&#8221;, arvioi Ruohom\u00e4ki.<\/p>\n<p><strong class=\"typography-bold\">Korkein johtaja jo i\u00e4k\u00e4s<\/strong><\/p>\n<p>Iranilla on edess\u00e4\u00e4n vallan vaihtuminen siit\u00e4 riippumatta, mit\u00e4 hallinto p\u00e4\u00e4tt\u00e4\u00e4 tehd\u00e4. Maan korkein johtaja, ajatollah <strong class=\"typography-bold\">Ali Khamenei<\/strong> on 86-vuotias ja k\u00e4rsii terveysongelmista.<\/p>\n<p>\u2013\u2009I\u00e4k\u00e4s h\u00e4n alkaa olla, ja jossain vaiheessa vallan vaihtuminen on edess\u00e4. Mit\u00e4 siit\u00e4 sitten seuraa? Historiassa ne ovat usein olleet kansakunnan kehityksen taitekohtia, ja siit\u00e4 voi seurata joko regiimin jatkuminen tai vallan vaihtuminen johonkin aivan uuteen.<\/p>\n<p>Yhdysvaltalaisen ajatushautomo Stimson Centerin sivuilla marraskuussa julkaistussa kirjoituksessaan iranilaisanalyytikko kertoo, ett\u00e4 Iranin hallinnon p\u00e4\u00e4t\u00f6ksentekokyky on k\u00e4yt\u00e4nn\u00f6ss\u00e4 halvaantunut Khamenein terveysongelmien vuoksi.\u00a0<\/p>\n<p>Vuodesta 1989 l\u00e4htien Irania johtaneelle Khameneille tehtiin vuonna 2014 eturauhassy\u00f6v\u00e4n leikkaus, ja mediatietojen mukaan h\u00e4n on sittemmin k\u00e4rsinyt pahimmillaan kooman kaltaisista jaksoista. Lis\u00e4ksi h\u00e4n on ollut turvallisuussyist\u00e4 eristettyn\u00e4, koska Israel harkitsi h\u00e4nen salamurhaansa maiden v\u00e4lisen 12 p\u00e4iv\u00e4n sodan aikana.<\/p>\n","protected":false},"excerpt":{"rendered":"Iran suuttui Yhdysvaltain presidentin interventiopuheista ja varoitti vastatoimilla. Yhdysvaltain presidentti Donald Trump kertoi perjantaina maansa tulevan apuun, jos&hellip;\n","protected":false},"author":2,"featured_media":131685,"comment_status":"","ping_status":"","sticky":false,"template":"","format":"standard","meta":{"footnotes":""},"categories":[14],"tags":[22,23,26,27,33,31,30,17,24,25,28,29,15,18,21,32,19,20,56,16,59,60,61],"class_list":{"0":"post-131684","1":"post","2":"type-post","3":"status-publish","4":"format-standard","5":"has-post-thumbnail","7":"category-ulkomaat","8":"tag-breaking-news","9":"tag-breakingnews","10":"tag-featured-news","11":"tag-featurednews","12":"tag-fi","13":"tag-finland","14":"tag-finnish","15":"tag-headlines","16":"tag-latest-news","17":"tag-latestnews","18":"tag-main-news","19":"tag-mainnews","20":"tag-news","21":"tag-otsikot","22":"tag-paauutiset","23":"tag-suomi","24":"tag-top-stories","25":"tag-topstories","26":"tag-ulkomaat","27":"tag-uutiset","28":"tag-world","29":"tag-world-news","30":"tag-worldnews"},"share_on_mastodon":{"url":"https:\/\/pubeurope.com\/@fi\/115826369725281284","error":""},"_links":{"self":[{"href":"https:\/\/www.europesays.com\/fi\/wp-json\/wp\/v2\/posts\/131684","targetHints":{"allow":["GET"]}}],"collection":[{"href":"https:\/\/www.europesays.com\/fi\/wp-json\/wp\/v2\/posts"}],"about":[{"href":"https:\/\/www.europesays.com\/fi\/wp-json\/wp\/v2\/types\/post"}],"author":[{"embeddable":true,"href":"https:\/\/www.europesays.com\/fi\/wp-json\/wp\/v2\/users\/2"}],"replies":[{"embeddable":true,"href":"https:\/\/www.europesays.com\/fi\/wp-json\/wp\/v2\/comments?post=131684"}],"version-history":[{"count":0,"href":"https:\/\/www.europesays.com\/fi\/wp-json\/wp\/v2\/posts\/131684\/revisions"}],"wp:featuredmedia":[{"embeddable":true,"href":"https:\/\/www.europesays.com\/fi\/wp-json\/wp\/v2\/media\/131685"}],"wp:attachment":[{"href":"https:\/\/www.europesays.com\/fi\/wp-json\/wp\/v2\/media?parent=131684"}],"wp:term":[{"taxonomy":"category","embeddable":true,"href":"https:\/\/www.europesays.com\/fi\/wp-json\/wp\/v2\/categories?post=131684"},{"taxonomy":"post_tag","embeddable":true,"href":"https:\/\/www.europesays.com\/fi\/wp-json\/wp\/v2\/tags?post=131684"}],"curies":[{"name":"wp","href":"https:\/\/api.w.org\/{rel}","templated":true}]}}