{"id":131686,"date":"2026-01-02T16:08:07","date_gmt":"2026-01-02T16:08:07","guid":{"rendered":"https:\/\/www.europesays.com\/fi\/131686\/"},"modified":"2026-01-02T16:08:07","modified_gmt":"2026-01-02T16:08:07","slug":"sm-hiihdot-vaikuttavat-puijon-latujen-kayttoon-ensi-viikolla-savo","status":"publish","type":"post","link":"https:\/\/www.europesays.com\/fi\/131686\/","title":{"rendered":"SM-hiihdot vaikuttavat Puijon latujen k\u00e4ytt\u00f6\u00f6n ensi viikolla | Savo"},"content":{"rendered":"<p>Kuopion Puijolla hiihdet\u00e4\u00e4n maastohiihdon SM-kisat 9.\u201311. tammikuuta. Kilpailuissa k\u00e4ytett\u00e4vill\u00e4 laduilla ja hiihtostadionilla tehd\u00e4\u00e4n kunnostus- ja rakennust\u00f6it\u00e4 koko kisaviikon ajan. Kuopion kaupunki kehottaa tiedotteessaan ulkoilijoita huomioimaan asian ensilumenladulla hiihdett\u00e4ess\u00e4.<\/p>\n<p><strong class=\"diks-storyline__impact\">Kilpailussa k\u00e4ytett\u00e4v\u00e4t<\/strong> ladut ovat suljettuna torstaista sunnuntaihin 8.\u201311. tammikuuta. Kaupunki kertoo, ett\u00e4 korvaavista laduista tiedotetaan ensi viikon alussa, kun kilpailuissa k\u00e4ytett\u00e4v\u00e4t ladut ovat selvill\u00e4.<\/p>\n<p>Puijon hiihtostadionin ja hiihtolatujen valot palavat vuorokauden ymp\u00e4ri keskiviikosta sunnuntaihin ensi viikolla.<\/p>\n","protected":false},"excerpt":{"rendered":"Kuopion Puijolla hiihdet\u00e4\u00e4n maastohiihdon SM-kisat 9.\u201311. tammikuuta. Kilpailuissa k\u00e4ytett\u00e4vill\u00e4 laduilla ja hiihtostadionilla tehd\u00e4\u00e4n kunnostus- ja rakennust\u00f6it\u00e4 koko kisaviikon&hellip;\n","protected":false},"author":2,"featured_media":131687,"comment_status":"","ping_status":"","sticky":false,"template":"","format":"standard","meta":{"footnotes":""},"categories":[12],"tags":[22,23,26,27,33,31,30,17,2096,1132,4162,24,25,41,3318,28,29,15,18,21,2668,32,1145,19,20,16],"class_list":{"0":"post-131686","1":"post","2":"type-post","3":"status-publish","4":"format-standard","5":"has-post-thumbnail","7":"category-suomi","8":"tag-breaking-news","9":"tag-breakingnews","10":"tag-featured-news","11":"tag-featurednews","12":"tag-fi","13":"tag-finland","14":"tag-finnish","15":"tag-headlines","16":"tag-hiihtolajit","17":"tag-kuopio","18":"tag-kuopion-kaupunki","19":"tag-latest-news","20":"tag-latestnews","21":"tag-liikunta-ja-urheilu","22":"tag-maastohiihto","23":"tag-main-news","24":"tag-mainnews","25":"tag-news","26":"tag-otsikot","27":"tag-paauutiset","28":"tag-pohjoismaiset-hiihtolajit","29":"tag-suomi","30":"tag-talviurheilu","31":"tag-top-stories","32":"tag-topstories","33":"tag-uutiset"},"share_on_mastodon":{"url":"https:\/\/pubeurope.com\/@fi\/115826373938901805","error":""},"_links":{"self":[{"href":"https:\/\/www.europesays.com\/fi\/wp-json\/wp\/v2\/posts\/131686","targetHints":{"allow":["GET"]}}],"collection":[{"href":"https:\/\/www.europesays.com\/fi\/wp-json\/wp\/v2\/posts"}],"about":[{"href":"https:\/\/www.europesays.com\/fi\/wp-json\/wp\/v2\/types\/post"}],"author":[{"embeddable":true,"href":"https:\/\/www.europesays.com\/fi\/wp-json\/wp\/v2\/users\/2"}],"replies":[{"embeddable":true,"href":"https:\/\/www.europesays.com\/fi\/wp-json\/wp\/v2\/comments?post=131686"}],"version-history":[{"count":0,"href":"https:\/\/www.europesays.com\/fi\/wp-json\/wp\/v2\/posts\/131686\/revisions"}],"wp:featuredmedia":[{"embeddable":true,"href":"https:\/\/www.europesays.com\/fi\/wp-json\/wp\/v2\/media\/131687"}],"wp:attachment":[{"href":"https:\/\/www.europesays.com\/fi\/wp-json\/wp\/v2\/media?parent=131686"}],"wp:term":[{"taxonomy":"category","embeddable":true,"href":"https:\/\/www.europesays.com\/fi\/wp-json\/wp\/v2\/categories?post=131686"},{"taxonomy":"post_tag","embeddable":true,"href":"https:\/\/www.europesays.com\/fi\/wp-json\/wp\/v2\/tags?post=131686"}],"curies":[{"name":"wp","href":"https:\/\/api.w.org\/{rel}","templated":true}]}}