{"id":131688,"date":"2026-01-02T16:09:07","date_gmt":"2026-01-02T16:09:07","guid":{"rendered":"https:\/\/www.europesays.com\/fi\/131688\/"},"modified":"2026-01-02T16:09:07","modified_gmt":"2026-01-02T16:09:07","slug":"tesla-menetti-tittelinsa-maailman-suurimpana-sahkoautovalmistajana-uutisia-lyhyesti","status":"publish","type":"post","link":"https:\/\/www.europesays.com\/fi\/131688\/","title":{"rendered":"Tesla menetti tittelins\u00e4 maailman suurimpana s\u00e4hk\u00f6autovalmistajana | Uutisia lyhyesti"},"content":{"rendered":"<p class=\"aw-1gybjub aw-5vja16 kEtdKx kmuxyA yle__article__paragraph\">Amerikkalaista Teslan haastaa nyt kiinalainen BYD.<\/p>\n<p class=\"aw-1gybjub aw-1p7kakr kEtdKx cEmitX yle__article__paragraph\">S\u00e4hk\u00f6autoyhti\u00f6 Tesla menetti perjantaina asemansa maailman myydyimp\u00e4n\u00e4 s\u00e4hk\u00f6autovalmistajana.<\/p>\n<p class=\"aw-1gybjub aw-1p7kakr kEtdKx cEmitX yle__article__paragraph\"><a class=\"aw-iao6s4 iHOxEa yle__article__link\" href=\"https:\/\/edition.cnn.com\/2026\/01\/02\/business\/tesla-byd-ev\" role=\"link\" rel=\"nofollow noopener\" target=\"_blank\">CNN:n<\/a> mukaan Tesla toimitti vuonna 2025 yhteens\u00e4 1,64 miljoonaa autoa. Se on yhdeks\u00e4n prosenttia v\u00e4hemm\u00e4n kuin vuotta aiemmin.<\/p>\n<p class=\"aw-1gybjub aw-1p7kakr kEtdKx cEmitX yle__article__paragraph\">Amerikkalaista Teslan haastaa nyt kiinalainen BYD, joka <a class=\"aw-iao6s4 iHOxEa yle__article__link\" href=\"https:\/\/www.bydglobal.com\/sitesresources\/common\/tools\/generic\/web\/viewer.html?file=%2Fsites%2FSatellite%2FBYD%20PDF%20Viewer%3Fblobcol%3Durldata%26blobheader%3Dapplication%252Fpdf%26blobkey%3Did%26blobtable%3DMungoBlobs%26blobwhere%3D1638928517653%26ssbinary%3Dtrue\" role=\"link\" rel=\"nofollow noopener\" target=\"_blank\">myi viime<\/a> vuonna 2,26 miljoonaa autoa. BYD on t\u00e4ll\u00e4 hetkell\u00e4 maailman suurin s\u00e4hk\u00f6autovalmistaja.<\/p>\n<p class=\"aw-1gybjub aw-1p7kakr kEtdKx cEmitX yle__article__paragraph\">Vuoden 2025 viimeisell\u00e4 vuosinelj\u00e4nneksell\u00e4 asiantuntijat arvioivat Teslan myyv\u00e4n 440\u00a0000 autoa, mutta toteutunut myynti oli 418\u00a0227 autoa. Analyytikoiden presidentti mukaan <strong class=\"aw-ak79eh KyCXm yle__article__strong\">Donald Trumpin<\/strong> hallinnon yli 7\u00ad\u00a0000 dollarin verohyvityksen p\u00e4\u00e4ttyminen saattoi vaikuttaa Teslan myyntiin.<\/p>\n<p class=\"aw-1gybjub aw-1p7kakr kEtdKx cEmitX yle__article__paragraph\">Asiantuntijoiden mukaan my\u00f6s asiakkaiden vastarinta miljard\u00f6\u00f6ri <strong class=\"aw-ak79eh KyCXm yle__article__strong\">Elon Muskin<\/strong> poliittisia kantoja kohtaan ja kova ulkomainen kilpailu laskivat myynti\u00e4.<\/p>\n<p class=\"aw-1gybjub aw-1p7kakr kEtdKx cEmitX yle__article__paragraph\">Vaikeuksista huolimatta Teslan osake on pysynyt vahvana. Perjantaina Teslan osakkeen arvo nousi p\u00f6rssiss\u00e4 l\u00e4hes kaksi prosenttia.<\/p>\n<p class=\"aw-1gybjub aw-1p7kakr kEtdKx cEmitX yle__article__paragraph\">L\u00e4hde: Reuters<\/p>\n","protected":false},"excerpt":{"rendered":"Amerikkalaista Teslan haastaa nyt kiinalainen BYD. S\u00e4hk\u00f6autoyhti\u00f6 Tesla menetti perjantaina asemansa maailman myydyimp\u00e4n\u00e4 s\u00e4hk\u00f6autovalmistajana. CNN:n mukaan Tesla toimitti&hellip;\n","protected":false},"author":2,"featured_media":74,"comment_status":"","ping_status":"","sticky":false,"template":"","format":"standard","meta":{"footnotes":""},"categories":[5],"tags":[648,7540,22,23,585,1797,26,27,33,31,30,17,24,25,28,29,15,18,21,2037,32,78,6854,19,20,16],"class_list":{"0":"post-131688","1":"post","2":"type-post","3":"status-publish","4":"format-standard","5":"has-post-thumbnail","7":"category-otsikot","8":"tag-autot","9":"tag-autoteollisuus","10":"tag-breaking-news","11":"tag-breakingnews","12":"tag-donald-trump","13":"tag-elon-musk","14":"tag-featured-news","15":"tag-featurednews","16":"tag-fi","17":"tag-finland","18":"tag-finnish","19":"tag-headlines","20":"tag-latest-news","21":"tag-latestnews","22":"tag-main-news","23":"tag-mainnews","24":"tag-news","25":"tag-otsikot","26":"tag-paauutiset","27":"tag-sahkoautot","28":"tag-suomi","29":"tag-talous","30":"tag-tesla-motors","31":"tag-top-stories","32":"tag-topstories","33":"tag-uutiset"},"share_on_mastodon":{"url":"https:\/\/pubeurope.com\/@fi\/115826377504039787","error":""},"_links":{"self":[{"href":"https:\/\/www.europesays.com\/fi\/wp-json\/wp\/v2\/posts\/131688","targetHints":{"allow":["GET"]}}],"collection":[{"href":"https:\/\/www.europesays.com\/fi\/wp-json\/wp\/v2\/posts"}],"about":[{"href":"https:\/\/www.europesays.com\/fi\/wp-json\/wp\/v2\/types\/post"}],"author":[{"embeddable":true,"href":"https:\/\/www.europesays.com\/fi\/wp-json\/wp\/v2\/users\/2"}],"replies":[{"embeddable":true,"href":"https:\/\/www.europesays.com\/fi\/wp-json\/wp\/v2\/comments?post=131688"}],"version-history":[{"count":0,"href":"https:\/\/www.europesays.com\/fi\/wp-json\/wp\/v2\/posts\/131688\/revisions"}],"wp:featuredmedia":[{"embeddable":true,"href":"https:\/\/www.europesays.com\/fi\/wp-json\/wp\/v2\/media\/74"}],"wp:attachment":[{"href":"https:\/\/www.europesays.com\/fi\/wp-json\/wp\/v2\/media?parent=131688"}],"wp:term":[{"taxonomy":"category","embeddable":true,"href":"https:\/\/www.europesays.com\/fi\/wp-json\/wp\/v2\/categories?post=131688"},{"taxonomy":"post_tag","embeddable":true,"href":"https:\/\/www.europesays.com\/fi\/wp-json\/wp\/v2\/tags?post=131688"}],"curies":[{"name":"wp","href":"https:\/\/api.w.org\/{rel}","templated":true}]}}