{"id":131693,"date":"2026-01-02T16:24:07","date_gmt":"2026-01-02T16:24:07","guid":{"rendered":"https:\/\/www.europesays.com\/fi\/131693\/"},"modified":"2026-01-02T16:24:07","modified_gmt":"2026-01-02T16:24:07","slug":"alissa-nikkinen-palaa-salatut-elamat-sarjaan-katso-mita-tapahtuu","status":"publish","type":"post","link":"https:\/\/www.europesays.com\/fi\/131693\/","title":{"rendered":"Alissa Nikkinen palaa Salatut el\u00e4m\u00e4t -sarjaan \u2013 Katso mit\u00e4 tapahtuu!"},"content":{"rendered":"<p class=\"article-content article-content-width !bg-background\">N\u00e4yttelij\u00e4 <a alt=\"Haku\" class=\"text-primary-red font-extrabold\" href=\"https:\/\/www.seiska.fi\/haku?q=Johanna Puhakan\" rel=\"nofollow noopener\" target=\"_blank\">Johanna Puhakan<\/a> esitt\u00e4m\u00e4 Alissa Nikkinen palaa Salatut el\u00e4m\u00e4t -sarjaan seuraavan viikon jaksoissa. <a alt=\"Haku\" class=\"text-primary-red font-extrabold\" href=\"https:\/\/www.seiska.fi\/haku?q=Varo juonipaljastuksia.\" rel=\"nofollow noopener\" target=\"_blank\">Varo juonipaljastuksia.<\/a><\/p>\n<p class=\"article-content article-content-width !bg-background\">Alissa palaa asuntoonsa, josta h\u00e4n yll\u00e4tt\u00e4\u00e4 Kristianin ja Joannan petipuuhista. Eva asui ennen l\u00e4ht\u00f6\u00e4\u00e4n Alissan omistamassa asunnossa.<\/p>\n<p class=\"article-content article-content-width !bg-background\">Alissa kertoo muuttavansa takaisin vanhaan kotiinsa, mutta ei kerro paluunsa syyt\u00e4. H\u00e4n suuntaa Aki-is\u00e4ns\u00e4 luokse, mutta k\u00e4\u00e4ntyy ovella. H\u00e4n ahdistuu salaisuuksien vuoksi. Aki tuntee oudon tuntemuksen. Alissa murehtii el\u00e4m\u00e4ntilannettaan yksin asunnossaan.<\/p>\n<p>Aki ja Alissa kohtaavat<\/p>\n<p class=\"article-content article-content-width !bg-background\">Seuraavana p\u00e4iv\u00e4n\u00e4 Aki ja Alissa kohtaavat rapussa.<\/p>\n<p class=\"article-content article-content-width !bg-background\">Henrik paljastaa Sampolle, ett\u00e4 h\u00e4nell\u00e4 ja Akilla on salainen bisnessuunnitelma. H\u00e4n ei kuitenkaan kerro yksityiskohtia, h\u00e4n ja Aki nimitt\u00e4in aikovat saada Moosen Mariannalta. Henrik haluaa toteuttaa suunnitelman Akin kanssa kahdestaan.<\/p>\n<p class=\"article-content article-content-width !bg-background\">Aki kertoo Alissalle, ett\u00e4 menetti rahansa ep\u00e4onnistuneissa huumekaupoissa. Alissa arvaa, ettei kunnianhimoinen Aki aio tyyty\u00e4 baarimikon ty\u00f6h\u00f6n. Aki pyyt\u00e4\u00e4 Alissaa mukaan Moose-juonitteluun. Henrikist\u00e4 tulee mustasukkainen.<\/p>\n<p>                <img decoding=\"async\" src=\"https:\/\/www.europesays.com\/fi\/wp-content\/uploads\/2026\/01\/2030344.webp.jpeg\" width=\"576\" height=\"600\" alt=\"Sami Uotila n\u00e4yttelee sarjassa Aki Nikkist\u00e4 ja Johanna Puhakka Alissa Nikkist\u00e4.\" loading=\"lazy\" \/>            <\/p>\n<p>\n            Sami Uotila n\u00e4yttelee sarjassa Aki Nikkist\u00e4 ja Johanna Puhakka Alissa Nikkist\u00e4.<br \/>\n            MTV Oy \/ Kimmo Jaatinen\n        <\/p>\n<p class=\"italic m-italic article-content article-content-width !bg-background\">Salatut el\u00e4m\u00e4t maanataista torstaihin MTV3:lla ja MTV Katsomossa 5. tammikuuta alkaen.<\/p>\n","protected":false},"excerpt":{"rendered":"N\u00e4yttelij\u00e4 Johanna Puhakan esitt\u00e4m\u00e4 Alissa Nikkinen palaa Salatut el\u00e4m\u00e4t -sarjaan seuraavan viikon jaksoissa. Varo juonipaljastuksia. Alissa palaa asuntoonsa,&hellip;\n","protected":false},"author":2,"featured_media":131694,"comment_status":"","ping_status":"","sticky":false,"template":"","format":"standard","meta":{"footnotes":""},"categories":[133],"tags":[10326,23280,23279,137,33,31,30,20868,13720,905,209,7145,4463,1812,32,206,1318,156,109],"class_list":{"0":"post-131693","1":"post","2":"type-post","3":"status-publish","4":"format-standard","5":"has-post-thumbnail","7":"category-televisiot","8":"tag-aki","9":"tag-aki-nikkinen","10":"tag-alissa-nikkinen","11":"tag-entertainment","12":"tag-fi","13":"tag-finland","14":"tag-finnish","15":"tag-henrik","16":"tag-johanna-puhakka","17":"tag-mtv3","18":"tag-salatut-elamat","19":"tag-salatut-elamat-juonipaljastukset","20":"tag-salkkarit","21":"tag-sami-uotila","22":"tag-suomi","23":"tag-televisiot","24":"tag-tv-ohjelma","25":"tag-tv","26":"tag-viihde"},"share_on_mastodon":{"url":"https:\/\/pubeurope.com\/@fi\/115826436540200683","error":""},"_links":{"self":[{"href":"https:\/\/www.europesays.com\/fi\/wp-json\/wp\/v2\/posts\/131693","targetHints":{"allow":["GET"]}}],"collection":[{"href":"https:\/\/www.europesays.com\/fi\/wp-json\/wp\/v2\/posts"}],"about":[{"href":"https:\/\/www.europesays.com\/fi\/wp-json\/wp\/v2\/types\/post"}],"author":[{"embeddable":true,"href":"https:\/\/www.europesays.com\/fi\/wp-json\/wp\/v2\/users\/2"}],"replies":[{"embeddable":true,"href":"https:\/\/www.europesays.com\/fi\/wp-json\/wp\/v2\/comments?post=131693"}],"version-history":[{"count":0,"href":"https:\/\/www.europesays.com\/fi\/wp-json\/wp\/v2\/posts\/131693\/revisions"}],"wp:featuredmedia":[{"embeddable":true,"href":"https:\/\/www.europesays.com\/fi\/wp-json\/wp\/v2\/media\/131694"}],"wp:attachment":[{"href":"https:\/\/www.europesays.com\/fi\/wp-json\/wp\/v2\/media?parent=131693"}],"wp:term":[{"taxonomy":"category","embeddable":true,"href":"https:\/\/www.europesays.com\/fi\/wp-json\/wp\/v2\/categories?post=131693"},{"taxonomy":"post_tag","embeddable":true,"href":"https:\/\/www.europesays.com\/fi\/wp-json\/wp\/v2\/tags?post=131693"}],"curies":[{"name":"wp","href":"https:\/\/api.w.org\/{rel}","templated":true}]}}