{"id":131700,"date":"2026-01-02T16:33:07","date_gmt":"2026-01-02T16:33:07","guid":{"rendered":"https:\/\/www.europesays.com\/fi\/131700\/"},"modified":"2026-01-02T16:33:07","modified_gmt":"2026-01-02T16:33:07","slug":"venajan-iskussa-harkovaan-haavoittui-vauva-ukraina-sanoo-uutissuomalainen","status":"publish","type":"post","link":"https:\/\/www.europesays.com\/fi\/131700\/","title":{"rendered":"Ven\u00e4j\u00e4n iskussa Harkovaan haavoittui vauva, Ukraina sanoo | Uutissuomalainen"},"content":{"rendered":"<p>Ukraina sanoo Ven\u00e4j\u00e4n iskeneen asuinrakennuksiin Harkovassa. Ukrainalaisten viranomaisten mukaan iskussa on haavoittunut ainakin 19 ihmist\u00e4.<\/p>\n<p>Paikallisen viranomaisen mukaan haavoittuneiden joukossa on muun muassa 6 kuukautta vanha vauva.<\/p>\n<p>Ven\u00e4j\u00e4 sanoi aiemmin, ett\u00e4 Ukrainan isku surmasi 27 siviili\u00e4 Ven\u00e4j\u00e4n hallussa olevalla alueella Ukrainan etel\u00e4osassa. Ukrainan mukaan maa iskee ainoastaan sotilaallisiin kohteisiin ja Ukrainan joukot noudattavat kansainv\u00e4list\u00e4 humanitaarista oikeutta.<\/p>\n","protected":false},"excerpt":{"rendered":"Ukraina sanoo Ven\u00e4j\u00e4n iskeneen asuinrakennuksiin Harkovassa. Ukrainalaisten viranomaisten mukaan iskussa on haavoittunut ainakin 19 ihmist\u00e4. Paikallisen viranomaisen mukaan&hellip;\n","protected":false},"author":2,"featured_media":131701,"comment_status":"","ping_status":"","sticky":false,"template":"","format":"standard","meta":{"footnotes":""},"categories":[14],"tags":[22,23,26,27,33,31,30,17,24,25,803,28,29,15,18,21,637,103,32,19,20,21377,56,16,59,60,61,796],"class_list":{"0":"post-131700","1":"post","2":"type-post","3":"status-publish","4":"format-standard","5":"has-post-thumbnail","7":"category-ulkomaat","8":"tag-breaking-news","9":"tag-breakingnews","10":"tag-featured-news","11":"tag-featurednews","12":"tag-fi","13":"tag-finland","14":"tag-finnish","15":"tag-headlines","16":"tag-latest-news","17":"tag-latestnews","18":"tag-levottomuudet-ja-sodat","19":"tag-main-news","20":"tag-mainnews","21":"tag-news","22":"tag-otsikot","23":"tag-paauutiset","24":"tag-politiikka","25":"tag-sosiaalikysymykset","26":"tag-suomi","27":"tag-top-stories","28":"tag-topstories","29":"tag-ukrainan-kriisi","30":"tag-ulkomaat","31":"tag-uutiset","32":"tag-world","33":"tag-world-news","34":"tag-worldnews","35":"tag-yhteiskunta"},"share_on_mastodon":{"url":"https:\/\/pubeurope.com\/@fi\/115826471990671008","error":""},"_links":{"self":[{"href":"https:\/\/www.europesays.com\/fi\/wp-json\/wp\/v2\/posts\/131700","targetHints":{"allow":["GET"]}}],"collection":[{"href":"https:\/\/www.europesays.com\/fi\/wp-json\/wp\/v2\/posts"}],"about":[{"href":"https:\/\/www.europesays.com\/fi\/wp-json\/wp\/v2\/types\/post"}],"author":[{"embeddable":true,"href":"https:\/\/www.europesays.com\/fi\/wp-json\/wp\/v2\/users\/2"}],"replies":[{"embeddable":true,"href":"https:\/\/www.europesays.com\/fi\/wp-json\/wp\/v2\/comments?post=131700"}],"version-history":[{"count":0,"href":"https:\/\/www.europesays.com\/fi\/wp-json\/wp\/v2\/posts\/131700\/revisions"}],"wp:featuredmedia":[{"embeddable":true,"href":"https:\/\/www.europesays.com\/fi\/wp-json\/wp\/v2\/media\/131701"}],"wp:attachment":[{"href":"https:\/\/www.europesays.com\/fi\/wp-json\/wp\/v2\/media?parent=131700"}],"wp:term":[{"taxonomy":"category","embeddable":true,"href":"https:\/\/www.europesays.com\/fi\/wp-json\/wp\/v2\/categories?post=131700"},{"taxonomy":"post_tag","embeddable":true,"href":"https:\/\/www.europesays.com\/fi\/wp-json\/wp\/v2\/tags?post=131700"}],"curies":[{"name":"wp","href":"https:\/\/api.w.org\/{rel}","templated":true}]}}