{"id":131710,"date":"2026-01-02T16:53:08","date_gmt":"2026-01-02T16:53:08","guid":{"rendered":"https:\/\/www.europesays.com\/fi\/131710\/"},"modified":"2026-01-02T16:53:08","modified_gmt":"2026-01-02T16:53:08","slug":"influenssa-ja-korona-jyllaavat-lapissa-talla-hetkella-tilanne-on-jopa-rauhallisempi-kuin-joulun-aikoihin","status":"publish","type":"post","link":"https:\/\/www.europesays.com\/fi\/131710\/","title":{"rendered":"Influenssa ja korona jyll\u00e4\u00e4v\u00e4t Lapissa \u2013 &#8221;T\u00e4ll\u00e4 hetkell\u00e4 tilanne on jopa rauhallisempi kuin joulun aikoihin&#8221;"},"content":{"rendered":"<p>\n      Influenssa- ja koronaepidemiat ovat nyt huipussaan. Lapin alueella influenssaepidemia l\u00e4hti liikkeelle normaalia aiemmin marraskuun loppupuolella, ja huippu on siten joulun aikaan ja tammikuun alussa.\n    <\/p>\n<p>\n      L\u00e4nsi-Pohjan ja Lapin keskussairaaloissa on molemmissa yksitt\u00e4isi\u00e4 A-influenssa- ja koronapotilaita.\n    <\/p>\n<p class=\"article__paragraph\">\n      \u2013\u202fSairaalapotilaat ovat i\u00e4kk\u00e4\u00e4mpi\u00e4 ja heill\u00e4 on perussairauksia, joiden takia henkil\u00f6 voi saada hankalamman tautimuodon. Potilaita ei ole kuitenkaan mitenk\u00e4\u00e4n valtoimenaan. T\u00e4ll\u00e4 hetkell\u00e4 tilanne on jopa rauhallisempi kuin joulun aikoihin, Lapin hyvinvointialueen infektiol\u00e4\u00e4k\u00e4ri Markku Broas kertoo.\n    <\/p>\n<p class=\"article__paragraph\">\n      T\u00e4ll\u00e4 influenssakaudella virus muuntui, eik\u00e4 influenssarokote t\u00e4ysin vastannut virusta. Rokote kuitenkin yleens\u00e4 suojaa hankalammalta tautimuodolta.\n    <\/p>\n<p class=\"article__paragraph\">\n      Terveyden ja hyvinvoinnin laitoksen THL:n tilastojen mukaan influenssa-aktiivisuus on ollut korkea Lapin alueella jo noin nelj\u00e4n viikon ajan.\n    <\/p>\n","protected":false},"excerpt":{"rendered":"Influenssa- ja koronaepidemiat ovat nyt huipussaan. Lapin alueella influenssaepidemia l\u00e4hti liikkeelle normaalia aiemmin marraskuun loppupuolella, ja huippu on&hellip;\n","protected":false},"author":2,"featured_media":131711,"comment_status":"","ping_status":"","sticky":false,"template":"","format":"standard","meta":{"footnotes":""},"categories":[165],"tags":[33,31,30,166,32,167],"class_list":{"0":"post-131710","1":"post","2":"type-post","3":"status-publish","4":"format-standard","5":"has-post-thumbnail","7":"category-terveys","8":"tag-fi","9":"tag-finland","10":"tag-finnish","11":"tag-health","12":"tag-suomi","13":"tag-terveys"},"share_on_mastodon":{"url":"https:\/\/pubeurope.com\/@fi\/115826550726831535","error":""},"_links":{"self":[{"href":"https:\/\/www.europesays.com\/fi\/wp-json\/wp\/v2\/posts\/131710","targetHints":{"allow":["GET"]}}],"collection":[{"href":"https:\/\/www.europesays.com\/fi\/wp-json\/wp\/v2\/posts"}],"about":[{"href":"https:\/\/www.europesays.com\/fi\/wp-json\/wp\/v2\/types\/post"}],"author":[{"embeddable":true,"href":"https:\/\/www.europesays.com\/fi\/wp-json\/wp\/v2\/users\/2"}],"replies":[{"embeddable":true,"href":"https:\/\/www.europesays.com\/fi\/wp-json\/wp\/v2\/comments?post=131710"}],"version-history":[{"count":0,"href":"https:\/\/www.europesays.com\/fi\/wp-json\/wp\/v2\/posts\/131710\/revisions"}],"wp:featuredmedia":[{"embeddable":true,"href":"https:\/\/www.europesays.com\/fi\/wp-json\/wp\/v2\/media\/131711"}],"wp:attachment":[{"href":"https:\/\/www.europesays.com\/fi\/wp-json\/wp\/v2\/media?parent=131710"}],"wp:term":[{"taxonomy":"category","embeddable":true,"href":"https:\/\/www.europesays.com\/fi\/wp-json\/wp\/v2\/categories?post=131710"},{"taxonomy":"post_tag","embeddable":true,"href":"https:\/\/www.europesays.com\/fi\/wp-json\/wp\/v2\/tags?post=131710"}],"curies":[{"name":"wp","href":"https:\/\/api.w.org\/{rel}","templated":true}]}}