{"id":131712,"date":"2026-01-02T16:54:06","date_gmt":"2026-01-02T16:54:06","guid":{"rendered":"https:\/\/www.europesays.com\/fi\/131712\/"},"modified":"2026-01-02T16:54:06","modified_gmt":"2026-01-02T16:54:06","slug":"ruotsi-jatti-nhl-tahden-ulos-olympiajoukkueesta","status":"publish","type":"post","link":"https:\/\/www.europesays.com\/fi\/131712\/","title":{"rendered":"Ruotsi j\u00e4tti NHL-t\u00e4hden ulos olympiajoukkueesta"},"content":{"rendered":"<p>Tre Kronorilla on varaa valita.<\/p>\n<p class=\"article-body mb-nof-24 px-nof-16\">Kansainv\u00e4lisess\u00e4 j\u00e4\u00e4kiekossa vietet\u00e4\u00e4n perjantaina juhlap\u00e4iv\u00e4\u00e4, kun useat eri huippumaat julkistavat kokoonpanonsa Milanon talviolympialaisiin.<\/p>\n<p class=\"article-body mb-nof-24 px-nof-16\">Ruotsin p\u00e4\u00e4valmentaja <a class=\"font-bold underline-offset-[0.12em] [text-decoration:var(--person-link-text-decoration)] ![text-decoration-color:var(--person-link-text-decoration-color)]\" href=\"https:\/\/www.is.fi\/haku\/?query=Sam%20Hallam\" rel=\"nofollow noopener\" target=\"_blank\">Sam Hallam<\/a> on paljastanut, ketk\u00e4 edustavat Tre Kronoria reilun kuukauden kuluttua olympiakaukalossa.<\/p>\n<p class=\"article-body mb-nof-24 px-nof-16\">Ruotsin joukkueeseen mahtui odotetusti pelk\u00e4st\u00e4\u00e4n NHL-pelaajia. Laajasta pelaajamateriaalista nauttiva l\u00e4nsinaapuri joutui j\u00e4tt\u00e4m\u00e4\u00e4n my\u00f6s useita nimekk\u00e4it\u00e4 NHL-t\u00e4hti\u00e4 ulos joukkueesta.<\/p>\n<p class=\"article-body mb-nof-24 px-nof-16\">Muun muassa huippukautta Minnesota Wildiss\u00e4 pelaava <a class=\"font-bold underline-offset-[0.12em] [text-decoration:var(--person-link-text-decoration)] ![text-decoration-color:var(--person-link-text-decoration-color)]\" href=\"https:\/\/www.is.fi\/haku\/?query=Marcus%20Johansson\" rel=\"nofollow noopener\" target=\"_blank\">Marcus Johansson<\/a> j\u00e4i ulos Ruotsin joukkueesta. 35-vuotias Johansson on iskenyt t\u00e4ll\u00e4 kaudella 39 ottelussa 32 tehopistett\u00e4 ja h\u00e4n on koko NHL:n nelj\u00e4nneksi tehokkain ruotsalaispelaaja.<\/p>\n<p class=\"article-body mb-nof-24 px-nof-16\">Puolustajista nimekk\u00e4in ulos j\u00e4\u00e4nyt pelaaja on Edmonton Oilersin <a class=\"font-bold underline-offset-[0.12em] [text-decoration:var(--person-link-text-decoration)] ![text-decoration-color:var(--person-link-text-decoration-color)]\" href=\"https:\/\/www.is.fi\/haku\/?query=Mattias%20Ekholm\" rel=\"nofollow noopener\" target=\"_blank\">Mattias Ekholm<\/a>. Konkaripakki on lukeutunut vuosikausien ajan NHL-puolustajien k\u00e4rkikalustoon, mutta Ruotsin nimekk\u00e4\u00e4seen puolustajakahdeksikkoon Ekholm ei mahtunut.<\/p>\n<p class=\"article-body mb-nof-24 px-nof-16\">Ruotsin joukkuetta t\u00e4hditt\u00e4v\u00e4t muun muassa maalivahti <a class=\"font-bold underline-offset-[0.12em] [text-decoration:var(--person-link-text-decoration)] ![text-decoration-color:var(--person-link-text-decoration-color)]\" href=\"https:\/\/www.is.fi\/haku\/?query=Filip%20Gustavsson\" rel=\"nofollow noopener\" target=\"_blank\">Filip Gustavsson<\/a>, puolustajat <a class=\"font-bold underline-offset-[0.12em] [text-decoration:var(--person-link-text-decoration)] ![text-decoration-color:var(--person-link-text-decoration-color)]\" href=\"https:\/\/www.is.fi\/haku\/?query=Viktor%20Hedman\" rel=\"nofollow noopener\" target=\"_blank\">Viktor Hedman<\/a>, <a class=\"font-bold underline-offset-[0.12em] [text-decoration:var(--person-link-text-decoration)] ![text-decoration-color:var(--person-link-text-decoration-color)]\" href=\"https:\/\/www.is.fi\/haku\/?query=Erik%20Karlsson\" rel=\"nofollow noopener\" target=\"_blank\">Erik Karlsson<\/a> ja <a class=\"font-bold underline-offset-[0.12em] [text-decoration:var(--person-link-text-decoration)] ![text-decoration-color:var(--person-link-text-decoration-color)]\" href=\"https:\/\/www.is.fi\/haku\/?query=Rasmus%20Dahlin\" rel=\"nofollow noopener\" target=\"_blank\">Rasmus Dahlin<\/a> sek\u00e4 hy\u00f6kk\u00e4\u00e4j\u00e4t <a class=\"font-bold underline-offset-[0.12em] [text-decoration:var(--person-link-text-decoration)] ![text-decoration-color:var(--person-link-text-decoration-color)]\" href=\"https:\/\/www.is.fi\/haku\/?query=William%20Nylander\" rel=\"nofollow noopener\" target=\"_blank\">William Nylander<\/a>, <a class=\"font-bold underline-offset-[0.12em] [text-decoration:var(--person-link-text-decoration)] ![text-decoration-color:var(--person-link-text-decoration-color)]\" href=\"https:\/\/www.is.fi\/haku\/?query=Adrian%20Kempe\" rel=\"nofollow noopener\" target=\"_blank\">Adrian Kempe<\/a> sek\u00e4 <a class=\"font-bold underline-offset-[0.12em] [text-decoration:var(--person-link-text-decoration)] ![text-decoration-color:var(--person-link-text-decoration-color)]\" href=\"https:\/\/www.is.fi\/haku\/?query=Lucas%20Raymond\" rel=\"nofollow noopener\" target=\"_blank\">Lucas Raymond<\/a>.<\/p>\n<p class=\"article-body mb-nof-24 px-nof-16\">Ruotsi pelaa Milanossa samassa alkulohkossa Suomen kanssa. Lohkon t\u00e4ydent\u00e4v\u00e4t Slovakia ja is\u00e4nt\u00e4maa Italia.<\/p>\n","protected":false},"excerpt":{"rendered":"Tre Kronorilla on varaa valita. Kansainv\u00e4lisess\u00e4 j\u00e4\u00e4kiekossa vietet\u00e4\u00e4n perjantaina juhlap\u00e4iv\u00e4\u00e4, kun useat eri huippumaat julkistavat kokoonpanonsa Milanon talviolympialaisiin.&hellip;\n","protected":false},"author":2,"featured_media":131713,"comment_status":"","ping_status":"","sticky":false,"template":"","format":"standard","meta":{"footnotes":""},"categories":[158],"tags":[33,31,30,34,159,32,160],"class_list":{"0":"post-131712","1":"post","2":"type-post","3":"status-publish","4":"format-standard","5":"has-post-thumbnail","7":"category-urheilu","8":"tag-fi","9":"tag-finland","10":"tag-finnish","11":"tag-ilta-sanomat","12":"tag-sports","13":"tag-suomi","14":"tag-urheilu"},"share_on_mastodon":{"url":"https:\/\/pubeurope.com\/@fi\/115826554631589601","error":""},"_links":{"self":[{"href":"https:\/\/www.europesays.com\/fi\/wp-json\/wp\/v2\/posts\/131712","targetHints":{"allow":["GET"]}}],"collection":[{"href":"https:\/\/www.europesays.com\/fi\/wp-json\/wp\/v2\/posts"}],"about":[{"href":"https:\/\/www.europesays.com\/fi\/wp-json\/wp\/v2\/types\/post"}],"author":[{"embeddable":true,"href":"https:\/\/www.europesays.com\/fi\/wp-json\/wp\/v2\/users\/2"}],"replies":[{"embeddable":true,"href":"https:\/\/www.europesays.com\/fi\/wp-json\/wp\/v2\/comments?post=131712"}],"version-history":[{"count":0,"href":"https:\/\/www.europesays.com\/fi\/wp-json\/wp\/v2\/posts\/131712\/revisions"}],"wp:featuredmedia":[{"embeddable":true,"href":"https:\/\/www.europesays.com\/fi\/wp-json\/wp\/v2\/media\/131713"}],"wp:attachment":[{"href":"https:\/\/www.europesays.com\/fi\/wp-json\/wp\/v2\/media?parent=131712"}],"wp:term":[{"taxonomy":"category","embeddable":true,"href":"https:\/\/www.europesays.com\/fi\/wp-json\/wp\/v2\/categories?post=131712"},{"taxonomy":"post_tag","embeddable":true,"href":"https:\/\/www.europesays.com\/fi\/wp-json\/wp\/v2\/tags?post=131712"}],"curies":[{"name":"wp","href":"https:\/\/api.w.org\/{rel}","templated":true}]}}