{"id":131714,"date":"2026-01-02T16:55:09","date_gmt":"2026-01-02T16:55:09","guid":{"rendered":"https:\/\/www.europesays.com\/fi\/131714\/"},"modified":"2026-01-02T16:55:09","modified_gmt":"2026-01-02T16:55:09","slug":"muumimuseossa-maaginen-raja-rikkoutui-jo-lokakuussa","status":"publish","type":"post","link":"https:\/\/www.europesays.com\/fi\/131714\/","title":{"rendered":"Muumimuseossa maaginen raja rikkoutui jo lokakuussa"},"content":{"rendered":"<p>Tampereen kaupungin museoissa k\u00e4vi viime vuonna yli puoli miljoonaa vierasta.<\/p>\n<p class=\"article-body mb-nof-24 px-nof-16\">Aamulehti<\/p>\n<p class=\"article-body mb-nof-24 px-nof-16\">Tampereen kaupungin museoissa k\u00e4vi viime vuonna yli puoli miljoonaa k\u00e4vij\u00e4\u00e4. K\u00e4vij\u00e4m\u00e4\u00e4r\u00e4t kasvoivat nyt toista vuotta per\u00e4kk\u00e4in, ja ylittiv\u00e4t j\u00e4lleen 550\u202f000 vieraan rajan.<\/p>\n<p class=\"article-body mb-nof-24 px-nof-16\">Tampereen taidemuseoon kuuluva Muumimuseo teki j\u00e4lleen k\u00e4vij\u00e4enn\u00e4tyksen, sill\u00e4 Muumien 80-vuotisjuhlavuonna 2025 museossa vieraili kaikkiaan 118\u202f356 k\u00e4vij\u00e4\u00e4. Sadantuhannen k\u00e4vij\u00e4n raja rikkoutui jo lokakuussa. Alkuvuodesta Observatoriossa oli esill\u00e4 <a class=\"font-bold underline-offset-[0.12em] [text-decoration:var(--person-link-text-decoration)] ![text-decoration-color:var(--person-link-text-decoration-color)]\" href=\"https:\/\/www.aamulehti.fi\/haku\/?query=Tove%20Janssonin\" rel=\"nofollow noopener\" target=\"_blank\">Tove Janssonin<\/a> urasta ja el\u00e4m\u00e4st\u00e4 kertova Taiteilijael\u00e4m\u00e4\u00e4-n\u00e4yttely. Kes\u00e4kuussa avautunut Tervetuloa Muumitaloon! -n\u00e4yttely jatkuu ensi kes\u00e4\u00e4n asti.<\/p>\n<p>Surrealismi kiinnosti<\/p>\n<p class=\"article-body mb-nof-24 px-nof-16\">Tampereen taidemuseo pidensi n\u00e4yttelyidens\u00e4 kestoa, mutta n\u00e4yttelyt toivat silti museoon 81\u202f368 k\u00e4vij\u00e4\u00e4 vuonna 2025. Kev\u00e4\u00e4ll\u00e4 ja kes\u00e4ll\u00e4 n\u00e4hty Surrealismi \u2013 Jaettu uni avasi satavuotiasta taidesuuntausta esitellen my\u00f6s <a class=\"font-bold underline-offset-[0.12em] [text-decoration:var(--person-link-text-decoration)] ![text-decoration-color:var(--person-link-text-decoration-color)]\" href=\"https:\/\/www.aamulehti.fi\/haku\/?query=Marco%20Brambillan\" rel=\"nofollow noopener\" target=\"_blank\">Marco Brambillan<\/a> mediateoksen. Syksyll\u00e4 vuoden nuori taiteilija 2025 <a class=\"font-bold underline-offset-[0.12em] [text-decoration:var(--person-link-text-decoration)] ![text-decoration-color:var(--person-link-text-decoration-color)]\" href=\"https:\/\/www.aamulehti.fi\/haku\/?query=Man%20Yau\" rel=\"nofollow noopener\" target=\"_blank\">Man Yau<\/a> hurmasi museok\u00e4vij\u00e4t taidokkailla veistoksillaan ja installaatioillaan. Mediataiteilija <a class=\"font-bold underline-offset-[0.12em] [text-decoration:var(--person-link-text-decoration)] ![text-decoration-color:var(--person-link-text-decoration-color)]\" href=\"https:\/\/www.aamulehti.fi\/haku\/?query=Hanna%20Haaslahden\" rel=\"nofollow noopener\" target=\"_blank\">Hanna Haaslahden<\/a> teoksessa Kaltaiset museovieraat seurasivat virtuaalisen kaksoisolentonsa toimintaa.<\/p>\n<p class=\"article-body mb-nof-24 px-nof-16\">My\u00f6s Sara Hild\u00e9nin taidemuseossa p\u00e4\u00e4stiin remontin aiheuttamasta sulusta huolimatta hyv\u00e4\u00e4n tulokseen, ja vuoden 2025 kokonaisk\u00e4vij\u00e4m\u00e4\u00e4r\u00e4ksi tuli 50\u202f401. Kev\u00e4\u00e4n n\u00e4yttely esitteli <a class=\"font-bold underline-offset-[0.12em] [text-decoration:var(--person-link-text-decoration)] ![text-decoration-color:var(--person-link-text-decoration-color)]\" href=\"https:\/\/www.aamulehti.fi\/haku\/?query=Heikki%20Marilan\" rel=\"nofollow noopener\" target=\"_blank\">Heikki Marilan<\/a> tuotantoa viimeisen kolmenkymmenen vuoden ajalta. Kes\u00e4n kokoelman\u00e4yttely Alusta alkaen valotti suomalaisen taiteen kehityskulkuja 1900-luvun alkupuolelta t\u00e4h\u00e4n p\u00e4iv\u00e4\u00e4n Sara Hild\u00e9nin S\u00e4\u00e4ti\u00f6n kokoelmateosten kautta. Alkuvuodesta oli esill\u00e4 katsaus kansainv\u00e4lisesti tunnetun suomalaistaiteilijan <a class=\"font-bold underline-offset-[0.12em] [text-decoration:var(--person-link-text-decoration)] ![text-decoration-color:var(--person-link-text-decoration-color)]\" href=\"https:\/\/www.aamulehti.fi\/haku\/?query=Maaria%20Wirkkalan\" rel=\"nofollow noopener\" target=\"_blank\">Maaria Wirkkalan<\/a> yli 40-vuotiseen uraan.<\/p>\n<p>Laskua Vapriikissa<\/p>\n<p class=\"article-body mb-nof-24 px-nof-16\">Tampereen historiallisista museoista Museokeskus Vapriikissa oli pient\u00e4 laskua edellisvuoteen, ja vieraita oli yhteens\u00e4 245\u202f692 k\u00e4vij\u00e4\u00e4. Vapriikin vaihtuvia n\u00e4yttelyit\u00e4 olivat toukokuussa avautunut Supersankarit \u2013 Antiikista nykyaikaan ja kes\u00e4kuussa avautunut Muinais-DNA: Avain menneisyyteen. Manserock jatkoi yleis\u00f6n suosikkina.<\/p>\n<p class=\"article-body mb-nof-24 px-nof-16\">Museo Milavidassa vieraili 42\u202f530 k\u00e4vij\u00e4\u00e4, ja 50 vuotta t\u00e4ytt\u00e4neess\u00e4 Amurin museokorttelissa k\u00e4vi kes\u00e4ajan aukioloaikojen aikana 21\u202f170 vierailijaa.<\/p>\n","protected":false},"excerpt":{"rendered":"Tampereen kaupungin museoissa k\u00e4vi viime vuonna yli puoli miljoonaa vierasta. Aamulehti Tampereen kaupungin museoissa k\u00e4vi viime vuonna yli&hellip;\n","protected":false},"author":2,"featured_media":131715,"comment_status":"","ping_status":"","sticky":false,"template":"","format":"standard","meta":{"footnotes":""},"categories":[130],"tags":[157,137,33,31,30,32,109],"class_list":{"0":"post-131714","1":"post","2":"type-post","3":"status-publish","4":"format-standard","5":"has-post-thumbnail","7":"category-viihde","8":"tag-aamulehti","9":"tag-entertainment","10":"tag-fi","11":"tag-finland","12":"tag-finnish","13":"tag-suomi","14":"tag-viihde"},"share_on_mastodon":{"url":"https:\/\/pubeurope.com\/@fi\/115826558371518350","error":""},"_links":{"self":[{"href":"https:\/\/www.europesays.com\/fi\/wp-json\/wp\/v2\/posts\/131714","targetHints":{"allow":["GET"]}}],"collection":[{"href":"https:\/\/www.europesays.com\/fi\/wp-json\/wp\/v2\/posts"}],"about":[{"href":"https:\/\/www.europesays.com\/fi\/wp-json\/wp\/v2\/types\/post"}],"author":[{"embeddable":true,"href":"https:\/\/www.europesays.com\/fi\/wp-json\/wp\/v2\/users\/2"}],"replies":[{"embeddable":true,"href":"https:\/\/www.europesays.com\/fi\/wp-json\/wp\/v2\/comments?post=131714"}],"version-history":[{"count":0,"href":"https:\/\/www.europesays.com\/fi\/wp-json\/wp\/v2\/posts\/131714\/revisions"}],"wp:featuredmedia":[{"embeddable":true,"href":"https:\/\/www.europesays.com\/fi\/wp-json\/wp\/v2\/media\/131715"}],"wp:attachment":[{"href":"https:\/\/www.europesays.com\/fi\/wp-json\/wp\/v2\/media?parent=131714"}],"wp:term":[{"taxonomy":"category","embeddable":true,"href":"https:\/\/www.europesays.com\/fi\/wp-json\/wp\/v2\/categories?post=131714"},{"taxonomy":"post_tag","embeddable":true,"href":"https:\/\/www.europesays.com\/fi\/wp-json\/wp\/v2\/tags?post=131714"}],"curies":[{"name":"wp","href":"https:\/\/api.w.org\/{rel}","templated":true}]}}