{"id":131718,"date":"2026-01-02T16:59:07","date_gmt":"2026-01-02T16:59:07","guid":{"rendered":"https:\/\/www.europesays.com\/fi\/131718\/"},"modified":"2026-01-02T16:59:07","modified_gmt":"2026-01-02T16:59:07","slug":"suomalainen-lojer-vie-venajalle-ilta-sanomat","status":"publish","type":"post","link":"https:\/\/www.europesays.com\/fi\/131718\/","title":{"rendered":"Suomalainen Lojer vie Ven\u00e4j\u00e4lle &#8211; Ilta-Sanomat"},"content":{"rendered":"<p>Lojer kuuluu niihin suomalaisyrityksiin, jotka viev\u00e4t edelleen rajan yli. Vienti on kuitenkin v\u00e4hentynyt selv\u00e4sti Ukrainan sodan my\u00f6t\u00e4.<\/p>\n<p>Lue tiivistelm\u00e4<\/p>\n<p class=\"article-body mb-nof-24 px-nof-16 sndp-summary-bullet-point-font\">Sastamalalainen sairaalakalusteiden valmistaja Lojer toimittaa tuotteitaan edelleen Ven\u00e4j\u00e4lle, vaikka vienti on v\u00e4hentynyt merkitt\u00e4v\u00e4sti Ukrainan sodan ja pakotteiden my\u00f6t\u00e4.<\/p>\n<p class=\"article-body mb-nof-24 px-nof-16 sndp-summary-bullet-point-font\">Toimitusjohtaja Roberto Quintero kertoo, ett\u00e4 Lojer vie Ven\u00e4j\u00e4lle vain l\u00e4\u00e4ketieteelliseen tarkoitukseen valmistettuja tuotteita.<\/p>\n<p class=\"article-body mb-nof-24 px-nof-16 sndp-summary-bullet-point-font\">Lojer toimittaa tuotteitaan my\u00f6s Ukrainaan ja painottaa, ett\u00e4 terveydenhuolto on perustavanlaatuinen ihmisoikeus my\u00f6s konfliktitilanteissa.<\/p>\n<p class=\"article-body mb-nof-24 px-nof-16\">Sastamalassa p\u00e4\u00e4konttoriaan pit\u00e4v\u00e4 sairaala- ja hoitokalusteiden valmistaja Lojer toimittaa tuotteitaan edelleen Ven\u00e4j\u00e4lle. Lojer valmistaa kaikki tuotteensa Suomessa.<\/p>\n<p class=\"article-body mb-nof-24 px-nof-16\">Ilta-Sanomat kertoi keskiviikkona Krimille rakennetusta huvilasta, joka on varattu presidentti <a class=\"font-bold underline-offset-[0.12em] [text-decoration:var(--person-link-text-decoration)] ![text-decoration-color:var(--person-link-text-decoration-color)]\" href=\"https:\/\/www.is.fi\/haku\/?query=Vladimir%20Putinin\" rel=\"nofollow noopener\" target=\"_blank\">Vladimir Putinin<\/a> k\u00e4ytt\u00f6\u00f6n. Korruptionvastaisen s\u00e4\u00e4ti\u00f6n (FBK) tietojen mukaan huvilasta l\u00f6ytyy muun muassa suomalaisen Lojerin valmistama leikkausp\u00f6yt\u00e4.<\/p>\n<p class=\"article-body mb-nof-24 px-nof-16\">Lue lis\u00e4\u00e4: <a class=\"underline underline-offset-[0.12em] [text-decoration-thickness:var(--generic-link-underline-thickness)] [text-decoration-color:var(--generic-link-underline-color)] [text-decoration-skip-ink:var(--generic-link-underline-skip-ink)] break-words\" href=\"https:\/\/www.is.fi\/ulkomaat\/art-2000011722900.html\" rel=\"nofollow noopener\" target=\"_blank\">J\u00e4rjest\u00f6 paljasti Putinin uuden \u00f6kyhuvilan \u2013 yksi huone kiinnitt\u00e4\u00e4 huomion<\/a><\/p>\n<p class=\"article-body mb-nof-24 px-nof-16\">Lojerin mukaan p\u00f6yt\u00e4 on toimitettu Ven\u00e4j\u00e4lle ennen Ukrainan sodan syttymist\u00e4. Yhti\u00f6 kertoi, ettei ole toimittanut tuotteita Krimille vuoden 2014 j\u00e4lkeen.<\/p>\n<p class=\"article-body mb-nof-24 px-nof-16\">Ven\u00e4j\u00e4 oli aikaisemmin Lojerin suurin vientimaa. Lojer perusti kes\u00e4ll\u00e4 2015 Ven\u00e4j\u00e4lle oman osakeyhti\u00f6n ja avasi Moskovassa esittelytilan.<\/p>\n<p class=\"article-body mb-nof-24 px-nof-16\">Viime vuosikymmenen lopulla Lojer toimitti l\u00e4hes tuhat sairaalas\u00e4nky\u00e4 Ven\u00e4j\u00e4n federaation presidentin hallinnolliseen keskussairaalaan eli niin kutsutulle Kremlin klinikalle.<\/p>\n<p class=\"article-body mb-nof-24 px-nof-16\">Lojerilla ei kuitenkaan ole en\u00e4\u00e4 yhti\u00f6t\u00e4 Ven\u00e4j\u00e4ll\u00e4, vain myyntiedustus Moskovassa.<\/p>\n<p class=\"article-body mb-nof-24 px-nof-16\">Lojerin mukaan sen liiketoiminta painottuu t\u00e4ll\u00e4 hetkell\u00e4 voimakkaasti Pohjoismaihin ja Eurooppaan.<\/p>\n<p><img decoding=\"async\" src=\"https:\/\/www.europesays.com\/fi\/wp-content\/uploads\/2026\/01\/1767373147_384_468.jpg\" alt=\"Roberto Quintero aloitti viime syksyn\u00e4 Lojerin ja tyt\u00e4ryhti\u00f6 Merivaaran toimitusjohtajana.\" class=\"_Img_1rerz_1\" style=\"aspect-ratio:1.7777777777777777\" loading=\"eager\"\/><\/p>\n<p class=\"article-picture-caption\">Roberto Quintero aloitti viime syksyn\u00e4 Lojerin ja tyt\u00e4ryhti\u00f6 Merivaaran toimitusjohtajana. Kuva:\u00a0Lojer<\/p>\n<p class=\"article-body mb-nof-24 px-nof-16\">Toimitusjohtaja <a class=\"font-bold underline-offset-[0.12em] [text-decoration:var(--person-link-text-decoration)] ![text-decoration-color:var(--person-link-text-decoration-color)]\" href=\"https:\/\/www.is.fi\/haku\/?query=Roberto%20Quintero\" rel=\"nofollow noopener\" target=\"_blank\">Roberto Quintero<\/a> vastasi Lojerin Ven\u00e4j\u00e4n-vienti\u00e4 koskeviin kysymyksiin s\u00e4hk\u00f6postitse.<\/p>\n<p class=\"article-body mb-nof-24 px-nof-16\">Kuinka merkitt\u00e4v\u00e4\u00e4 Ven\u00e4j\u00e4n vienti on Lojerille?<\/p>\n<p class=\"article-body mb-nof-24 px-nof-16\">\u2013 Periaatteidemme mukaisesti emme julkista tietoja vientimarkkinoistamme, mutta voimme kertoa, ett\u00e4 pakotteet ja rajoitukset ovat v\u00e4hent\u00e4neet Lojerin Ven\u00e4j\u00e4n vienti\u00e4 merkitt\u00e4v\u00e4sti, Quintero toteaa.<\/p>\n<p class=\"article-body mb-nof-24 px-nof-16\">Mink\u00e4laisia tuotteita Ven\u00e4j\u00e4lle vied\u00e4\u00e4n?<\/p>\n<p class=\"article-body mb-nof-24 px-nof-16\">\u2013\u2009Lojer vie Ven\u00e4j\u00e4lle vain l\u00e4\u00e4ketieteelliseen tarkoitukseen valmistettuja tuotteita.<\/p>\n<p class=\"article-body mb-nof-24 px-nof-16\">Onko Ven\u00e4j\u00e4ll\u00e4 Lojerin tuotteita varastossa?<\/p>\n<p class=\"article-body mb-nof-24 px-nof-16\">\u2013\u2009Lojerin jakelijat Ven\u00e4j\u00e4ll\u00e4 eiv\u00e4t tyypillisesti pid\u00e4 paikallisia varastoja.<\/p>\n<p class=\"article-body mb-nof-24 px-nof-16\">Onko mahdollista, ett\u00e4 my\u00f6s kolmannet osapuolet viev\u00e4t Lojerin tuotteita Ven\u00e4j\u00e4lle? Lojerilla on myyntiyhti\u00f6 esimerkiksi Kazakstanissa.<\/p>\n<p class=\"article-body mb-nof-24 px-nof-16\">\u2013\u2009Lojerilla on myyntiyhti\u00f6 Kazakstanissa palvelemaan Keski-Aasian markkinoita. Ven\u00e4j\u00e4\u00e4 ei ole tarpeen palvella Keski-Aasiasta k\u00e4sin, Quintero vastaa.<\/p>\n<p class=\"article-body mb-nof-24 px-nof-16\">\u2013\u2009Kolmansien osapuolten ei pit\u00e4isi olla tarpeen tuoda Lojerin tuotteita Ven\u00e4j\u00e4lle, ja t\u00e4m\u00e4 ei ole todenn\u00e4k\u00f6ist\u00e4. Joka tapauksessa, jakelu\u00adsopimuksemme m\u00e4\u00e4rittelev\u00e4t nimenomaisesti, ett\u00e4 jakelijamme eiv\u00e4t saa vied\u00e4 Lojerin tuotteita myyntialueensa ulkopuolelle.<\/p>\n<p class=\"article-body mb-nof-24 px-nof-16\">Koskevatko EU:n pakotteet Lojerin valmistamia sairaalatuotteita?<\/p>\n<p class=\"article-body mb-nof-24 px-nof-16\">\u2013\u2009Vientirajoitukset ja pakotteet eiv\u00e4t kansainv\u00e4listen lakien ja sopimusten mukaan koske n\u00e4it\u00e4 tuotteita. Terveydenhuolto on perustavan\u00adlaatuinen ihmisoikeus ja syrjint\u00e4 \u2013 jopa konfliktitilanteissa \u2013 rikkoo l\u00e4\u00e4ketieteellisi\u00e4 ja humanitaarisia toimia koskevia periaatteita ja s\u00e4\u00e4nt\u00f6j\u00e4. Varmistamme ulkoisen kumppanin avulla, ett\u00e4 asiakkaamme eiv\u00e4t ole pakotelistalla.<\/p>\n<p class=\"article-body mb-nof-24 px-nof-16\">Onko Lojer vienyt sairaala- ja hoitokalusteitaan my\u00f6s Ukrainaan?<\/p>\n<p class=\"article-body mb-nof-24 px-nof-16\">\u2013\u2009Kyll\u00e4, ja Lojer tekee sit\u00e4 edelleen.<\/p>\n","protected":false},"excerpt":{"rendered":"Lojer kuuluu niihin suomalaisyrityksiin, jotka viev\u00e4t edelleen rajan yli. Vienti on kuitenkin v\u00e4hentynyt selv\u00e4sti Ukrainan sodan my\u00f6t\u00e4. Lue&hellip;\n","protected":false},"author":2,"featured_media":131719,"comment_status":"","ping_status":"","sticky":false,"template":"","format":"standard","meta":{"footnotes":""},"categories":[14],"tags":[22,23,26,27,33,31,30,17,34,24,25,28,29,15,18,21,32,19,20,56,16,59,60,61],"class_list":{"0":"post-131718","1":"post","2":"type-post","3":"status-publish","4":"format-standard","5":"has-post-thumbnail","7":"category-ulkomaat","8":"tag-breaking-news","9":"tag-breakingnews","10":"tag-featured-news","11":"tag-featurednews","12":"tag-fi","13":"tag-finland","14":"tag-finnish","15":"tag-headlines","16":"tag-ilta-sanomat","17":"tag-latest-news","18":"tag-latestnews","19":"tag-main-news","20":"tag-mainnews","21":"tag-news","22":"tag-otsikot","23":"tag-paauutiset","24":"tag-suomi","25":"tag-top-stories","26":"tag-topstories","27":"tag-ulkomaat","28":"tag-uutiset","29":"tag-world","30":"tag-world-news","31":"tag-worldnews"},"share_on_mastodon":{"url":"https:\/\/pubeurope.com\/@fi\/115826574416548500","error":""},"_links":{"self":[{"href":"https:\/\/www.europesays.com\/fi\/wp-json\/wp\/v2\/posts\/131718","targetHints":{"allow":["GET"]}}],"collection":[{"href":"https:\/\/www.europesays.com\/fi\/wp-json\/wp\/v2\/posts"}],"about":[{"href":"https:\/\/www.europesays.com\/fi\/wp-json\/wp\/v2\/types\/post"}],"author":[{"embeddable":true,"href":"https:\/\/www.europesays.com\/fi\/wp-json\/wp\/v2\/users\/2"}],"replies":[{"embeddable":true,"href":"https:\/\/www.europesays.com\/fi\/wp-json\/wp\/v2\/comments?post=131718"}],"version-history":[{"count":0,"href":"https:\/\/www.europesays.com\/fi\/wp-json\/wp\/v2\/posts\/131718\/revisions"}],"wp:featuredmedia":[{"embeddable":true,"href":"https:\/\/www.europesays.com\/fi\/wp-json\/wp\/v2\/media\/131719"}],"wp:attachment":[{"href":"https:\/\/www.europesays.com\/fi\/wp-json\/wp\/v2\/media?parent=131718"}],"wp:term":[{"taxonomy":"category","embeddable":true,"href":"https:\/\/www.europesays.com\/fi\/wp-json\/wp\/v2\/categories?post=131718"},{"taxonomy":"post_tag","embeddable":true,"href":"https:\/\/www.europesays.com\/fi\/wp-json\/wp\/v2\/tags?post=131718"}],"curies":[{"name":"wp","href":"https:\/\/api.w.org\/{rel}","templated":true}]}}