{"id":131720,"date":"2026-01-02T17:00:07","date_gmt":"2026-01-02T17:00:07","guid":{"rendered":"https:\/\/www.europesays.com\/fi\/131720\/"},"modified":"2026-01-02T17:00:07","modified_gmt":"2026-01-02T17:00:07","slug":"alexander-stubbin-solmio-oli-uudenvuodenpuheen-aikaan-vinossa","status":"publish","type":"post","link":"https:\/\/www.europesays.com\/fi\/131720\/","title":{"rendered":"Alexander Stubbin solmio oli uudenvuodenpuheen aikaan vinossa"},"content":{"rendered":"<p>Presidentin tyyli|Muotiasiantuntija Jaakko Selin sanoo, ett\u00e4 Alexander Stubbin k\u00e4ytt\u00e4m\u00e4ss\u00e4 solmumallissa solmio on aina hieman vinossa.<\/p>\n<p>Lue tiivistelm\u00e4<\/p>\n<p class=\"article-body mb-nof-24 px-nof-16 sndp-summary-bullet-point-font\">Tasavallan presidentti Alexander Stubbin vino solmio uudenvuodenpuheessa her\u00e4tti huomiota Suomessa ja Ven\u00e4j\u00e4ll\u00e4.<\/p>\n<p class=\"article-body mb-nof-24 px-nof-16 sndp-summary-bullet-point-font\">Muotiasiantuntija Jaakko Selin sanoo, ett\u00e4 Stubbin k\u00e4ytt\u00e4m\u00e4 four-in-hand-solmumalli on aina ep\u00e4symmetrinen ja saa olla hieman vinossa.<\/p>\n<p class=\"article-body mb-nof-24 px-nof-16 sndp-summary-bullet-point-font\">Selin antaa Stubbille t\u00e4yden synninp\u00e4\u00e4st\u00f6n solmion vinoudesta, mutta pit\u00e4\u00e4 vaaleaa solmiota hyvin neutraalina valintana.<\/p>\n<p class=\"article-body mb-nof-24 px-nof-16\">Tasavallan presidentti <a class=\"font-bold underline-offset-[0.12em] [text-decoration:var(--person-link-text-decoration)] ![text-decoration-color:var(--person-link-text-decoration-color)]\" href=\"https:\/\/www.hs.fi\/haku\/?query=Alexander%20Stubb\" rel=\"nofollow noopener\" target=\"_blank\">Alexander Stubb<\/a> piti vuoden ensimm\u00e4isen\u00e4 p\u00e4iv\u00e4n\u00e4 perinteisen <a class=\"underline underline-offset-[0.12em] [text-decoration-thickness:var(--generic-link-underline-thickness)] [text-decoration-color:var(--generic-link-underline-color)] [text-decoration-skip-ink:var(--generic-link-underline-skip-ink)] break-words\" href=\"https:\/\/www.hs.fi\/politiikka\/art-2000011723877.html\" rel=\"nofollow noopener\" target=\"_blank\">uudenvuodenpuheen<\/a>. Puheen sis\u00e4ll\u00f6n lis\u00e4ksi joidenkin suomalaisten keskustelussa huomio on kiinnittynyt Stubbin solmioon.<\/p>\n<p class=\"article-body mb-nof-24 px-nof-16\">Miksi se oli vinossa? Eik\u00f6 presidentin solmion kuuluisi olla t\u00e4llaisessa tilaisuudessa suora?<\/p>\n<p class=\"article-body mb-nof-24 px-nof-16\">N\u00e4it\u00e4 kysymyksi\u00e4 pohtivat lukuisat kommentoijat muun muassa Threads-keskustelualustalla useammassa pitk\u00e4ss\u00e4 viestiketjussa, ja Iltalehti kirjoitti aiheesta jopa <a class=\"underline underline-offset-[0.12em] [text-decoration-thickness:var(--generic-link-underline-thickness)] [text-decoration-color:var(--generic-link-underline-color)] [text-decoration-skip-ink:var(--generic-link-underline-skip-ink)] break-words\" href=\"https:\/\/www.iltalehti.fi\/viihdeuutiset\/a\/03f6e72f-c09c-4c67-a97a-24597ce580e0\" rel=\"nofollow noopener\" target=\"_blank\">kaksi juttua<\/a> uudenvuodenp\u00e4iv\u00e4n\u00e4.<\/p>\n<p class=\"article-body mb-nof-24 px-nof-16\">Sen verran paljon huomiota presidentin solmiotyyli onnistui her\u00e4tt\u00e4m\u00e4\u00e4n, ett\u00e4 perjantaina my\u00f6s Ven\u00e4j\u00e4n valtiollinen uutistoimisto <a class=\"underline underline-offset-[0.12em] [text-decoration-thickness:var(--generic-link-underline-thickness)] [text-decoration-color:var(--generic-link-underline-color)] [text-decoration-skip-ink:var(--generic-link-underline-skip-ink)] break-words\" href=\"https:\/\/ria.ru\/20260102\/finlyandiya-2066014712.html\" rel=\"nofollow noopener\" target=\"_blank\">Ria Novosti<\/a> nosti Stubbin solmion vinouden k\u00e4rkeen jutussaan, jossa v\u00e4itet\u00e4\u00e4n, ett\u00e4 \u201dStubb nolasi itsens\u00e4 antamalla rohkean lausunnon Ven\u00e4j\u00e4st\u00e4\u201d.<\/p>\n<p class=\"article-body mb-nof-24 px-nof-16\">Ria Novosti viittaa my\u00f6s <a class=\"underline underline-offset-[0.12em] [text-decoration-thickness:var(--generic-link-underline-thickness)] [text-decoration-color:var(--generic-link-underline-color)] [text-decoration-skip-ink:var(--generic-link-underline-skip-ink)] break-words\" href=\"https:\/\/www.is.fi\/viihde\/art-2000010458058.html\" rel=\"nofollow noopener\" target=\"_blank\">Ilta-Sanomien<\/a> vuoden 2024 juttuun toteamalla, ett\u00e4 Stubbilla on ollut \u201dvastaavia ongelmia\u201d aiemminkin.<\/p>\n<p class=\"article-body mb-nof-24 px-nof-16\">Kev\u00e4\u00e4ll\u00e4 2024 tasavallan presidentin kanslia <a class=\"underline underline-offset-[0.12em] [text-decoration-thickness:var(--generic-link-underline-thickness)] [text-decoration-color:var(--generic-link-underline-color)] [text-decoration-skip-ink:var(--generic-link-underline-skip-ink)] break-words\" href=\"https:\/\/yle.fi\/a\/74-20086971\" rel=\"nofollow noopener\" target=\"_blank\">korjaili Stubbin vinoa solmiota<\/a> sivuillaan julkaistussa kuvassakin suoraksi, mutta manipuloitu kuva poistettiin nopeasti.<\/p>\n<p><img decoding=\"async\" src=\"https:\/\/www.europesays.com\/fi\/wp-content\/uploads\/2026\/01\/1767373207_711_468.jpg\" alt=\"Alexander Stubbin solmion solmumalli on nimelt\u00e4\u00e4n four-in-hand.\" class=\"_Img_1rerz_1\" style=\"aspect-ratio:1\" loading=\"eager\"\/><\/p>\n<p class=\"article-picture-caption\">Alexander Stubbin solmion solmumalli on nimelt\u00e4\u00e4n four-in-hand. Kuva:\u00a0Yle<\/p>\n<p class=\"article-body mb-nof-24 px-nof-16\">Kielt\u00e4m\u00e4tt\u00e4 Stubbin solmio n\u00e4ytt\u00e4\u00e4 olleen uudenvuodenpuheen aikana selv\u00e4sti vinossa.<\/p>\n<p class=\"article-body mb-nof-24 px-nof-16\">Mutta asia ei ole niin yksiselitteinen.<\/p>\n<p class=\"article-body mb-nof-24 px-nof-16\">Stubbin solmion solmumalli on nimelt\u00e4\u00e4n four-in-hand, joka eroaa toisesta tyypillisest\u00e4 solmumallista Windsor-solmusta, sanoo muotiasiantuntija <a class=\"font-bold underline-offset-[0.12em] [text-decoration:var(--person-link-text-decoration)] ![text-decoration-color:var(--person-link-text-decoration-color)]\" href=\"https:\/\/www.hs.fi\/haku\/?query=Jaakko%20Selin\" rel=\"nofollow noopener\" target=\"_blank\">Jaakko Selin<\/a>. Selin on k\u00e4sitellyt solmioita vuonna 1997 julkaistussa kirjassaan Kiinalaiset jalat ja muita tarinoita vartalomme koristeista.<\/p>\n<p class=\"article-body mb-nof-24 px-nof-16\">Four-in-hand-solmumalli on aina ep\u00e4symmetrinen, Selin sanoo.<\/p>\n<p><img decoding=\"async\" src=\"https:\/\/images.sanoma-sndp.fi\/4c9df9f5114032f8f41886e754404ee2.svg\" alt=\"\" class=\"_Img_1rerz_1\" style=\"aspect-ratio:0.7066666666666667\" loading=\"eager\"\/><\/p>\n<p class=\"article-body mb-nof-24 px-nof-16\">\u201dSe saakin olla hieman vinossa. Oleellista on, ett\u00e4 solmion materiaali on t\u00e4ll\u00f6in korkealaatuista silkki\u00e4, jolloin se on hyv\u00e4nn\u00e4k\u00f6inen\u201d, Selin sanoo.<\/p>\n<p class=\"article-body mb-nof-24 px-nof-16\">Kun Selin on katsonut kuvia Stubbin solmiosta uudenvuodenpuheessa, h\u00e4nkin kiinnitt\u00e4\u00e4 huomiota kravatin vinouteen.<\/p>\n<p class=\"article-body mb-nof-24 px-nof-16\">\u201dOn se aika paljon vinossa. Se on selv\u00e4sti solmittu rennolla tavalla. Halutessaan four-in-hand-solmullakin solmitun solmion voi asetella ja laittaa suoremmaksi oikeanlaisella tekniikalla. Mutta muodinhistorian tuntijana annan t\u00e4st\u00e4 kyll\u00e4 t\u00e4yden synninp\u00e4\u00e4st\u00f6n\u201d, h\u00e4n sanoo ja naurahtaa.<\/p>\n<p class=\"article-body mb-nof-24 px-nof-16\">Selinin mukaan on olemassa erilaisia kikkoja, joilla four-in-hand-solmulla solmittua solmiota voi tasapainottaa suoremmaksi.<\/p>\n<p class=\"article-body mb-nof-24 px-nof-16\">\u201dJos pukeudun liivipukuun, olen tehnyt solmiosta t\u00f6rke\u00e4n lyhyen, koska solmion p\u00e4\u00e4n voi joka tapauksessa piilottaa liivin alle. T\u00e4ll\u00f6in solmion solmuun voi k\u00e4ytt\u00e4\u00e4 paksumpaa kohtaa, mik\u00e4 tekee siit\u00e4 tukevamman.\u201d<\/p>\n<p class=\"article-body mb-nof-24 px-nof-16\">Four-in-hand-solmua kutsutaan my\u00f6s englantilaiseksi solmuksi, koska se on suosittu erityisesti Britanniassa.<\/p>\n<p class=\"article-body mb-nof-24 px-nof-16\">\u201dStubbin solmioissa olen seurannut sit\u00e4, mist\u00e4 h\u00e4n on omat solmionsa hankkinut tai saanut. Amerikkalaisissa ja brittil\u00e4isiss\u00e4 solmioissa on se merkitt\u00e4v\u00e4 ero, ett\u00e4 niiden raidat kulkevat eri suuntiin\u201d, Selin sanoo.<\/p>\n<p class=\"article-body mb-nof-24 px-nof-16\">Stubbin uudenvuodensolmiossa Selin kiinnitt\u00e4\u00e4 vinouttakin enemm\u00e4n huomiota toiseen seikkaan.<\/p>\n<p class=\"article-body mb-nof-24 px-nof-16\">\u201dEdustan sit\u00e4 koulukuntaa, ett\u00e4 ihmisen pukeutuminen on kokonaisuus. Lause on se, mit\u00e4 laitat p\u00e4\u00e4lle, ja kravatit, korut sek\u00e4 muut asusteet toimivat v\u00e4limerkkein\u00e4. T\u00e4ss\u00e4 tapauksessa solmiovalinnalla ei ole haluttu sanoa mit\u00e4\u00e4n. Solmiossa voi olla esimerkiksi kudottu kuviointi tai tietty v\u00e4rivalinta, mik\u00e4 voi toimia tehokeinona. T\u00e4ss\u00e4 sellaista ei ole.\u201d<\/p>\n<p class=\"article-body mb-nof-24 px-nof-16\">Uudenvuodenpuheessa Stubbilla oli kaulassaan vaalea solmio.<\/p>\n<p class=\"article-body mb-nof-24 px-nof-16\">\u201dSe on selv\u00e4sti harkitun neutraali, presidentti on todenn\u00e4k\u00f6isesti tietoisesti j\u00e4tt\u00e4nyt k\u00e4ytt\u00e4m\u00e4tt\u00e4 tehokkaan tehokeinon. Ik\u00e4v\u00e4 kyll\u00e4 siit\u00e4 solmiosta tulee hieman mieleen hovimestari tai orkesterinjohtaja\u201d, Selin sanoo.<\/p>\n","protected":false},"excerpt":{"rendered":"Presidentin tyyli|Muotiasiantuntija Jaakko Selin sanoo, ett\u00e4 Alexander Stubbin k\u00e4ytt\u00e4m\u00e4ss\u00e4 solmumallissa solmio on aina hieman vinossa. Lue tiivistelm\u00e4 Tasavallan&hellip;\n","protected":false},"author":2,"featured_media":131721,"comment_status":"","ping_status":"","sticky":false,"template":"","format":"standard","meta":{"footnotes":""},"categories":[12],"tags":[22,23,26,27,33,31,30,17,46,24,25,28,29,15,18,21,32,19,20,16],"class_list":{"0":"post-131720","1":"post","2":"type-post","3":"status-publish","4":"format-standard","5":"has-post-thumbnail","7":"category-suomi","8":"tag-breaking-news","9":"tag-breakingnews","10":"tag-featured-news","11":"tag-featurednews","12":"tag-fi","13":"tag-finland","14":"tag-finnish","15":"tag-headlines","16":"tag-helsingin-sanomat","17":"tag-latest-news","18":"tag-latestnews","19":"tag-main-news","20":"tag-mainnews","21":"tag-news","22":"tag-otsikot","23":"tag-paauutiset","24":"tag-suomi","25":"tag-top-stories","26":"tag-topstories","27":"tag-uutiset"},"share_on_mastodon":{"url":"https:\/\/pubeurope.com\/@fi\/115826578209018734","error":""},"_links":{"self":[{"href":"https:\/\/www.europesays.com\/fi\/wp-json\/wp\/v2\/posts\/131720","targetHints":{"allow":["GET"]}}],"collection":[{"href":"https:\/\/www.europesays.com\/fi\/wp-json\/wp\/v2\/posts"}],"about":[{"href":"https:\/\/www.europesays.com\/fi\/wp-json\/wp\/v2\/types\/post"}],"author":[{"embeddable":true,"href":"https:\/\/www.europesays.com\/fi\/wp-json\/wp\/v2\/users\/2"}],"replies":[{"embeddable":true,"href":"https:\/\/www.europesays.com\/fi\/wp-json\/wp\/v2\/comments?post=131720"}],"version-history":[{"count":0,"href":"https:\/\/www.europesays.com\/fi\/wp-json\/wp\/v2\/posts\/131720\/revisions"}],"wp:featuredmedia":[{"embeddable":true,"href":"https:\/\/www.europesays.com\/fi\/wp-json\/wp\/v2\/media\/131721"}],"wp:attachment":[{"href":"https:\/\/www.europesays.com\/fi\/wp-json\/wp\/v2\/media?parent=131720"}],"wp:term":[{"taxonomy":"category","embeddable":true,"href":"https:\/\/www.europesays.com\/fi\/wp-json\/wp\/v2\/categories?post=131720"},{"taxonomy":"post_tag","embeddable":true,"href":"https:\/\/www.europesays.com\/fi\/wp-json\/wp\/v2\/tags?post=131720"}],"curies":[{"name":"wp","href":"https:\/\/api.w.org\/{rel}","templated":true}]}}