{"id":131722,"date":"2026-01-02T17:01:08","date_gmt":"2026-01-02T17:01:08","guid":{"rendered":"https:\/\/www.europesays.com\/fi\/131722\/"},"modified":"2026-01-02T17:01:08","modified_gmt":"2026-01-02T17:01:08","slug":"sveitsin-tulipalon-syttymissyy-selvisi-ilta-sanomat","status":"publish","type":"post","link":"https:\/\/www.europesays.com\/fi\/131722\/","title":{"rendered":"Sveitsin tulipalon syttymissyy selvisi &#8211; Ilta-Sanomat"},"content":{"rendered":"<p>Viranomaiset selvitt\u00e4v\u00e4t yh\u00e4 tulipalon uhrien henkil\u00f6llisyyksi\u00e4.<\/p>\n<p>17-vuotias selvisi Sveitsin tuhoisasta y\u00f6kerhopalosta.Video: Reuters<\/p>\n<p class=\"article-body mb-nof-24 px-nof-16\">Sveitsin tuhoisa tulipalo sai alustavien tutkimusten mukaan alkunsa s\u00e4desuihkukynttil\u00f6ist\u00e4.<\/p>\n<p class=\"article-body mb-nof-24 px-nof-16\">Asiasta kertoo Reutersin mukaan tulipaloa tutkivan ryhm\u00e4n johtava syytt\u00e4j\u00e4.<\/p>\n<p class=\"article-body mb-nof-24 px-nof-16\">Useat silminn\u00e4kij\u00e4t ovat kertoneet La Constellation -y\u00f6kerhossa uudenvuodenjuhlien aikaan syttyneen tulipalon saaneen alkunsa s\u00e4desuihkukynttil\u00f6ist\u00e4.<\/p>\n<p class=\"article-body mb-nof-24 px-nof-16\">Sveitsil\u00e4ismedia <a class=\"underline underline-offset-[0.12em] [text-decoration-thickness:var(--generic-link-underline-thickness)] [text-decoration-color:var(--generic-link-underline-color)] [text-decoration-skip-ink:var(--generic-link-underline-skip-ink)] break-words\" href=\"https:\/\/www.blick.ch\/schweiz\/westschweiz\/wallis\/feuerhoelle-le-constellation-in-dieser-bar-starben-dutzende-menschen-id21561725.html\" rel=\"nofollow noopener\" target=\"_blank\">Blickin<\/a> mukaan y\u00f6kerho mainosti Youtubessa samppanjapulloihin kiinnitettyj\u00e4 s\u00e4desuihkukynttil\u00f6it\u00e4.<\/p>\n<p class=\"article-body mb-nof-24 px-nof-16\">\u2013 Yksi niist\u00e4 oli liian l\u00e4hell\u00e4 kattoa. Muutamassa sekunnissa koko katto oli tulessa. Kaikki oli puuta, ranskalaisnainen kertoi uutiskanava BFM:lle.<\/p>\n<p class=\"article-body mb-nof-24 px-nof-16\">My\u00f6s syytt\u00e4j\u00e4 kertoi alustavien tutkimusten viittaavan siihen, ett\u00e4 tulipalo sai alkunsa liian l\u00e4hell\u00e4 kattoa olleista suihkukynttil\u00f6ist\u00e4.<\/p>\n<p><img decoding=\"async\" src=\"https:\/\/www.europesays.com\/fi\/wp-content\/uploads\/2026\/01\/1767373268_421_468.jpg\" alt=\"S\u00e4de\u00adsuihku\u00adkynttil\u00f6it\u00e4 k\u00e4ytet\u00e4\u00e4n useissa Euroopan maissa esimerkiksi syntym\u00e4p\u00e4iv\u00e4juhlissa. Kuvan suihkukynttil\u00e4 ei liity tapaukseen.\" class=\"_Img_1rerz_1\" style=\"aspect-ratio:1.4988290398126465\" loading=\"eager\"\/><\/p>\n<p class=\"article-picture-caption\">S\u00e4de\u00adsuihku\u00adkynttil\u00f6it\u00e4 k\u00e4ytet\u00e4\u00e4n useissa Euroopan maissa esimerkiksi syntym\u00e4p\u00e4iv\u00e4juhlissa. Kuvan suihkukynttil\u00e4 ei liity tapaukseen. Kuva:\u00a0Trygve Finkelsen \/ Alamy Stock Photo \/ AOP<\/p>\n<p class=\"article-body mb-nof-24 px-nof-16\">Suihkukynttil\u00e4t olivat syytt\u00e4j\u00e4n mukaan p\u00e4ivitt\u00e4is\u00adtavara\u00adkaupoissa myyt\u00e4vi\u00e4, joita k\u00e4ytet\u00e4\u00e4n usein syntym\u00e4p\u00e4iv\u00e4juhlissa.<\/p>\n<p class=\"article-body mb-nof-24 px-nof-16\">Syytt\u00e4j\u00e4 lis\u00e4si viranomaisten tutkimusten varmistavan, johtuiko tulipalo y\u00f6kerhon katossa olleesta ja palamaan syttyneest\u00e4 \u00e4\u00e4nieristeest\u00e4.<\/p>\n<p class=\"article-body mb-nof-24 px-nof-16\">Viranomaiset ovat syytt\u00e4j\u00e4n mukaan priorisoineet tulipalossa menehtyneiden uhrien tunnistamisen.<\/p>\n<p class=\"article-body mb-nof-24 px-nof-16\">Ainakin 47 menehtyi ja yli sata ihmist\u00e4 loukkaantui Crans-Montanan hiihtokeskuksessa sattuneessa tulipalossa Lounais-Sveitsiss\u00e4.<\/p>\n<p class=\"article-body mb-nof-24 px-nof-16\">Huomattava osa tulipalon uhreista on tiedett\u00e4v\u00e4sti teini-ik\u00e4isi\u00e4. Syytt\u00e4j\u00e4n mukaan uhriluvut eiv\u00e4t ole viel\u00e4 lopullisia.<\/p>\n<p class=\"article-body mb-nof-24 px-nof-16\">Tulipalossa tuhoutuneen y\u00f6kerhon turvaj\u00e4rjestelyt ovat her\u00e4tt\u00e4neet kysymyksi\u00e4 onnettomuuden my\u00f6t\u00e4. Y\u00f6kerhon kaksikerroksisissa tiloissa on esimerkiksi vain yksi ulosk\u00e4ynti, mik\u00e4 hidasti merkitt\u00e4v\u00e4sti palavasta rakennuksesta poistumista.<\/p>\n<p class=\"article-body mb-nof-24 px-nof-16\">Mediatietojen mukaan y\u00f6kerhon omisti ranskalainen pariskunta.<\/p>\n<p class=\"article-body mb-nof-24 px-nof-16\">Syytt\u00e4j\u00e4 ei pystynyt perjantaina kommentoimaan tarkemmin, milloin viranomaiset olivat viimeksi tehneet palotarkastuksen y\u00f6kerhossa.<\/p>\n<p class=\"article-body mb-nof-24 px-nof-16\">Sveitsil\u00e4ismedia<a class=\"underline underline-offset-[0.12em] [text-decoration-thickness:var(--generic-link-underline-thickness)] [text-decoration-color:var(--generic-link-underline-color)] [text-decoration-skip-ink:var(--generic-link-underline-skip-ink)] break-words\" href=\"https:\/\/www.blick.ch\/schweiz\/westschweiz\/wallis\/brandkatastrophe-in-crans-montana-um-15-uhr-informieren-die-behoerden-id21563264.html\" rel=\"nofollow noopener\" target=\"_blank\"> Blickin<\/a> mukaan viranomaiset harkitsevat rikostutkinnan aloittamista kuolemantuottamuksesta. Toistaiseksi ket\u00e4\u00e4n ei kuitenkaan ole pid\u00e4tetty.<\/p>\n<p class=\"article-body mb-nof-24 px-nof-16\">Syytt\u00e4j\u00e4n mukaan tutkinnan edetess\u00e4 selvi\u00e4\u00e4, nostetaanko asiassa rikossyytteit\u00e4.<\/p>\n","protected":false},"excerpt":{"rendered":"Viranomaiset selvitt\u00e4v\u00e4t yh\u00e4 tulipalon uhrien henkil\u00f6llisyyksi\u00e4. 17-vuotias selvisi Sveitsin tuhoisasta y\u00f6kerhopalosta.Video: Reuters Sveitsin tuhoisa tulipalo sai alustavien tutkimusten&hellip;\n","protected":false},"author":2,"featured_media":131723,"comment_status":"","ping_status":"","sticky":false,"template":"","format":"standard","meta":{"footnotes":""},"categories":[5],"tags":[22,23,26,27,33,31,30,17,34,24,25,28,29,15,18,21,32,19,20,16],"class_list":{"0":"post-131722","1":"post","2":"type-post","3":"status-publish","4":"format-standard","5":"has-post-thumbnail","7":"category-otsikot","8":"tag-breaking-news","9":"tag-breakingnews","10":"tag-featured-news","11":"tag-featurednews","12":"tag-fi","13":"tag-finland","14":"tag-finnish","15":"tag-headlines","16":"tag-ilta-sanomat","17":"tag-latest-news","18":"tag-latestnews","19":"tag-main-news","20":"tag-mainnews","21":"tag-news","22":"tag-otsikot","23":"tag-paauutiset","24":"tag-suomi","25":"tag-top-stories","26":"tag-topstories","27":"tag-uutiset"},"share_on_mastodon":{"url":"https:\/\/pubeurope.com\/@fi\/115826582020952134","error":""},"_links":{"self":[{"href":"https:\/\/www.europesays.com\/fi\/wp-json\/wp\/v2\/posts\/131722","targetHints":{"allow":["GET"]}}],"collection":[{"href":"https:\/\/www.europesays.com\/fi\/wp-json\/wp\/v2\/posts"}],"about":[{"href":"https:\/\/www.europesays.com\/fi\/wp-json\/wp\/v2\/types\/post"}],"author":[{"embeddable":true,"href":"https:\/\/www.europesays.com\/fi\/wp-json\/wp\/v2\/users\/2"}],"replies":[{"embeddable":true,"href":"https:\/\/www.europesays.com\/fi\/wp-json\/wp\/v2\/comments?post=131722"}],"version-history":[{"count":0,"href":"https:\/\/www.europesays.com\/fi\/wp-json\/wp\/v2\/posts\/131722\/revisions"}],"wp:featuredmedia":[{"embeddable":true,"href":"https:\/\/www.europesays.com\/fi\/wp-json\/wp\/v2\/media\/131723"}],"wp:attachment":[{"href":"https:\/\/www.europesays.com\/fi\/wp-json\/wp\/v2\/media?parent=131722"}],"wp:term":[{"taxonomy":"category","embeddable":true,"href":"https:\/\/www.europesays.com\/fi\/wp-json\/wp\/v2\/categories?post=131722"},{"taxonomy":"post_tag","embeddable":true,"href":"https:\/\/www.europesays.com\/fi\/wp-json\/wp\/v2\/tags?post=131722"}],"curies":[{"name":"wp","href":"https:\/\/api.w.org\/{rel}","templated":true}]}}