{"id":131724,"date":"2026-01-02T17:20:09","date_gmt":"2026-01-02T17:20:09","guid":{"rendered":"https:\/\/www.europesays.com\/fi\/131724\/"},"modified":"2026-01-02T17:20:09","modified_gmt":"2026-01-02T17:20:09","slug":"jesse-puljujarvi-ulos-leijonista-valmentajalta-suora-arvio","status":"publish","type":"post","link":"https:\/\/www.europesays.com\/fi\/131724\/","title":{"rendered":"Jesse Puljuj\u00e4rvi ulos Leijonista \u2013 Valmentajalta suora arvio"},"content":{"rendered":"<p>Antti Pennanen teki valintansa.<\/p>\n<p><img decoding=\"async\" class=\"image image-show image-preview\" src=\"https:\/\/www.europesays.com\/fi\/wp-content\/uploads\/2026\/01\/f4ebe6870a8ce36e033e54a49c11e6832ac0583cd132e34a5c2e4f8c29ad186a.jpg\" alt=\"\"\/><img decoding=\"async\" class=\"image image-show\" src=\"https:\/\/www.europesays.com\/fi\/wp-content\/uploads\/2026\/01\/1767374408_37_f4ebe6870a8ce36e033e54a49c11e6832ac0583cd132e34a5c2e4f8c29ad186a.jpg\" alt=\"\"\/><\/p>\n<p>Jesse Puljuj\u00e4rvi on varamiesten listalla. Se on kuitenkin pitk\u00e4. Pasi Liesimaa<\/p>\n<p class=\"paragraph\">Isokokoinen puolustus, jossa on yksi maailman parhaista puolustajista kirkkaimpana t\u00e4hten\u00e4. Monipuolinen hy\u00f6kk\u00e4ys, kolme huippumaalivahtia.<\/p>\n<p class=\"paragraph\">N\u00e4in Leijonien p\u00e4\u00e4valmentaja <a href=\"https:\/\/www.iltalehti.fi\/henkilot\/Antti Pennanen\" class=\"article-link-person-page\" rel=\"nofollow noopener\" target=\"_blank\">Antti Pennanen<\/a> tiivisti valitsemansa joukkueen Milano-Cortinan olympialaisiin.<\/p>\n<p class=\"paragraph\">Mukaan mahtui my\u00f6s yksi Euroopassa pelaava pelaaja: Z\u00fcrich Lionsin puolustaja <a href=\"https:\/\/www.iltalehti.fi\/henkilot\/Mikko Lehtonen\" class=\"article-link-person-page\" rel=\"nofollow noopener\" target=\"_blank\">Mikko Lehtonen<\/a>.<\/p>\n<p class=\"paragraph\">Leijonien luottomies valittiin, koska h\u00e4n on Pennasen mukaan \u201ddynaaminen, hyvin liikkuva ja k\u00e4ytt\u00f6kelpoinen useassa teht\u00e4v\u00e4ss\u00e4\u201d. H\u00e4n nauttii my\u00f6s muiden pelaajien kunnioitusta.<\/p>\n<p class=\"paragraph\">Euroopasta esimerkiksi huippuvireinen <a href=\"https:\/\/www.iltalehti.fi\/henkilot\/Jesse Puljuj\u00e4rvi\" class=\"article-link-person-page\" rel=\"nofollow noopener\" target=\"_blank\">Jesse Puljuj\u00e4rvi<\/a> ei mahtunut joukkueeseen \u2013 joskin h\u00e4nen saumansa olivat varsin ohuet.<\/p>\n<p class=\"paragraph\"><strong>Miksi Puljuj\u00e4rvi j\u00e4i ulos joukkueesta?<\/strong><\/p>\n<p class=\"paragraph\">\u2013 Ensimm\u00e4isen\u00e4 tulee mieleen roolitus ja peluutus. H\u00e4n on luisteluvoimainen pelaaja ja h\u00e4nell\u00e4 on tietyt vahvuudet, mutta koimme, ett\u00e4 ei nyt t\u00e4h\u00e4n joukkueeseen, Pennanen perusteli.<\/p>\n<p class=\"paragraph\">\u2013 H\u00e4nen olisi pit\u00e4nyt pelata ihan nappiin EHT:ll\u00e4, ett\u00e4 h\u00e4n olisi tullut viel\u00e4 haastamaan.<\/p>\n<p>Antti Pennanen nimesi olympiajoukkueeseen yhden miehen Euroopasta. Pasi Liesimaa<\/p>\n<p class=\"paragraph\">Pennasen mukaan Puljuj\u00e4rvi on kuitenkin yksi Leijonien monista Euroopassa pelaavista varapelaajista, jotka voidaan h\u00e4lytt\u00e4\u00e4 olympialaisiin loukkaantumisten sattuessa.<\/p>\n<p class=\"paragraph\">\u2013 Se lista on pitk\u00e4, ja h\u00e4n on varmasti my\u00f6s yksi nimi siell\u00e4. Mutta toivotaan, ett\u00e4 menn\u00e4\u00e4n t\u00e4ll\u00e4 joukkueella eik\u00e4 jouduta varapatruunoille, valmentaja kommentoi.<\/p>\n<p>Laine ulos<\/p>\n<p class=\"paragraph\"><a href=\"https:\/\/www.iltalehti.fi\/henkilot\/Patrik Laine\" class=\"article-link-person-page\" rel=\"nofollow noopener\" target=\"_blank\">Patrik Laine<\/a> ei my\u00f6sk\u00e4\u00e4n murtautunut Leijonien olympiaryhm\u00e4\u00e4n. Vaisusti kauden aloittanut hy\u00f6kk\u00e4\u00e4j\u00e4 loukkaantui jo aikaisin syksyll\u00e4, eik\u00e4 n\u00e4in ollen pystynyt antamaan n\u00e4ytt\u00f6j\u00e4 Pennaselle.<\/p>\n<p class=\"paragraph\">Laine olisi voinut olla Leijoniin jokerikortti \u2013 hy\u00f6dyllinen ylivoimalla, mutta ei niink\u00e4\u00e4n tasakent\u00e4llisin. Nyt vaikeaa p\u00e4\u00e4t\u00f6st\u00e4 ei tarvinnut tehd\u00e4. \u201dTesoman tykki\u201d on yh\u00e4 loukkaantuneena.<\/p>\n<p class=\"paragraph\"><strong>Helpottiko Laineen loukkaantuminen valintapainetta?<\/strong><\/p>\n<p class=\"paragraph\">\u2013 Ei miss\u00e4\u00e4n nimess\u00e4. Toivoisimme, ett\u00e4 h\u00e4n pelaisi, Pennanen vastasi.<\/p>\n<p class=\"paragraph\"><strong>Eli olisiko h\u00e4n kisoissa ilman loukkaantumistaan?<\/strong><\/p>\n<p class=\"paragraph\">\u2013 Se on turhaa spekulaatiota. Emme voi tiet\u00e4\u00e4, miten h\u00e4n nyt pelaisi.<\/p>\n<p>Patrik Laine pelasi syksyll\u00e4 viisi ottelua tehoin 0+1. AOP \/ USA TODAY SPORTS<\/p>\n<p class=\"paragraph\">Laineen joukkuekaveri <a href=\"https:\/\/www.iltalehti.fi\/henkilot\/Oliver Kapanen\" class=\"article-link-person-page\" rel=\"nofollow noopener\" target=\"_blank\">Oliver Kapanen<\/a>, 22, sen sijaan p\u00e4\u00e4see mukaan Milanoon. H\u00e4n pelaa Canadiensissa l\u00e4pimurtokauttaan isketty\u00e4\u00e4n 40 ottelussa tehot 12+9.<\/p>\n<p class=\"paragraph\">\u2013 H\u00e4n on ollut monik\u00e4ytt\u00f6inen Montrealissa. H\u00e4n pelaa ylivoimaa ja alivoimaa ja h\u00e4nell\u00e4 on oikea k\u00e4si alhaalla. H\u00e4n tuo ehk\u00e4 aloituksiin lis\u00e4\u00e4 vaihtoehtoja, Pennanen luetteli.<\/p>\n<p class=\"paragraph\">\u2013 Kapanen on my\u00f6s minulle tuttu pelaaja nuorten maajoukkueesta. Ja senttereit\u00e4 on kuitenkin aina hyv\u00e4 olla, niin sekin puhuu h\u00e4nen puolestaan.<\/p>\n<p>Kapteeni tiedossa<\/p>\n<p class=\"paragraph\">Pennanen kehuu olympia-Leijonien olevan t\u00e4ynn\u00e4 voittajia. Se auttaa kapteenin valinnassa, kun <a href=\"https:\/\/www.iltalehti.fi\/henkilot\/Aleksander Barkov\" class=\"article-link-person-page\" rel=\"nofollow noopener\" target=\"_blank\">Aleksander Barkov<\/a> on loukkaantuneena sivussa.<\/p>\n<p class=\"paragraph\">\u2013 Meill\u00e4 on paljon mestaruuksia voittaneita pelaajia: maailmanmestareita, olympiavoittajia ja Stanely Cup -voittajia. Johtavia pelaajia on useampia. Uskon, ett\u00e4 l\u00f6yd\u00e4mme huippukapteenin, valmentaja sanoi.<\/p>\n<p class=\"paragraph\"><strong>Onko kapteeni jo tiedossa?<\/strong><\/p>\n<p class=\"paragraph\">\u2013 Kyll\u00e4 se aika vahvasti on. En kommentoi enemp\u00e4\u00e4.<\/p>\n<p class=\"paragraph\">Barkovin poisj\u00e4\u00e4nti oli Pennaselle alusta asti selv\u00e4\u00e4, kun hy\u00f6kk\u00e4\u00e4j\u00e4t\u00e4hti k\u00e4rsi syyskuussa vakavan polvivamman. T\u00e4m\u00e4 siit\u00e4kin huolimatta, ett\u00e4 Barkovin kuntoutuminen etenee hienosti.<\/p>\n<p class=\"paragraph\">\u2013 Tiesimme heti, ett\u00e4 h\u00e4n ei pysty pelaamaan. Vamma oli sen tyylinen, ett\u00e4 kuntoutumista on tosi vaikea nopeuttaa, vaikka h\u00e4n on tehnyt kaiken hyvin.<\/p>\n<p><a href=\"https:\/\/www.iltalehti.fi\/telkku\/?utm_source=iltalehti.fi&amp;utm_medium=almainternal&amp;utm_campaign=urheilu_artikkelibanneri&amp;utm_content=banner_612_a\" rel=\"nofollow noopener\" target=\"_blank\"><img decoding=\"async\" src=\"https:\/\/www.europesays.com\/fi\/wp-content\/uploads\/2025\/08\/7ef604e47d46ca174b7df4149bd3557dbde56a86d520f8e1b2125548b0a2e03a.png\" alt=\"TV-ohjelmat t\u00e4n\u00e4\u00e4n, TV-opas\"\/><\/a><\/p>\n","protected":false},"excerpt":{"rendered":"Antti Pennanen teki valintansa. Jesse Puljuj\u00e4rvi on varamiesten listalla. Se on kuitenkin pitk\u00e4. Pasi Liesimaa Isokokoinen puolustus, jossa&hellip;\n","protected":false},"author":2,"featured_media":131725,"comment_status":"","ping_status":"","sticky":false,"template":"","format":"standard","meta":{"footnotes":""},"categories":[158],"tags":[35,1274,33,31,30,1143,41,159,32,1145,160,161],"class_list":{"0":"post-131724","1":"post","2":"type-post","3":"status-publish","4":"format-standard","5":"has-post-thumbnail","7":"category-urheilu","8":"tag-24h","9":"tag-ammattiurheilu","10":"tag-fi","11":"tag-finland","12":"tag-finnish","13":"tag-jaakiekko","14":"tag-liikunta-ja-urheilu","15":"tag-sports","16":"tag-suomi","17":"tag-talviurheilu","18":"tag-urheilu","19":"tag-urheilutapahtumat"},"share_on_mastodon":{"url":"https:\/\/pubeurope.com\/@fi\/115826656851872729","error":""},"_links":{"self":[{"href":"https:\/\/www.europesays.com\/fi\/wp-json\/wp\/v2\/posts\/131724","targetHints":{"allow":["GET"]}}],"collection":[{"href":"https:\/\/www.europesays.com\/fi\/wp-json\/wp\/v2\/posts"}],"about":[{"href":"https:\/\/www.europesays.com\/fi\/wp-json\/wp\/v2\/types\/post"}],"author":[{"embeddable":true,"href":"https:\/\/www.europesays.com\/fi\/wp-json\/wp\/v2\/users\/2"}],"replies":[{"embeddable":true,"href":"https:\/\/www.europesays.com\/fi\/wp-json\/wp\/v2\/comments?post=131724"}],"version-history":[{"count":0,"href":"https:\/\/www.europesays.com\/fi\/wp-json\/wp\/v2\/posts\/131724\/revisions"}],"wp:featuredmedia":[{"embeddable":true,"href":"https:\/\/www.europesays.com\/fi\/wp-json\/wp\/v2\/media\/131725"}],"wp:attachment":[{"href":"https:\/\/www.europesays.com\/fi\/wp-json\/wp\/v2\/media?parent=131724"}],"wp:term":[{"taxonomy":"category","embeddable":true,"href":"https:\/\/www.europesays.com\/fi\/wp-json\/wp\/v2\/categories?post=131724"},{"taxonomy":"post_tag","embeddable":true,"href":"https:\/\/www.europesays.com\/fi\/wp-json\/wp\/v2\/tags?post=131724"}],"curies":[{"name":"wp","href":"https:\/\/api.w.org\/{rel}","templated":true}]}}