{"id":131726,"date":"2026-01-02T17:21:08","date_gmt":"2026-01-02T17:21:08","guid":{"rendered":"https:\/\/www.europesays.com\/fi\/131726\/"},"modified":"2026-01-02T17:21:08","modified_gmt":"2026-01-02T17:21:08","slug":"salakuvat-helena-lindgrenilla-yllattavia-haasteita-stockmannissa","status":"publish","type":"post","link":"https:\/\/www.europesays.com\/fi\/131726\/","title":{"rendered":"Salakuvat: Helena Lindgrenill\u00e4 yll\u00e4tt\u00e4vi\u00e4 haasteita Stockmannissa"},"content":{"rendered":"<p>            Matti Matikainen\n        <\/p>\n<p class=\"subtitle \">Lukijan mukaan Helena oli liikkeell\u00e4 yksin, ja osastolla oli h\u00e4nen lis\u00e4kseen vain myyji\u00e4.<\/p>\n<p class=\"article-content article-content-width !bg-background\">Suomalainen meikkitaiteilija ja elegantti seurapiirilady  on tunnistettava hahmo.<\/p>\n<p class=\"article-content article-content-width !bg-background\">Tunnistettava on my\u00f6s Helenan ex-mies, tanssija-koreografi .<\/p>\n<p class=\"article-content article-content-width !bg-background\">Juuri ennen joulua Seiskan lukija t\u00f6rm\u00e4si Helenaan \u2013 l\u00e4hes kirjaimellisesti \u2013 Helsingin keskustan Stockmannilla.<\/p>\n<p>        <a itemprop=\"url\" href=\"https:\/\/www.seiska.fi\/vain-seiskassa\/kuin-flow-festareille-menossa-suomen-kaunein-mummo-yllatti-trendikkaassa-asussa-kuvat\/1909361\" rel=\"nofollow noopener\" target=\"_blank\"><\/p>\n<p>\nSuomen kaunein mummo\n<\/p>\n<p class=\"section-date\">\n        <strong class=\"article-section\" data-section=\"vain seiskassa\"><br \/>\n            vain seiskassa<br \/>\n        <\/strong><br \/>\n        31.8.2025 12:00\n    <\/p>\n<p>Kuin Flow-festareille menossa! Suomen kaunein mummo yll\u00e4tti trendikk\u00e4\u00e4ss\u00e4 asussa \u2013 kuvat!\n    <\/p>\n<p itemprop=\"description\" class=\"subtitle \">\n    Helenalla oli muotitietoisesti nilkat paljaana.\n<\/p>\n<p>        <\/a><\/p>\n<p class=\"article-content article-content-width !bg-background\">Helena shoppaili maanantai-iltana pari p\u00e4iv\u00e4\u00e4 ennen jouluaattoa nuorten osastolla Bossin vaatteita.\u00a0<\/p>\n<p>                <img decoding=\"async\" src=\"https:\/\/www.europesays.com\/fi\/wp-content\/uploads\/2026\/01\/1896921.webp.jpeg\" width=\"576\" height=\"720\" alt=\"Entinen aviopari ja nykyiset yst\u00e4v\u00e4t: Helena Lindgren ja Jorma Uotinen. Kuva vuodelta 2007.\" loading=\"lazy\" \/>            <\/p>\n<p>\n            Entinen aviopari ja nykyiset yst\u00e4v\u00e4t: Helena Lindgren ja Jorma Uotinen. Kuva vuodelta 2007.<br \/>\n            Allerin arkisto\n        <\/p>\n<p>&#8221;Samoille rekeille&#8221;<\/p>\n<p class=\"article-content article-content-width !bg-background\">Tilanne oli lukijan mukaan sanalla sanoen yll\u00e4tt\u00e4v\u00e4.<\/p>\n<p class=\"article-content article-content-width !bg-background\">\u2013 Min\u00e4 ja poikani katselimme ja sovittelimme paitaa, kun Helena yht\u00e4kki\u00e4 pelmahti k\u00e4yt\u00e4nn\u00f6ss\u00e4 samoille rekeille, lukija kertoo.<\/p>\n<p>        <a itemprop=\"url\" href=\"https:\/\/www.seiska.fi\/katso\/tallaisena-et-ole-ennen-nahnyt-helena-lindgrenia-vetaa-rajayttavan-rock-shown-tahdet-tahdet-ohjelmassa\/1319958\" rel=\"nofollow noopener\" target=\"_blank\"><\/p>\n<p class=\"section-date\">\n        <strong class=\"article-section\" data-section=\"katso\"><br \/>\n            katso<br \/>\n        <\/strong><br \/>\n        13.4.2024 09:15\n    <\/p>\n<p>T\u00e4llaisena et ole ennen n\u00e4hnyt Helena Lindgreni\u00e4 \u2013 vet\u00e4\u00e4 r\u00e4j\u00e4ytt\u00e4v\u00e4n rock-show&#8217;n T\u00e4hdet, t\u00e4hdet -ohjelmassa\n    <\/p>\n<p itemprop=\"description\" class=\"subtitle \">\n    T\u00e4hdet, t\u00e4hdet -kaudesta n\u00e4hd\u00e4\u00e4n toinen jakso, jossa Helena Lindgren tekee jotain ensimm\u00e4ist\u00e4 kertaa el\u00e4m\u00e4ss\u00e4\u00e4n.\n<\/p>\n<p>        <\/a><\/p>\n<p class=\"article-content article-content-width !bg-background\">Lukijan mukaan Helena oli liikkeell\u00e4 yksin, ja osastolla oli h\u00e4nen lis\u00e4kseen vain myyji\u00e4.<\/p>\n<p class=\"article-content article-content-width !bg-background\">\u2013 Helena oli eritt\u00e4in rauhallinen, ei lainkaan k\u00e4rsim\u00e4t\u00f6n tai joulukiireinen.<\/p>\n<p>                <img decoding=\"async\" src=\"https:\/\/www.europesays.com\/fi\/wp-content\/uploads\/2026\/01\/2031988.webp.jpeg\" width=\"576\" height=\"735\" alt=\"Lukijan mukaan Helenan toiminta ostop\u00e4\u00e4t\u00f6ksen suhteen oli tehokasta.\" loading=\"lazy\" \/>            <\/p>\n<p>\n            Lukijan mukaan Helenan toiminta ostop\u00e4\u00e4t\u00f6ksen suhteen oli tehokasta.<br \/>\n            Lukijan kuva\n        <\/p>\n<p>&#8221;Otti vaatteen heti&#8221;<\/p>\n<p class=\"article-content article-content-width !bg-background\">Erityist\u00e4 huomiota her\u00e4tti se, kuinka nopeasti Lindgren teki ostop\u00e4\u00e4t\u00f6ksens\u00e4.<\/p>\n<p class=\"article-content article-content-width !bg-background\">\u2013 H\u00e4n ei juuri vertaillut tuotteita, vaan otti vaatteen heti ja sanoi myyj\u00e4lle vain, ett\u00e4 \u201dmun mielest\u00e4 t\u00e4\u00e4 on jouluna kiva pukea\u201d, lukija muistelee.<\/p>\n<p>        <a itemprop=\"url\" href=\"https:\/\/www.seiska.fi\/vain-seiskassa\/tahdet-tahdet-kilpailija-helena-lindgren-ihastutti-tyylillaan-kuva\/1357985\" rel=\"nofollow noopener\" target=\"_blank\"><\/p>\n<p>\nVain Seiskassa!\n<\/p>\n<p class=\"section-date\">\n        <strong class=\"article-section\" data-section=\"vain seiskassa\"><br \/>\n            vain seiskassa<br \/>\n        <\/strong><br \/>\n        25.5.2024 18:00\n    <\/p>\n<p>T\u00e4hdet, t\u00e4hdet -kilpailija Helena Lindgren ihastutti tyylill\u00e4\u00e4n \u2013 kuva\n    <\/p>\n<p itemprop=\"description\" class=\"subtitle \">\n    Aina niin tyylik\u00e4s maskeeraaja n\u00e4ytt\u00e4ytyi Helsingin hienostoalueella.\n<\/p>\n<p>        <\/a><\/p>\n<p class=\"article-content article-content-width !bg-background\">Lukijan arvion mukaan kyseess\u00e4 oli lasten tai nuorten Bossin collegepaita tai -takki, jonka hinta oli vajaat sata euroa.<\/p>\n<p class=\"article-content article-content-width !bg-background\">Kassalla muuten sujuva ja tehokkaan suoraviivainen asiointi kuitenkin muuttui, sill\u00e4 maksamiseen kului yll\u00e4tt\u00e4v\u00e4n paljon aikaa.<\/p>\n<p class=\"article-content article-content-width !bg-background\">\u2013 Siin\u00e4 oli selv\u00e4sti s\u00e4\u00e4t\u00f6\u00e4. Kortteja tai jotain py\u00f6riteltiin, ja maksamiseen meni minuuttikaupalla. En ole ihan varma, liittyik\u00f6 se paketointiin, lukija ruotii.<\/p>\n<p>                <img decoding=\"async\" src=\"https:\/\/www.europesays.com\/fi\/wp-content\/uploads\/2026\/01\/2031990.webp.jpeg\" width=\"576\" height=\"576\" alt=\"Kassalla sen sijaan Helenalla meni syyst\u00e4 tai toisesta enemm\u00e4n aikaa.\" loading=\"lazy\" \/>            <\/p>\n<p>\n            Kassalla sen sijaan Helenalla meni syyst\u00e4 tai toisesta enemm\u00e4n aikaa.<br \/>\n            Lukijan kuva\n        <\/p>\n<p>Edelleen karismaattinen<\/p>\n<p class=\"article-content article-content-width !bg-background\">Vaikka tilanne oli arkinen, Helena teki keski-ik\u00e4iseen mieheen vaikutuksen.<\/p>\n<p class=\"article-content article-content-width !bg-background\">\u2013 Kyll\u00e4h\u00e4n h\u00e4n karismaattinen on edelleen, vaikka talvivaatteissaan vaateostoksilla, lukija summaa.<\/p>\n<p class=\"article-content article-content-width !bg-background\">Perheen nuorempi osapuoli ei kuitenkaan ollut yht\u00e4 vaikuttunut.<\/p>\n<p class=\"article-content article-content-width !bg-background\">\u2013 Oma poikani, 11 vuotta, kysyi vain: \u201dai kukaaa?!\u201d, lukija nauraa.<\/p>\n<p class=\"article-content article-content-width !bg-background\">Helena jatkoi ostosreissuaan rauhallisesti \u2013 aivan kuin kuka tahansa joulukiireinen suomalainen.<\/p>\n","protected":false},"excerpt":{"rendered":"Matti Matikainen Lukijan mukaan Helena oli liikkeell\u00e4 yksin, ja osastolla oli h\u00e4nen lis\u00e4kseen vain myyji\u00e4. Suomalainen meikkitaiteilija ja&hellip;\n","protected":false},"author":2,"featured_media":131727,"comment_status":"","ping_status":"","sticky":false,"template":"","format":"standard","meta":{"footnotes":""},"categories":[130],"tags":[137,33,31,30,4165,4164,5856,106,4367,32,109],"class_list":{"0":"post-131726","1":"post","2":"type-post","3":"status-publish","4":"format-standard","5":"has-post-thumbnail","7":"category-viihde","8":"tag-entertainment","9":"tag-fi","10":"tag-finland","11":"tag-finnish","12":"tag-helena-lindgren","13":"tag-jorma-uotinen","14":"tag-joulu","15":"tag-muoti","16":"tag-stockmann","17":"tag-suomi","18":"tag-viihde"},"share_on_mastodon":{"url":"https:\/\/pubeurope.com\/@fi\/115826660715398589","error":""},"_links":{"self":[{"href":"https:\/\/www.europesays.com\/fi\/wp-json\/wp\/v2\/posts\/131726","targetHints":{"allow":["GET"]}}],"collection":[{"href":"https:\/\/www.europesays.com\/fi\/wp-json\/wp\/v2\/posts"}],"about":[{"href":"https:\/\/www.europesays.com\/fi\/wp-json\/wp\/v2\/types\/post"}],"author":[{"embeddable":true,"href":"https:\/\/www.europesays.com\/fi\/wp-json\/wp\/v2\/users\/2"}],"replies":[{"embeddable":true,"href":"https:\/\/www.europesays.com\/fi\/wp-json\/wp\/v2\/comments?post=131726"}],"version-history":[{"count":0,"href":"https:\/\/www.europesays.com\/fi\/wp-json\/wp\/v2\/posts\/131726\/revisions"}],"wp:featuredmedia":[{"embeddable":true,"href":"https:\/\/www.europesays.com\/fi\/wp-json\/wp\/v2\/media\/131727"}],"wp:attachment":[{"href":"https:\/\/www.europesays.com\/fi\/wp-json\/wp\/v2\/media?parent=131726"}],"wp:term":[{"taxonomy":"category","embeddable":true,"href":"https:\/\/www.europesays.com\/fi\/wp-json\/wp\/v2\/categories?post=131726"},{"taxonomy":"post_tag","embeddable":true,"href":"https:\/\/www.europesays.com\/fi\/wp-json\/wp\/v2\/tags?post=131726"}],"curies":[{"name":"wp","href":"https:\/\/api.w.org\/{rel}","templated":true}]}}