{"id":131730,"date":"2026-01-02T17:25:07","date_gmt":"2026-01-02T17:25:07","guid":{"rendered":"https:\/\/www.europesays.com\/fi\/131730\/"},"modified":"2026-01-02T17:25:07","modified_gmt":"2026-01-02T17:25:07","slug":"naisen-epaillaan-kuolleen-puuman-hyokkayksessa-ensimmainen-tapaus-27-vuoteen-uutissuomalainen","status":"publish","type":"post","link":"https:\/\/www.europesays.com\/fi\/131730\/","title":{"rendered":"Naisen ep\u00e4ill\u00e4\u00e4n kuolleen puuman hy\u00f6kk\u00e4yksess\u00e4 \u2013\u2009ensimm\u00e4inen tapaus 27 vuoteen | Uutissuomalainen"},"content":{"rendered":"<p>Naisen ep\u00e4ill\u00e4\u00e4n kuolleen torstaina puuman hy\u00f6kk\u00e4yksess\u00e4 Yhdysvaltain Coloradossa, kertovat paikalliset viranomaiset <a href=\"https:\/\/www.nbcnews.com\/news\/us-news\/woman-dies-suspected-mountain-lion-attack-colorados-first-deadly-encou-rcna251881\" rel=\"nofollow noopener\" target=\"_blank\">NBC Newsin <\/a>mukaan.<\/p>\n<p>Vaeltajat kertoivat viranomaisille n\u00e4hneens\u00e4 puuman l\u00e4hell\u00e4 maassa makaavaa henkil\u00f6\u00e4 torstaina keskip\u00e4iv\u00e4n aikoihin Crosier Mountain -nimisell\u00e4 polulla Larimerin piirikunnassa. Vaeltajat h\u00e4\u00e4tiv\u00e4t puuman pois heittelem\u00e4ll\u00e4 kivi\u00e4. Yksi paikalla olleista oli l\u00e4\u00e4k\u00e4ri, eik\u00e4 h\u00e4n l\u00f6yt\u00e4nyt naiselta pulssia.<\/p>\n<p><strong class=\"diks-storyline__impact\">Coloradon puisto- ja villiel\u00e4invirasto<\/strong> tutkii kuolemaa ep\u00e4iltyn\u00e4 puuman hy\u00f6kk\u00e4yksen\u00e4.<\/p>\n<p>\u2013 Oli merkkej\u00e4 siit\u00e4, ett\u00e4 t\u00e4m\u00e4 liittyi puuman hy\u00f6kk\u00e4ykseen, mutta emme voi sanoa varmasti, Coloradon puisto- ja villiel\u00e4inviraston tiedottaja <strong>Kara Van Hoose<\/strong> sanoi median mukaan.<\/p>\n<p>H\u00e4nen mukaansa nainen oli vaeltamassa yksin.<\/p>\n<p><strong class=\"diks-storyline__impact\">Tapauksen takia alueelta<\/strong> on tapettu kaksi puumaa. Coloradon puisto- ja villiel\u00e4invirasto edellytt\u00e4\u00e4, ett\u00e4 ihmisiin kohdistuneisiin hy\u00f6kk\u00e4yksiin osallistuneet villiel\u00e4imet on lopetettava yleisen turvallisuuden vuoksi.<\/p>\n<p>Tapetuista puumista testataan, l\u00f6ytyyk\u00f6 niist\u00e4 ihmisen DNA:ta. Jos DNA:ta ei l\u00f6ydy, etsint\u00f6j\u00e4 jatketaan. Lis\u00e4ksi tutkitaan, onko el\u00e4imill\u00e4 esimerkiksi rabies.<\/p>\n<p><strong class=\"diks-storyline__impact\">Puumahy\u00f6kk\u00e4ykset ovat Coloradossa<\/strong> hyvin harvinaisia. Vuodesta 1990 l\u00e4htien virastolle on ilmoitettu 28 hy\u00f6kk\u00e4yst\u00e4. Viimeisin kuolemaan johtanut hy\u00f6kk\u00e4ys oli 27 vuotta sitten, vuonna 1999.<\/p>\n","protected":false},"excerpt":{"rendered":"Naisen ep\u00e4ill\u00e4\u00e4n kuolleen torstaina puuman hy\u00f6kk\u00e4yksess\u00e4 Yhdysvaltain Coloradossa, kertovat paikalliset viranomaiset NBC Newsin mukaan. Vaeltajat kertoivat viranomaisille n\u00e4hneens\u00e4&hellip;\n","protected":false},"author":2,"featured_media":131731,"comment_status":"","ping_status":"","sticky":false,"template":"","format":"standard","meta":{"footnotes":""},"categories":[14],"tags":[722,22,23,404,26,27,33,31,30,17,683,24,25,72,28,29,15,785,18,21,103,32,19,20,56,16,59,60,61,534],"class_list":{"0":"post-131730","1":"post","2":"type-post","3":"status-publish","4":"format-standard","5":"has-post-thumbnail","7":"category-ulkomaat","8":"tag-amerikka","9":"tag-breaking-news","10":"tag-breakingnews","11":"tag-elaimet","12":"tag-featured-news","13":"tag-featurednews","14":"tag-fi","15":"tag-finland","16":"tag-finnish","17":"tag-headlines","18":"tag-kuolema","19":"tag-latest-news","20":"tag-latestnews","21":"tag-luonto","22":"tag-main-news","23":"tag-mainnews","24":"tag-news","25":"tag-nisakkaat","26":"tag-otsikot","27":"tag-paauutiset","28":"tag-sosiaalikysymykset","29":"tag-suomi","30":"tag-top-stories","31":"tag-topstories","32":"tag-ulkomaat","33":"tag-uutiset","34":"tag-world","35":"tag-world-news","36":"tag-worldnews","37":"tag-ymparisto-ja-luonto"},"share_on_mastodon":{"url":"https:\/\/pubeurope.com\/@fi\/115826676519844157","error":""},"_links":{"self":[{"href":"https:\/\/www.europesays.com\/fi\/wp-json\/wp\/v2\/posts\/131730","targetHints":{"allow":["GET"]}}],"collection":[{"href":"https:\/\/www.europesays.com\/fi\/wp-json\/wp\/v2\/posts"}],"about":[{"href":"https:\/\/www.europesays.com\/fi\/wp-json\/wp\/v2\/types\/post"}],"author":[{"embeddable":true,"href":"https:\/\/www.europesays.com\/fi\/wp-json\/wp\/v2\/users\/2"}],"replies":[{"embeddable":true,"href":"https:\/\/www.europesays.com\/fi\/wp-json\/wp\/v2\/comments?post=131730"}],"version-history":[{"count":0,"href":"https:\/\/www.europesays.com\/fi\/wp-json\/wp\/v2\/posts\/131730\/revisions"}],"wp:featuredmedia":[{"embeddable":true,"href":"https:\/\/www.europesays.com\/fi\/wp-json\/wp\/v2\/media\/131731"}],"wp:attachment":[{"href":"https:\/\/www.europesays.com\/fi\/wp-json\/wp\/v2\/media?parent=131730"}],"wp:term":[{"taxonomy":"category","embeddable":true,"href":"https:\/\/www.europesays.com\/fi\/wp-json\/wp\/v2\/categories?post=131730"},{"taxonomy":"post_tag","embeddable":true,"href":"https:\/\/www.europesays.com\/fi\/wp-json\/wp\/v2\/tags?post=131730"}],"curies":[{"name":"wp","href":"https:\/\/api.w.org\/{rel}","templated":true}]}}