{"id":131732,"date":"2026-01-02T17:26:13","date_gmt":"2026-01-02T17:26:13","guid":{"rendered":"https:\/\/www.europesays.com\/fi\/131732\/"},"modified":"2026-01-02T17:26:13","modified_gmt":"2026-01-02T17:26:13","slug":"mostromit-asuvat-15-asteessa-asentajien-sormet-jaatyvat-pakkasessa-nain-hannes-myrsky-vaikuttaa-yha-kotimaa","status":"publish","type":"post","link":"https:\/\/www.europesays.com\/fi\/131732\/","title":{"rendered":"Mostr\u00f6mit asuvat 15 asteessa, asentajien sormet j\u00e4\u00e4tyv\u00e4t pakkasessa \u2013 n\u00e4in Hannes-myrsky vaikuttaa yh\u00e4 | Kotimaa"},"content":{"rendered":"<p class=\"aw-1gybjub aw-5vja16 kEtdKx kmuxyA yle__article__paragraph\">K\u00e4vimme kahdessa kruunupyy\u00adl\u00e4isess\u00e4 kodissa kysym\u00e4ss\u00e4, miten ne p\u00e4rj\u00e4\u00e4v\u00e4t, kun s\u00e4hk\u00f6t ovat olleet poikki l\u00e4hes viikon.<\/p>\n<p><img decoding=\"async\" alt=\"Mies istuu talossa sohvalla. Etualalla on kaasupullo ja l\u00e4mmityslaite.\" src=\"https:\/\/www.europesays.com\/fi\/wp-content\/uploads\/2026\/01\/39-15765936957c57b93a84.jpeg\" class=\"aw-1l9m598 hKVVvP\"\/><\/p>\n<p>Avaa kuvien katselu<\/p>\n<p>Stig Mostr\u00f6m kotonaan Kruunupyyss\u00e4. Etualalla olevaa l\u00e4mmityslaitetta he k\u00e4yttiv\u00e4t aluksi, kun s\u00e4hk\u00f6t meniv\u00e4t. Kuva: Kalle Niskala \/ Yle<\/p>\n<ul class=\"aw-1jjocuh iJTSwP yle__article__list yle__article__list--ul\">\n<li class=\"aw-1j7gwms gNYKfi\">Hannes-myrsky on j\u00e4tt\u00e4nyt sadat taloudet Pirkanmaalla ja Pohjanmaalla ilman s\u00e4hk\u00f6\u00e4 l\u00e4hes viikoksi.<\/li>\n<li class=\"aw-1j7gwms gNYKfi\">Kruunupyyss\u00e4 asukkaat l\u00e4mmitt\u00e4v\u00e4t kylmi\u00e4 kotejaan ja k\u00e4ytt\u00e4v\u00e4t kodinkoneita aggregaattien avulla.<\/li>\n<li class=\"aw-1j7gwms gNYKfi\">S\u00e4hk\u00f6asentajien mukaan tuhot ovat poikkeuksellisen laajat ja korjausty\u00f6t jatkuvat pakkasessa.<\/li>\n<\/ul>\n<p class=\"aw-1gybjub aw-1p7kakr kEtdKx cEmitX yle__article__paragraph\">Kruunupyyss\u00e4 Pohjanmaalla on ollut t\u00e4n\u00e4\u00e4nkin <a class=\"aw-iao6s4 iHOxEa yle__article__link\" href=\"https:\/\/sahkokatkokartta.fi\/\" role=\"link\" rel=\"nofollow noopener\" target=\"_blank\">maan eniten s\u00e4hk\u00f6tt\u00f6mi\u00e4 kotitalouksia<\/a>.<\/p>\n<p class=\"aw-1gybjub aw-1p7kakr kEtdKx cEmitX yle__article__paragraph\">Kruunupyyl\u00e4isten Mostr\u00f6mien kotona on viile\u00e4\u00e4. <strong class=\"aw-ak79eh KyCXm yle__article__strong\">Stig Mostr\u00f6mill\u00e4<\/strong> on p\u00e4\u00e4ll\u00e4\u00e4n haalari. <strong class=\"aw-ak79eh KyCXm yle__article__strong\">Kerstin Mostr\u00f6m<\/strong> etsii l\u00e4mp\u00f6\u00e4 viltist\u00e4 ja villasukista. Hannes-myrsky katkaisi s\u00e4hk\u00f6t pariskunnan kotoa lauantaina.<\/p>\n<p class=\"aw-1gybjub aw-1p7kakr kEtdKx cEmitX yle__article__paragraph\">Ensimm\u00e4isin\u00e4 p\u00e4ivin\u00e4 l\u00e4mpo\u00e4 sai vain kaasulla toimivasta l\u00e4mmittimest\u00e4. Silloin kamarin l\u00e4mp\u00f6tila oli 15 astetta. Muissa huoneissa oli viel\u00e4 kylmemp\u00e4\u00e4.<\/p>\n<p class=\"aw-1gybjub aw-1p7kakr kEtdKx cEmitX yle__article__paragraph\">Vanhat \u00f6ljyll\u00e4 toimivat patterit l\u00e4mmitt\u00e4v\u00e4t hieman. L\u00e4mmint\u00e4 vett\u00e4 ei Mostr\u00f6meille kuitenkaan tule. Sukulainen tuo pariskunnalle l\u00e4mpim\u00e4n ruoan kerran p\u00e4iv\u00e4ss\u00e4.<\/p>\n<p><img decoding=\"async\" alt=\"Laitteita talon sein\u00e4n vieress\u00e4.\" src=\"https:\/\/www.europesays.com\/fi\/wp-content\/uploads\/2026\/01\/39-15765906957c578e5826.jpeg\" loading=\"lazy\" class=\"aw-1l9m598 hKVVvP\"\/><\/p>\n<p>Avaa kuvien katselu<\/p>\n<p>Maanantaina Mostr\u00f6mit ostivat k\u00e4ytetyn aggregaatin, mutta sen s\u00e4hk\u00f6piikki rikkoi l\u00e4mminvesivaraajan pumpun. Sen j\u00e4lkeen Mostr\u00f6mit hankkivat uuden aggregaatin. Sen avulla he saavat virtaa j\u00e4\u00e4kaappiin ja pakastimeen. Kuva: Kalle Niskala \/ Yle<\/p>\n<p class=\"aw-1gybjub aw-1p7kakr kEtdKx cEmitX yle__article__paragraph\">Mostr\u00f6mien naapurustossa asuvien <strong class=\"aw-ak79eh KyCXm yle__article__strong\">Ralf<\/strong> ja <strong class=\"aw-ak79eh KyCXm yle__article__strong\">Helene Bj\u00f6rklundin<\/strong> kotona sen sijaan on l\u00e4mmin, vaikka s\u00e4hk\u00f6t ovat olleet heill\u00e4kin poikki kohta viikon.<\/p>\n<p class=\"aw-1gybjub aw-1p7kakr kEtdKx cEmitX yle__article__paragraph\">Pariskunta osti heti sunnuntaina aggregaatin. Sen avulla talossa toimii l\u00e4mmitys ja j\u00e4\u00e4kaappi.<\/p>\n<p class=\"aw-1gybjub aw-1p7kakr kEtdKx cEmitX yle__article__paragraph\">Lis\u00e4ksi lattialla on paljon jatkojohtoja, joiden avulla saa muutaman lampun p\u00e4\u00e4lle ja voi katsoa pient\u00e4 televisiota. Lis\u00e4ksi Bj\u00f6rklundeilla on pattereilla toimiva otsalamppu ja kynttil\u00f6it\u00e4.<\/p>\n<p>Ralf ja Helene Bj\u00f6rklund ovat laittaneet ruokaa retkikeittimell\u00e4.<\/p>\n<p class=\"aw-1gybjub aw-1p7kakr kEtdKx cEmitX yle__article__paragraph\">Toisin kuin Mostr\u00f6meill\u00e4, Bj\u00f6rklundeilla hanasta tulee l\u00e4mmint\u00e4 vett\u00e4. Pyykkikone ei toimi, mutta Helene Bj\u00f6rklund on pessyt v\u00e4h\u00e4n nyrkkipyykki\u00e4.<\/p>\n<p class=\"aw-1gybjub aw-1p7kakr kEtdKx cEmitX yle__article__paragraph\">\u2013 Vaikeinta on ollut ruoanlaitto, kun hella ei toimi. Olemme sy\u00f6neet p\u00e4\u00e4asiassa retkikeittimell\u00e4 tehtyj\u00e4 keittoja ja voileipi\u00e4, Helene Bj\u00f6rklund kertoo.<\/p>\n<p class=\"aw-1gybjub aw-1p7kakr kEtdKx cEmitX yle__article__paragraph\">\u2013 Ja ainahan on McDonalds ja Kotipizza, Ralf Bj\u00f6rklund naurahtaa.<\/p>\n<p>S\u00e4hk\u00f6katko tulee kalliiksi<\/p>\n<p class=\"aw-1gybjub aw-1p7kakr kEtdKx cEmitX yle__article__paragraph\">Sek\u00e4 Mostr\u00f6mit ett\u00e4 Bj\u00f6rklundit ovat jo nyt joutuneet maksamaan ylim\u00e4\u00e4r\u00e4ist\u00e4 pitk\u00e4n s\u00e4hk\u00f6katkon vuoksi.<\/p>\n<p class=\"aw-1gybjub aw-1p7kakr kEtdKx cEmitX yle__article__paragraph\">Mostr\u00f6mien aggregaatti maksoi 370 euroa, Bj\u00f6rklundien noin 600 euroa.<\/p>\n<p class=\"aw-1gybjub aw-1p7kakr kEtdKx cEmitX yle__article__paragraph\">Mostr\u00f6mien pit\u00e4\u00e4 lis\u00e4t\u00e4 aggregaattiin bensaa nelj\u00e4n tunnin v\u00e4lein. Hintaa 20 litralle tulee noin 35 euroa vuorokaudessa.<\/p>\n<p><img decoding=\"async\" alt=\"Mies lis\u00e4\u00e4 polttoainetta aggregaattiin.\" src=\"https:\/\/www.europesays.com\/fi\/wp-content\/uploads\/2026\/01\/39-15765926957c57aa4261.jpeg\" loading=\"lazy\" class=\"aw-1l9m598 hKVVvP\"\/><\/p>\n<p>Avaa kuvien katselu<\/p>\n<p>Bj\u00f6rklundeilla aggregaatti sy\u00f6 bensiini\u00e4 reilun 25 euron arvosta vuorokaudessa. \u201dJoka p\u00e4iv\u00e4 pit\u00e4\u00e4 hakea bensiini\u00e4\u201d, Ralf Bj\u00f6rklund sanoo. Kuva: Kalle Niskala \/ Yle<\/p>\n<p class=\"aw-1gybjub aw-1p7kakr kEtdKx cEmitX yle__article__paragraph\">Mostr\u00f6mit ja Bj\u00f6rklundit eiv\u00e4t syyt\u00e4 s\u00e4hk\u00f6laitoksia.<\/p>\n<p class=\"aw-1gybjub aw-1p7kakr kEtdKx cEmitX yle__article__paragraph\">\u2013 Kovilla ollaan, mutta korjaajat ovat tehneet parhaansa, ei heit\u00e4 voi moittia. Luonto on arvaamaton.<\/p>\n<p>Hannes-myrsky iski rajusti Pirkanmaalle<\/p>\n<p class=\"aw-1gybjub aw-1p7kakr kEtdKx cEmitX yle__article__paragraph\">Helppoa ei ole asentajillakaan.<\/p>\n<p class=\"aw-1gybjub aw-1p7kakr kEtdKx cEmitX yle__article__paragraph\">Hannes-myrsky riepotteli viikonloppuna Pirkanmaata poikkeuksellisen rajusti. Maakunnassa on edelleen satoja asiakkaita ilman s\u00e4hk\u00f6\u00e4, kun s\u00e4hk\u00f6yhti\u00f6iden asentajat kamppailevat korjaust\u00f6iden parissa pakkasessa.<\/p>\n<p><img decoding=\"async\" alt=\"Eltel Networksin asentaja Jyrki Isom\u00e4ki Oriveden maaseudulla s\u00e4hk\u00f6tolpassa poistamassa ty\u00f6maadoituksia.\" src=\"https:\/\/www.europesays.com\/fi\/wp-content\/uploads\/2026\/01\/39-15765086957b458ea6dd.jpeg\" loading=\"lazy\" class=\"aw-1l9m598 hKVVvP\"\/><\/p>\n<p>Avaa kuvien katselu<\/p>\n<p>Eltel Networksin asentaja Jyrki Isom\u00e4ki Oriveden maaseudulla s\u00e4hk\u00f6tolpassa poistamassa ty\u00f6maadoituksia. Kuva: Juha Kokkala \/ Yle<\/p>\n<p class=\"aw-1gybjub aw-1p7kakr kEtdKx cEmitX yle__article__paragraph\">Orivedell\u00e4 Ponsan pohjoispuolella ty\u00f6skentelev\u00e4 s\u00e4hk\u00f6asentaja <strong class=\"aw-ak79eh KyCXm yle__article__strong\">Jyrki Isom\u00e4ki<\/strong> kuvailee tuhoja mittaviksi.<\/p>\n<p class=\"aw-1gybjub aw-1p7kakr kEtdKx cEmitX yle__article__paragraph\">\u2013 Meill\u00e4 oli viisi pylv\u00e4sv\u00e4li\u00e4 niin, ett\u00e4 johtoja oli poikki tai alhaalla maassa. Pylv\u00e4iss\u00e4 orret olivat v\u00e4\u00e4ntyneet solmuun, Isom\u00e4ki kuvailee keskell\u00e4 korjausty\u00f6maata.<\/p>\n<p><img decoding=\"async\" alt=\"Eltel Networksin asentaja Jyrki Isom\u00e4ki ty\u00f6maalla Orivedell\u00e4 myrskytuhoja korjaamassa. \" src=\"https:\/\/www.europesays.com\/fi\/wp-content\/uploads\/2026\/01\/39-15765076957b3e1184e0.jpeg\" loading=\"lazy\" class=\"aw-1l9m598 hKVVvP\"\/><\/p>\n<p>Avaa kuvien katselu<\/p>\n<p>Jyrki Isom\u00e4en mukaan melkein kaikki isommat tuhot keskij\u00e4nnitelinjoilla ovat olleet hakkuuaukeiden kaatuneita reunapuita. Kuva: Juha Kokkala \/ Yle<\/p>\n<p class=\"aw-1gybjub aw-1p7kakr kEtdKx cEmitX yle__article__paragraph\">Isom\u00e4en mukaan juuri t\u00e4m\u00e4nkaltaiset kohteet ovat olleet tyypillisi\u00e4 viikonlopun myrskyss\u00e4.<\/p>\n<p class=\"aw-1gybjub aw-1p7kakr kEtdKx cEmitX yle__article__paragraph\">Asentajaryhm\u00e4 saapui paikalle jo my\u00f6h\u00e4\u00e4n edellisen\u00e4 iltana, mutta tuhojen laajuuden vuoksi ty\u00f6t p\u00e4\u00e4tettiin aloittaa vasta aamulla. Korjausprosessi on monivaiheinen.<\/p>\n<p class=\"aw-1gybjub aw-1p7kakr kEtdKx cEmitX yle__article__paragraph\">\u2013 Ensin maadoitettiin linja, ett\u00e4 p\u00e4\u00e4st\u00e4\u00e4n t\u00f6ihin. Sitten metsuri raivasi puut johdolta ja me ollaan korjattu johtoja. Nyt saatiin johdot yl\u00f6s, ja sitten viel\u00e4 ty\u00f6maadoitukset pois, niin saadaan palautettua s\u00e4hk\u00f6t, Isom\u00e4ki selostaa.<\/p>\n<p><img decoding=\"async\" alt=\"Eltel Networksin asentaja Mikko Marjam\u00e4ki tarkkailee maan pinnalta, kun Jyrki Isom\u00e4ki poistaa s\u00e4hk\u00f6tolpassa ty\u00f6maadoituksia.\" src=\"https:\/\/www.europesays.com\/fi\/wp-content\/uploads\/2026\/01\/39-15765096957b4a04cc2b.jpeg\" loading=\"lazy\" class=\"aw-1l9m598 hKVVvP\"\/><\/p>\n<p>Avaa kuvien katselu<\/p>\n<p>Eltel Networksin asentaja Mikko Marjam\u00e4ki tarkkailee maan pinnalta, kun Jyrki Isom\u00e4ki poistaa ty\u00f6maadoituksia Orivedell\u00e4. Kuva: Juha Kokkala \/ Yle<\/p>\n<p class=\"aw-1gybjub aw-1p7kakr kEtdKx cEmitX yle__article__paragraph\">Pakkasolosuhteet tuovat lis\u00e4haasteen jo valmiiksi vaativaan ty\u00f6h\u00f6n. Tuuli pahentaa tilannetta entisest\u00e4\u00e4n, erityisesti korkealla pylv\u00e4iss\u00e4 ty\u00f6skennelt\u00e4ess\u00e4.<\/p>\n<p class=\"aw-1gybjub aw-1p7kakr kEtdKx cEmitX yle__article__paragraph\">\u2013 Tolpassa on itse asiassa viel\u00e4 kylmempi kuin t\u00e4ss\u00e4 maanpinnalla, kun tuuli tuivertaa siell\u00e4 enemm\u00e4n. Liikkeess\u00e4 pysym\u00e4ll\u00e4 l\u00e4mp\u00f6 s\u00e4ilyy, mutta varpaat ja sormet j\u00e4\u00e4tyv\u00e4t joka tapauksessa. Siihen eiv\u00e4t v\u00e4ltt\u00e4m\u00e4tt\u00e4 auta ihan kaikki varusteetkaan.<\/p>\n<p><img decoding=\"async\" alt=\"Vasemmalta metsuri Timo Teuho-Markkola (TT Maisema Oy), asentaja Mikko Marjam\u00e4ki (Eltel Networks), asentaja Jyrki Isom\u00e4ki (Eltel Networks).\" src=\"https:\/\/www.europesays.com\/fi\/wp-content\/uploads\/2026\/01\/39-15765106957b5164edff.jpeg\" loading=\"lazy\" class=\"aw-1l9m598 hKVVvP\"\/><\/p>\n<p>Avaa kuvien katselu<\/p>\n<p>Vasemmalta metsuri Timo Teuho-Markkola TT Maisema oy:st\u00e4 sek\u00e4 Eltel Networksin asentajat Mikko Marjam\u00e4ki ja Jyrki Isom\u00e4ki. Kuva: Juha Kokkala \/ Yle<\/p>\n<p class=\"aw-1gybjub aw-1p7kakr kEtdKx cEmitX yle__article__paragraph\">Isom\u00e4ell\u00e4 on yli 25 vuoden kokemus myrskytuhojen korjaamisesta. H\u00e4n arvioi Hannes-myrskyn tuhot poikkeuksellisen pahoiksi.<\/p>\n<p class=\"aw-1gybjub aw-1p7kakr kEtdKx cEmitX yle__article__paragraph\">\u2013 Vuonna 2001 Janika-myrsky oli viel\u00e4 pahempi, mutta kyll\u00e4 t\u00e4m\u00e4 toiseksi pahin on ainakin miss\u00e4 min\u00e4 olen ollut.<\/p>\n<p class=\"aw-1gybjub aw-1p7kakr kEtdKx cEmitX yle__article__paragraph\">S\u00e4hk\u00f6tt\u00f6mien asiakkaiden kannalta tilanne helpottuu pian, mutta kokonaisuudessaan korjausty\u00f6t jatkuvat viel\u00e4 pitk\u00e4\u00e4n.<\/p>\n<p class=\"aw-1gybjub aw-1p7kakr kEtdKx cEmitX yle__article__paragraph\">\u2013 Uskon, ett\u00e4 s\u00e4hk\u00f6tt\u00f6m\u00e4t asiakkaat saavat s\u00e4hk\u00f6t p\u00e4iv\u00e4n parin sis\u00e4\u00e4n, mutta kaikkinensa korjausty\u00f6t voivat jatkua viel\u00e4 pari viikkoa, Isom\u00e4ki arvioi.<\/p>\n","protected":false},"excerpt":{"rendered":"K\u00e4vimme kahdessa kruunupyy\u00adl\u00e4isess\u00e4 kodissa kysym\u00e4ss\u00e4, miten ne p\u00e4rj\u00e4\u00e4v\u00e4t, kun s\u00e4hk\u00f6t ovat olleet poikki l\u00e4hes viikon. Avaa kuvien katselu&hellip;\n","protected":false},"author":2,"featured_media":131733,"comment_status":"","ping_status":"","sticky":false,"template":"","format":"standard","meta":{"footnotes":""},"categories":[12],"tags":[22,23,2038,26,27,33,31,30,17,451,71,9893,24,25,28,29,15,7588,18,21,553,449,2007,4059,932,9428,32,19,20,16,12221],"class_list":{"0":"post-131732","1":"post","2":"type-post","3":"status-publish","4":"format-standard","5":"has-post-thumbnail","7":"category-suomi","8":"tag-breaking-news","9":"tag-breakingnews","10":"tag-energia","11":"tag-featured-news","12":"tag-featurednews","13":"tag-fi","14":"tag-finland","15":"tag-finnish","16":"tag-headlines","17":"tag-keski-pohjanmaa","18":"tag-kotimaa","19":"tag-kruunupyy","20":"tag-latest-news","21":"tag-latestnews","22":"tag-main-news","23":"tag-mainnews","24":"tag-news","25":"tag-orivesi","26":"tag-otsikot","27":"tag-paauutiset","28":"tag-pirkanmaa","29":"tag-pohjanmaa","30":"tag-sahko","31":"tag-sahkokatkot","32":"tag-sahkontuotanto-ja-jakelu","33":"tag-sahkoverkot","34":"tag-suomi","35":"tag-top-stories","36":"tag-topstories","37":"tag-uutiset","38":"tag-verkkovika-sahko"},"share_on_mastodon":{"url":"https:\/\/pubeurope.com\/@fi\/115826680520576377","error":""},"_links":{"self":[{"href":"https:\/\/www.europesays.com\/fi\/wp-json\/wp\/v2\/posts\/131732","targetHints":{"allow":["GET"]}}],"collection":[{"href":"https:\/\/www.europesays.com\/fi\/wp-json\/wp\/v2\/posts"}],"about":[{"href":"https:\/\/www.europesays.com\/fi\/wp-json\/wp\/v2\/types\/post"}],"author":[{"embeddable":true,"href":"https:\/\/www.europesays.com\/fi\/wp-json\/wp\/v2\/users\/2"}],"replies":[{"embeddable":true,"href":"https:\/\/www.europesays.com\/fi\/wp-json\/wp\/v2\/comments?post=131732"}],"version-history":[{"count":0,"href":"https:\/\/www.europesays.com\/fi\/wp-json\/wp\/v2\/posts\/131732\/revisions"}],"wp:featuredmedia":[{"embeddable":true,"href":"https:\/\/www.europesays.com\/fi\/wp-json\/wp\/v2\/media\/131733"}],"wp:attachment":[{"href":"https:\/\/www.europesays.com\/fi\/wp-json\/wp\/v2\/media?parent=131732"}],"wp:term":[{"taxonomy":"category","embeddable":true,"href":"https:\/\/www.europesays.com\/fi\/wp-json\/wp\/v2\/categories?post=131732"},{"taxonomy":"post_tag","embeddable":true,"href":"https:\/\/www.europesays.com\/fi\/wp-json\/wp\/v2\/tags?post=131732"}],"curies":[{"name":"wp","href":"https:\/\/api.w.org\/{rel}","templated":true}]}}