{"id":131738,"date":"2026-01-02T17:42:09","date_gmt":"2026-01-02T17:42:09","guid":{"rendered":"https:\/\/www.europesays.com\/fi\/131738\/"},"modified":"2026-01-02T17:42:09","modified_gmt":"2026-01-02T17:42:09","slug":"aki-ja-heli-palsanmaki-yllattavat-erikoisella-tempauksellaan","status":"publish","type":"post","link":"https:\/\/www.europesays.com\/fi\/131738\/","title":{"rendered":"Aki ja Heli Palsanm\u00e4ki yll\u00e4tt\u00e4v\u00e4t erikoisella tempauksellaan"},"content":{"rendered":"<p>            JARI PELTOM\u00c4KI\n        <\/p>\n<p class=\"subtitle \">Palsanm\u00e4et talvehtivat Espanjassa, mutta t\u00e4t\u00e4 monikaan tuskin osasi odottaa.<\/p>\n<p class=\"article-content article-content-width !bg-background\"> ja  ovat talvehtineet jo tutuksi tulleeseen tapaan Espanjassa.\u00a0<\/p>\n<p class=\"font-weight-bold m-font-weight-bold article-content article-content-width !bg-background\">Video: Aki ja Heli Palsanm\u00e4ki l\u00e4hett\u00e4v\u00e4t terveisi\u00e4 Suomeen:<\/p>\n<p class=\"article-content article-content-width !bg-background\"><a href=\"https:\/\/www.seiska.fi\/vain-seiskassa\/aki-ja-heli-palsanmaki-viettavat-joulun-espanjassa-akilta-tiukka-paatos\/2013148\" target=\"_blank\" rel=\"nofollow noopener\">Suomen huutokauppakeisari -ohjelmasta tuttu p<\/a><a href=\"https:\/\/www.seiska.fi\/vain-seiskassa\/aki-ja-heli-palsanmaki-viettavat-joulun-espanjassa-akilta-tiukka-paatos\/2013148\" target=\"_blank\" rel=\"nofollow noopener\">ariskunta kertoi Seiskalle hiljattain joulunvietostaan<\/a>. Vaikka pyh\u00e4t kuluivatkin Aurinkorannikolla, oli Palsanm\u00e4kien joulussa jotain hyvinkin suomalaista: Joulukinkku.\u00a0<\/p>\n<p>        <a itemprop=\"url\" href=\"https:\/\/www.seiska.fi\/kotimaa\/huutokauppakeisari-aki-palsanmaki-ja-heli-vaimo-tinkasivat-espanjassa-kuva\/627191\" rel=\"nofollow noopener\" target=\"_blank\"><\/p>\n<p>\nKATSO KUVA\n<\/p>\n<p class=\"section-date\">\n        <strong class=\"article-section\" data-section=\"kotimaa\"><br \/>\n            kotimaa<br \/>\n        <\/strong><br \/>\n        28.10.2017 13:02\n    <\/p>\n<p>Huutokauppakeisari Aki Palsanm\u00e4ki ja Heli-vaimo tinkasivat Espanjassa \u2013 kuva!\n    <\/p>\n<p>        <\/a><\/p>\n<p class=\"article-content article-content-width !bg-background\">\u2013\u00a0Suomalainen 3,5 kilon kinkku lensi ruumalaukussa mukanamme, kylm\u00e4kalleilla suojattuna ja Keskisuomalaiseen k\u00e4\u00e4rittyn\u00e4. Hyvin kesti eik\u00e4 sulanut, Aki nauroi Seiskalle aiemmin.<\/p>\n<p>                <img decoding=\"async\" src=\"https:\/\/www.europesays.com\/fi\/wp-content\/uploads\/2026\/01\/2035849.webp.jpeg\" width=\"576\" height=\"639\" alt=\"Espanjan-kodista l\u00f6ytyy tietenkin my\u00f6s joulukuusi.\" loading=\"lazy\" \/>            <\/p>\n<p>\n            Espanjan-kodista l\u00f6ytyy tietenkin my\u00f6s joulukuusi.<br \/>\n            JARI PELTOM\u00c4KI\n        <\/p>\n<p class=\"article-content article-content-width !bg-background\">Sianpotkan lis\u00e4ksi kaksikko pakkasi matkalaukkuihinsa suomalaista suklaata. Heli suunnitteli leipovansa luumutorttuja sek\u00e4 tekev\u00e4ns\u00e4 perinteisi\u00e4 laatikoita.\u00a0<\/p>\n<p>Perinnett\u00e4 pienell\u00e4 twistill\u00e4<\/p>\n<p class=\"article-content article-content-width !bg-background\">Jouluna Heli muisti my\u00f6s someseuraajiaan. Huutokauppiaan rouva toivotteli n\u00e4ille rauhallista joulunaikaa Instagramissa julkaisemansa kuvan yhteydess\u00e4.\u00a0<\/p>\n<p>        <a itemprop=\"url\" href=\"https:\/\/www.seiska.fi\/kotimaa\/kanninujakka-huutokauppakeisarin-kanssa-aiheutti-arille-57-pahat-vammat-jo-yli-kuukausi-sairauslomalla\/674851\" rel=\"nofollow noopener\" target=\"_blank\"><\/p>\n<p>\nVAIN SEISKASSA\n<\/p>\n<p class=\"section-date\">\n        <strong class=\"article-section\" data-section=\"kotimaa\"><br \/>\n            kotimaa<br \/>\n        <\/strong><br \/>\n        5.5.2017 09:00\n    <\/p>\n<p>K\u00e4nninujakka huutokauppakeisarin kanssa aiheutti Arille, 57, pahat vammat: Jo yli kuukausi sairauslomalla!\n    <\/p>\n<p>        <\/a><\/p>\n<p class=\"article-content article-content-width !bg-background\">Otoksessa on kukka-asetelma. Se koostuu punaisesta joulut\u00e4hdest\u00e4, joka on perinteinen joulukukka, sek\u00e4 pienest\u00e4 havukasvista. Lumettomuudesta huolimatta siis varsin jouluinen tuotos. Kuvassa on kuitenkin yksi h\u00e4mment\u00e4v\u00e4 seikka.\u00a0<\/p>\n<p>                <img decoding=\"async\" src=\"https:\/\/www.europesays.com\/fi\/wp-content\/uploads\/2026\/01\/2035851.webp.jpeg\" width=\"576\" height=\"639\" alt=\"Heli ja Aki toivat joulutunnelmaa Suomesta.\" loading=\"lazy\" \/>            <\/p>\n<p>\n            Heli ja Aki toivat joulutunnelmaa Suomesta.<br \/>\n            JARI PELTOM\u00c4KI\n        <\/p>\n<p class=\"article-content article-content-width !bg-background\">Havupuun latvaa koristaa Mercedes Benz -autoista tuttu keulamerkki. Vaikka valinta vaikuttaa \u00e4kkiselt\u00e4\u00e4n eriskummalliselta, ei se ole ihan niin kaukaa haettu kuin voisi luulla\u00a0\u2013 t\u00e4hti nimitt\u00e4in sekin.\u00a0<\/p>\n<p>        <a itemprop=\"url\" href=\"https:\/\/www.seiska.fi\/vain-seiskassa\/aki-palsanmaki-lopetti-alkoholin-kayton-tama-on-tilanne-nyt-1\/2013461\" rel=\"nofollow noopener\" target=\"_blank\"><\/p>\n<p>\nAki Palsanm\u00e4ki j\u00e4tti alkoholin\n<\/p>\n<p class=\"section-date\">\n        <strong class=\"article-section\" data-section=\"vain seiskassa\"><br \/>\n            vain seiskassa<br \/>\n        <\/strong><br \/>\n        31.12.2025 06:00\n    <\/p>\n<p>Aki Palsanm\u00e4ki lopetti alkoholin k\u00e4yt\u00f6n \u2013 t\u00e4m\u00e4 on tilanne nyt\n    <\/p>\n<p itemprop=\"description\" class=\"subtitle \">\n    Aki ja Heli Palsanm\u00e4ki kertovat Seiskalle uudenvuoden vietostaan.\n<\/p>\n<p>        <\/a><\/p>\n<p class=\"article-content article-content-width !bg-background\">Heli ei ole selitellyt latvakoristeen taustaa tarkemmin. Kekseli\u00e4isyytt\u00e4 sen laittajalta ei ainakaan ole puuttunut.\u00a0<\/p>\n<p class=\"italic m-italic article-content article-content-width !bg-background\">Jos upotus ei n\u00e4y, <a href=\"https:\/\/www.instagram.com\/p\/DSpTRmzDe3L\/\" target=\"_blank\" rel=\"nofollow noopener\">voit katsoa julkaisun t\u00e4\u00e4lt\u00e4<\/a>.<\/p>\n<p><script async src=\"\/\/www.instagram.com\/embed.js\"><\/script><\/p>\n","protected":false},"excerpt":{"rendered":"JARI PELTOM\u00c4KI Palsanm\u00e4et talvehtivat Espanjassa, mutta t\u00e4t\u00e4 monikaan tuskin osasi odottaa. ja ovat talvehtineet jo tutuksi tulleeseen tapaan&hellip;\n","protected":false},"author":2,"featured_media":131739,"comment_status":"","ping_status":"","sticky":false,"template":"","format":"standard","meta":{"footnotes":""},"categories":[133],"tags":[9516,16029,137,1819,33,31,30,9515,5856,23281,1478,9845,32,206,156,109],"class_list":{"0":"post-131738","1":"post","2":"type-post","3":"status-publish","4":"format-standard","5":"has-post-thumbnail","7":"category-televisiot","8":"tag-aki-palsanmaki","9":"tag-aurinkorannikko","10":"tag-entertainment","11":"tag-espanja","12":"tag-fi","13":"tag-finland","14":"tag-finnish","15":"tag-heli-palsanmaki","16":"tag-joulu","17":"tag-joulutahti","18":"tag-matkailu","19":"tag-mercedes-benz","20":"tag-suomi","21":"tag-televisiot","22":"tag-tv","23":"tag-viihde"},"share_on_mastodon":{"url":"https:\/\/pubeurope.com\/@fi\/115826743234765311","error":""},"_links":{"self":[{"href":"https:\/\/www.europesays.com\/fi\/wp-json\/wp\/v2\/posts\/131738","targetHints":{"allow":["GET"]}}],"collection":[{"href":"https:\/\/www.europesays.com\/fi\/wp-json\/wp\/v2\/posts"}],"about":[{"href":"https:\/\/www.europesays.com\/fi\/wp-json\/wp\/v2\/types\/post"}],"author":[{"embeddable":true,"href":"https:\/\/www.europesays.com\/fi\/wp-json\/wp\/v2\/users\/2"}],"replies":[{"embeddable":true,"href":"https:\/\/www.europesays.com\/fi\/wp-json\/wp\/v2\/comments?post=131738"}],"version-history":[{"count":0,"href":"https:\/\/www.europesays.com\/fi\/wp-json\/wp\/v2\/posts\/131738\/revisions"}],"wp:featuredmedia":[{"embeddable":true,"href":"https:\/\/www.europesays.com\/fi\/wp-json\/wp\/v2\/media\/131739"}],"wp:attachment":[{"href":"https:\/\/www.europesays.com\/fi\/wp-json\/wp\/v2\/media?parent=131738"}],"wp:term":[{"taxonomy":"category","embeddable":true,"href":"https:\/\/www.europesays.com\/fi\/wp-json\/wp\/v2\/categories?post=131738"},{"taxonomy":"post_tag","embeddable":true,"href":"https:\/\/www.europesays.com\/fi\/wp-json\/wp\/v2\/tags?post=131738"}],"curies":[{"name":"wp","href":"https:\/\/api.w.org\/{rel}","templated":true}]}}