{"id":131747,"date":"2026-01-02T17:52:07","date_gmt":"2026-01-02T17:52:07","guid":{"rendered":"https:\/\/www.europesays.com\/fi\/131747\/"},"modified":"2026-01-02T17:52:07","modified_gmt":"2026-01-02T17:52:07","slug":"antti-lindtman-kertoo-ensikanneistaan-isan-sanat-jaivat-ikuisiksi-ajoiksi-mieleen","status":"publish","type":"post","link":"https:\/\/www.europesays.com\/fi\/131747\/","title":{"rendered":"Antti Lindtman kertoo ensik\u00e4nneist\u00e4\u00e4n \u2013 Is\u00e4n sanat j\u00e4iv\u00e4t ikuisiksi ajoiksi mieleen"},"content":{"rendered":"<p>SDP:n puheenjohtaja Antti Lindtman kertoo Iltalehden Kuka min\u00e4 olen -podcastissa ensik\u00e4nneist\u00e4\u00e4n.<\/p>\n<p class=\"paragraph\">Oli l\u00e4mmin alkukes\u00e4n p\u00e4iv\u00e4 ja koulut olivat p\u00e4\u00e4ttyneet Vantaalla. <strong>Antti Lindtman<\/strong> oli juhlistamassa tapahtumaa kavereidensa kanssa. Jollakulla oli mukana kotiviini\u00e4.<\/p>\n<p class=\"paragraph\">\u2013 Otin sit\u00e4 siin\u00e4 muutaman lasin, Lindtman muistelee Iltalehden Kuka min\u00e4 olen &#8211;<a href=\"https:\/\/open.spotify.com\/show\/64G80B9cbusAq2YOgRMofS?si=8967bfca34864af4\" target=\"_blank\" rel=\"noopener nofollow\">podcastissa<\/a>.<\/p>\n<p class=\"paragraph\">K\u00e4velless\u00e4\u00e4n kotiin Lindtman huomasi, ett\u00e4 kotiviini oli humahtanut h\u00e4nell\u00e4 hattuun.<\/p>\n<p class=\"paragraph\">\u2013 Tulin kotiin ja faija oli, ett\u00e4 \u201dmit\u00e4s poika\u201d. M\u00e4 kuvittelin varmaan, ett\u00e4 olen ihan jees.<\/p>\n<p class=\"paragraph\">Lindtman muistelee menneens\u00e4 yl\u00e4kertaan ja kaatuneensa suoraan s\u00e4nkyyn.<\/p>\n<p class=\"paragraph\">\u2013 Voi olla, ett\u00e4 siin\u00e4 k\u00e4ytiin aika pika pikaa vessassakin v\u00e4liss\u00e4.<\/p>\n<p class=\"paragraph\">Lindtmanin is\u00e4 tuli yl\u00e4kertaan ja sanoi sanat, jotka ovat j\u00e4\u00e4neet Lindtmanin mieleen.<\/p>\n<p class=\"paragraph\">\u2013 No niin poika, nyt tied\u00e4t rajasi.<\/p>\n<p class=\"paragraph\">Kuka min\u00e4 olen -podcastissa Iltalehden politiikan toimittaja <strong>Marko-Oskari Lehtonen<\/strong> haastattelee eturivin suomalaispoliitikkoja. Podcastin aiemmat jaksot l\u00f6yd\u00e4t <a href=\"https:\/\/open.spotify.com\/show\/64G80B9cbusAq2YOgRMofS\" target=\"_blank\" rel=\"noopener nofollow\">t\u00e4\u00e4lt\u00e4<\/a>.<\/p>\n","protected":false},"excerpt":{"rendered":"SDP:n puheenjohtaja Antti Lindtman kertoo Iltalehden Kuka min\u00e4 olen -podcastissa ensik\u00e4nneist\u00e4\u00e4n. Oli l\u00e4mmin alkukes\u00e4n p\u00e4iv\u00e4 ja koulut olivat&hellip;\n","protected":false},"author":2,"featured_media":131748,"comment_status":"","ping_status":"","sticky":false,"template":"","format":"standard","meta":{"footnotes":""},"categories":[12],"tags":[35,22,23,26,27,33,31,30,17,24,25,28,29,15,18,21,637,886,888,885,887,32,19,20,16],"class_list":{"0":"post-131747","1":"post","2":"type-post","3":"status-publish","4":"format-standard","5":"has-post-thumbnail","7":"category-suomi","8":"tag-24h","9":"tag-breaking-news","10":"tag-breakingnews","11":"tag-featured-news","12":"tag-featurednews","13":"tag-fi","14":"tag-finland","15":"tag-finnish","16":"tag-headlines","17":"tag-latest-news","18":"tag-latestnews","19":"tag-main-news","20":"tag-mainnews","21":"tag-news","22":"tag-otsikot","23":"tag-paauutiset","24":"tag-politiikka","25":"tag-puolueet","26":"tag-suomalaiset-poliitikot","27":"tag-suomen-poliittiset-puolueet","28":"tag-suomen-politiikka","29":"tag-suomi","30":"tag-top-stories","31":"tag-topstories","32":"tag-uutiset"},"share_on_mastodon":{"url":"https:\/\/pubeurope.com\/@fi\/115826782638056436","error":""},"_links":{"self":[{"href":"https:\/\/www.europesays.com\/fi\/wp-json\/wp\/v2\/posts\/131747","targetHints":{"allow":["GET"]}}],"collection":[{"href":"https:\/\/www.europesays.com\/fi\/wp-json\/wp\/v2\/posts"}],"about":[{"href":"https:\/\/www.europesays.com\/fi\/wp-json\/wp\/v2\/types\/post"}],"author":[{"embeddable":true,"href":"https:\/\/www.europesays.com\/fi\/wp-json\/wp\/v2\/users\/2"}],"replies":[{"embeddable":true,"href":"https:\/\/www.europesays.com\/fi\/wp-json\/wp\/v2\/comments?post=131747"}],"version-history":[{"count":0,"href":"https:\/\/www.europesays.com\/fi\/wp-json\/wp\/v2\/posts\/131747\/revisions"}],"wp:featuredmedia":[{"embeddable":true,"href":"https:\/\/www.europesays.com\/fi\/wp-json\/wp\/v2\/media\/131748"}],"wp:attachment":[{"href":"https:\/\/www.europesays.com\/fi\/wp-json\/wp\/v2\/media?parent=131747"}],"wp:term":[{"taxonomy":"category","embeddable":true,"href":"https:\/\/www.europesays.com\/fi\/wp-json\/wp\/v2\/categories?post=131747"},{"taxonomy":"post_tag","embeddable":true,"href":"https:\/\/www.europesays.com\/fi\/wp-json\/wp\/v2\/tags?post=131747"}],"curies":[{"name":"wp","href":"https:\/\/api.w.org\/{rel}","templated":true}]}}