{"id":131750,"date":"2026-01-02T17:58:08","date_gmt":"2026-01-02T17:58:08","guid":{"rendered":"https:\/\/www.europesays.com\/fi\/131750\/"},"modified":"2026-01-02T17:58:08","modified_gmt":"2026-01-02T17:58:08","slug":"olkiluodon-ydinvoimalassa-vikatilanne-reaktori-poissa-pelista","status":"publish","type":"post","link":"https:\/\/www.europesays.com\/fi\/131750\/","title":{"rendered":"Olkiluodon ydinvoimalassa vikatilanne \u2013 reaktori poissa pelist\u00e4"},"content":{"rendered":"<p>H\u00e4iri\u00f6 alkoi perjantaina noin kello 11.<\/p>\n<p class=\"article-body mb-nof-24 px-nof-16\">Olkiluoto 2 on pois k\u00e4yt\u00f6st\u00e4, k\u00e4y ilmi Nord Pool -s\u00e4hk\u00f6p\u00f6rssin <a class=\"underline underline-offset-[0.12em] [text-decoration-thickness:var(--generic-link-underline-thickness)] [text-decoration-color:var(--generic-link-underline-color)] [text-decoration-skip-ink:var(--generic-link-underline-skip-ink)] break-words\" href=\"https:\/\/umm.nordpoolgroup.com\/#\/messages\/0c640b0e-d5e9-4331-ac43-68899fa27498\/2\" rel=\"nofollow noopener\" target=\"_blank\">verkkosivuilta<\/a>.<\/p>\n<p class=\"article-body mb-nof-24 px-nof-16\">Nord Poolin mukaan reaktori on pois k\u00e4yt\u00f6st\u00e4 teknisen vian vuoksi. Reaktorin tehons\u00e4\u00e4t\u00f6j\u00e4rjestelm\u00e4n ohjelmiston p\u00e4ivityksen yhteydess\u00e4 tuli vikatilanne, joka keskeytti automaattisesti reaktorin tuotannon, kertoo Teollisuuden Voiman viestint\u00e4p\u00e4\u00e4llikk\u00f6 <a class=\"font-bold underline-offset-[0.12em] [text-decoration:var(--person-link-text-decoration)] ![text-decoration-color:var(--person-link-text-decoration-color)]\" href=\"https:\/\/www.aamulehti.fi\/haku\/?query=Johanna%20Aho\" rel=\"nofollow noopener\" target=\"_blank\">Johanna Aho<\/a>.<\/p>\n<p class=\"article-body mb-nof-24 px-nof-16\">\u201dTurvallisuustoiminto k\u00e4ynnistyi ja keskeytti tuotannon automaattisesti, kuten vikatilanteessa tuleekin tapahtua. Tilannetta selvitell\u00e4\u00e4n ja tuotantoon pyrit\u00e4\u00e4n palaamaan mahdollisimman pian\u201d, h\u00e4n sanoo.<\/p>\n<p class=\"article-body mb-nof-24 px-nof-16\">H\u00e4iri\u00f6 alkoi perjantaina noin kello 11. Tilanteen arvioidaan olevan ohi perjantain ja lauantain v\u00e4lisen\u00e4 y\u00f6n\u00e4 kello 3, mutta Ahon mukaan aikataulu voi tarkentua sen mukaan, kuinka vian selvitysty\u00f6 ja j\u00e4rjestelyt etenev\u00e4t.<\/p>\n<p class=\"article-body mb-nof-24 px-nof-16\">H\u00e4iri\u00f6ll\u00e4 ei ole vaikutusta ydinturvallisuuteen. Olkiluoto 1 ja 3 toimivat normaalisti.<\/p>\n","protected":false},"excerpt":{"rendered":"H\u00e4iri\u00f6 alkoi perjantaina noin kello 11. Olkiluoto 2 on pois k\u00e4yt\u00f6st\u00e4, k\u00e4y ilmi Nord Pool -s\u00e4hk\u00f6p\u00f6rssin verkkosivuilta. Nord&hellip;\n","protected":false},"author":2,"featured_media":131751,"comment_status":"","ping_status":"","sticky":false,"template":"","format":"standard","meta":{"footnotes":""},"categories":[113],"tags":[157,446,33,31,30,118,32,119,447],"class_list":{"0":"post-131750","1":"post","2":"type-post","3":"status-publish","4":"format-standard","5":"has-post-thumbnail","7":"category-ymparisto","8":"tag-aamulehti","9":"tag-environment","10":"tag-fi","11":"tag-finland","12":"tag-finnish","13":"tag-science","14":"tag-suomi","15":"tag-tiede","16":"tag-ymparisto"},"share_on_mastodon":{"url":"https:\/\/pubeurope.com\/@fi\/115826806154960354","error":""},"_links":{"self":[{"href":"https:\/\/www.europesays.com\/fi\/wp-json\/wp\/v2\/posts\/131750","targetHints":{"allow":["GET"]}}],"collection":[{"href":"https:\/\/www.europesays.com\/fi\/wp-json\/wp\/v2\/posts"}],"about":[{"href":"https:\/\/www.europesays.com\/fi\/wp-json\/wp\/v2\/types\/post"}],"author":[{"embeddable":true,"href":"https:\/\/www.europesays.com\/fi\/wp-json\/wp\/v2\/users\/2"}],"replies":[{"embeddable":true,"href":"https:\/\/www.europesays.com\/fi\/wp-json\/wp\/v2\/comments?post=131750"}],"version-history":[{"count":0,"href":"https:\/\/www.europesays.com\/fi\/wp-json\/wp\/v2\/posts\/131750\/revisions"}],"wp:featuredmedia":[{"embeddable":true,"href":"https:\/\/www.europesays.com\/fi\/wp-json\/wp\/v2\/media\/131751"}],"wp:attachment":[{"href":"https:\/\/www.europesays.com\/fi\/wp-json\/wp\/v2\/media?parent=131750"}],"wp:term":[{"taxonomy":"category","embeddable":true,"href":"https:\/\/www.europesays.com\/fi\/wp-json\/wp\/v2\/categories?post=131750"},{"taxonomy":"post_tag","embeddable":true,"href":"https:\/\/www.europesays.com\/fi\/wp-json\/wp\/v2\/tags?post=131750"}],"curies":[{"name":"wp","href":"https:\/\/api.w.org\/{rel}","templated":true}]}}