{"id":131754,"date":"2026-01-02T18:05:08","date_gmt":"2026-01-02T18:05:08","guid":{"rendered":"https:\/\/www.europesays.com\/fi\/131754\/"},"modified":"2026-01-02T18:05:08","modified_gmt":"2026-01-02T18:05:08","slug":"kristiina-wheeler-muistelee-kulunutta-vuotta-sanna-marin-ja-nasima-razmyar-poseeraavat-poydalla","status":"publish","type":"post","link":"https:\/\/www.europesays.com\/fi\/131754\/","title":{"rendered":"Kristiina Wheeler muistelee kulunutta vuotta \u2013 Sanna Marin ja Nasima Razmyar poseeraavat p\u00f6yd\u00e4ll\u00e4"},"content":{"rendered":"<p>Sanna Marin, Kristiina Wheeler ja Nasima Razmyar ovat somesis\u00e4ll\u00f6n perusteella olleet samassa yst\u00e4v\u00e4porukassa jonkin aikaa.<\/p>\n<p class=\"article-body mb-nof-24 px-nof-16\">Laulaja-lauluntekij\u00e4 <a class=\"font-bold underline-offset-[0.12em] [text-decoration:var(--person-link-text-decoration)] ![text-decoration-color:var(--person-link-text-decoration-color)]\" href=\"https:\/\/www.is.fi\/haku\/?query=Kristiina%20Wheeler\" rel=\"nofollow noopener\" target=\"_blank\">Kristiina Wheeler<\/a> julkaisi kuvamuistoja vuodelta 2025.<\/p>\n<p class=\"article-body mb-nof-24 px-nof-16\">\u2013 Otoksia vuodelta 2025. Onneksi se on nyt ohi, h\u00e4n kirjoittaa englanniksi.<\/p>\n<p class=\"article-body mb-nof-24 px-nof-16\">Kuvakarusellista l\u00f6ytyy otoksia monenlaisilla kokoonpanoilla ja erilaisista tilanteista. Er\u00e4s kuva on otettu mit\u00e4 ilmeisimmin kaveriporukalla, johon lukeutuvat my\u00f6s <a class=\"font-bold underline-offset-[0.12em] [text-decoration:var(--person-link-text-decoration)] ![text-decoration-color:var(--person-link-text-decoration-color)]\" href=\"https:\/\/www.is.fi\/haku\/?query=Sanna%20Marin\" rel=\"nofollow noopener\" target=\"_blank\">Sanna Marin<\/a> sek\u00e4 <a class=\"font-bold underline-offset-[0.12em] [text-decoration:var(--person-link-text-decoration)] ![text-decoration-color:var(--person-link-text-decoration-color)]\" href=\"https:\/\/www.is.fi\/haku\/?query=Nasima%20Razmyar\" rel=\"nofollow noopener\" target=\"_blank\">Nasima Razmyar<\/a>.<\/p>\n<p class=\"article-body mb-nof-24 px-nof-16\">Kuvassa poppoo seisoo p\u00f6yd\u00e4ll\u00e4 ja poseeraa kameralla. Mustaan mekkoon ja maihareihin pukeutunut Marin n\u00e4ytt\u00e4\u00e4 sormillaan peace-merkki\u00e4, samoin mustiin nahkahousuihin ja takkiin pukeutunut Razmyar.<\/p>\n<p class=\"article-body mb-nof-24 px-nof-16\">Marin on julkaissut p\u00e4ivityksen my\u00f6s omissa Instagram-tarinoissaan, jotka katoavat n\u00e4kyvist\u00e4 vuorokaudessa. Tarinan taustalla soi <a class=\"font-bold underline-offset-[0.12em] [text-decoration:var(--person-link-text-decoration)] ![text-decoration-color:var(--person-link-text-decoration-color)]\" href=\"https:\/\/www.is.fi\/haku\/?query=Rayen\" rel=\"nofollow noopener\" target=\"_blank\">Rayen <\/a>ja <a class=\"font-bold underline-offset-[0.12em] [text-decoration:var(--person-link-text-decoration)] ![text-decoration-color:var(--person-link-text-decoration-color)]\" href=\"https:\/\/www.is.fi\/haku\/?query=070%20Shaken\" rel=\"nofollow noopener\" target=\"_blank\">070 Shaken<\/a> kappale Escapism.<\/p>\n<p class=\"article-body mb-nof-24 px-nof-16\">Voit selata julkaisun kuvia oikealla n\u00e4kyv\u00e4st\u00e4 nuolesta. Jos julkaisu ei n\u00e4y, voit katsoa sen <a class=\"underline underline-offset-[0.12em] [text-decoration-thickness:var(--generic-link-underline-thickness)] [text-decoration-color:var(--generic-link-underline-color)] [text-decoration-skip-ink:var(--generic-link-underline-skip-ink)] break-words article-em\" href=\"https:\/\/www.instagram.com\/p\/DS9-QJ_jVrL\/?img_index=5\" rel=\"nofollow noopener\" target=\"_blank\">t\u00e4\u00e4lt\u00e4<\/a>. <\/p>\n<p class=\"article-body mb-nof-24 px-nof-16\">Kristiina Wheeler, Sanna Marin ja Nasima Razmyar ovat kuuluneet samaan kaveriporukkaan somen perusteella ja jonkin aikaa. Heid\u00e4n lis\u00e4kseen mukana on usein n\u00e4yttelij\u00e4 <a class=\"font-bold underline-offset-[0.12em] [text-decoration:var(--person-link-text-decoration)] ![text-decoration-color:var(--person-link-text-decoration-color)]\" href=\"https:\/\/www.is.fi\/haku\/?query=Minka%20Kuustonen\" rel=\"nofollow noopener\" target=\"_blank\">Minka Kuustonen<\/a>.<\/p>\n<p class=\"article-body mb-nof-24 px-nof-16\">Loppukes\u00e4st\u00e4 porukka julkaisi somesis\u00e4lt\u00f6\u00e4 Kuustosen syntym\u00e4p\u00e4iv\u00e4juhlista ja aikaisemmin kes\u00e4n mittaan he lomailivat Venetsiassa. Kes\u00e4n festareista he julkaisivat yhteist\u00e4 sis\u00e4lt\u00f6\u00e4 Ruosrockista.<\/p>\n<p><script async src=\"\/\/www.instagram.com\/embed.js\"><\/script><\/p>\n","protected":false},"excerpt":{"rendered":"Sanna Marin, Kristiina Wheeler ja Nasima Razmyar ovat somesis\u00e4ll\u00f6n perusteella olleet samassa yst\u00e4v\u00e4porukassa jonkin aikaa. Laulaja-lauluntekij\u00e4 Kristiina Wheeler&hellip;\n","protected":false},"author":2,"featured_media":131755,"comment_status":"","ping_status":"","sticky":false,"template":"","format":"standard","meta":{"footnotes":""},"categories":[136],"tags":[407,137,33,31,30,34,408,32,109],"class_list":{"0":"post-131754","1":"post","2":"type-post","3":"status-publish","4":"format-standard","5":"has-post-thumbnail","7":"category-julkkikset","8":"tag-celebrities","9":"tag-entertainment","10":"tag-fi","11":"tag-finland","12":"tag-finnish","13":"tag-ilta-sanomat","14":"tag-julkkikset","15":"tag-suomi","16":"tag-viihde"},"share_on_mastodon":{"url":"https:\/\/pubeurope.com\/@fi\/115826833642386694","error":""},"_links":{"self":[{"href":"https:\/\/www.europesays.com\/fi\/wp-json\/wp\/v2\/posts\/131754","targetHints":{"allow":["GET"]}}],"collection":[{"href":"https:\/\/www.europesays.com\/fi\/wp-json\/wp\/v2\/posts"}],"about":[{"href":"https:\/\/www.europesays.com\/fi\/wp-json\/wp\/v2\/types\/post"}],"author":[{"embeddable":true,"href":"https:\/\/www.europesays.com\/fi\/wp-json\/wp\/v2\/users\/2"}],"replies":[{"embeddable":true,"href":"https:\/\/www.europesays.com\/fi\/wp-json\/wp\/v2\/comments?post=131754"}],"version-history":[{"count":0,"href":"https:\/\/www.europesays.com\/fi\/wp-json\/wp\/v2\/posts\/131754\/revisions"}],"wp:featuredmedia":[{"embeddable":true,"href":"https:\/\/www.europesays.com\/fi\/wp-json\/wp\/v2\/media\/131755"}],"wp:attachment":[{"href":"https:\/\/www.europesays.com\/fi\/wp-json\/wp\/v2\/media?parent=131754"}],"wp:term":[{"taxonomy":"category","embeddable":true,"href":"https:\/\/www.europesays.com\/fi\/wp-json\/wp\/v2\/categories?post=131754"},{"taxonomy":"post_tag","embeddable":true,"href":"https:\/\/www.europesays.com\/fi\/wp-json\/wp\/v2\/tags?post=131754"}],"curies":[{"name":"wp","href":"https:\/\/api.w.org\/{rel}","templated":true}]}}