{"id":131756,"date":"2026-01-02T18:08:09","date_gmt":"2026-01-02T18:08:09","guid":{"rendered":"https:\/\/www.europesays.com\/fi\/131756\/"},"modified":"2026-01-02T18:08:09","modified_gmt":"2026-01-02T18:08:09","slug":"ikava-uutinen-koskien-uutta-unelmia-italiassa-kautta-iso-pettymys-tv-katsojille","status":"publish","type":"post","link":"https:\/\/www.europesays.com\/fi\/131756\/","title":{"rendered":"Ik\u00e4v\u00e4 uutinen koskien uutta Unelmia Italiassa kautta &#8211; Iso pettymys tv-katsojille!"},"content":{"rendered":"<p><a href=\"https:\/\/www.suomi24.fi\/viihde\/l\/695799bbf2a91-5552.webp\" rel=\"nofollow noopener\" target=\"_blank\"><img decoding=\"async\" src=\"https:\/\/www.europesays.com\/fi\/wp-content\/uploads\/2026\/01\/695799bbf2a91-5552.webp.webp\" alt=\"Ellen Jokikunnas\" loading=\"lazy\"\/><\/a>Ellen Jokikunnas ja Jari Rask Pugliassa Italiassa trullitalon katolla. Kuva: MTV3<\/p>\n<p>Unelmia Italiassa -sarja on ollut supersuosittu. Se voitti Kultaisen Venlan Vuoden lifestyle-ohjelma 2024 -kategorian. Nyt 2. kausi on ehdolla Kultainen Venla Lifestyle-kategoriassa. Ohjelma sek\u00e4 <strong>Ellen Jokikunnas <\/strong>ja <strong>Jari Rask<\/strong> ovat my\u00f6s ehdolla Paras ohjelma ja Paras esiintyj\u00e4 -yleis\u00f6\u00e4\u00e4nestyksiss\u00e4.<\/p>\n<p>3. kaudelta on tihkunut MTV:lt\u00e4 jo aiemmin tietoa. Tiedet\u00e4\u00e4n, ett\u00e4 sarja jatkuu kev\u00e4\u00e4ll\u00e4 v. 2026 ja se vie katsojat tutusti Jokikunnaksen ja Raskin perheen el\u00e4m\u00e4\u00e4n.<\/p>\n<p>TV-katsojat p\u00e4\u00e4sev\u00e4t mukaan &#8221;la famiglian&#8221; ikimuistoisiin tapahtumiin. K\u00e4r\u00e4j\u00e4oikeus vahvistaa Ellenin ja Jarin vanhemmuuden ja t\u00e4m\u00e4 t\u00e4rke\u00e4 hetki sinet\u00f6i koko perheen lopullisesti yhteen.<\/p>\n<p>El\u00e4m\u00e4 ei ole tyls\u00e4\u00e4, kun <strong>Ralph<\/strong>-pojan ja <strong>Viljo<\/strong>-koiranpennun vauhdittama arki tuo mukanaan spontaania iloa. Mutta my\u00f6sk\u00e4\u00e4n haikeilta ja vaikeilta hetkilt\u00e4 ei v\u00e4ltyt\u00e4, kun perhe joutuu hyv\u00e4stelem\u00e4\u00e4n rakkaan <strong>Reino<\/strong>-koiran.<\/p>\n<p><a href=\"https:\/\/www.suomi24.fi\/viihde\/l\/ikava-uutinen-koskien-uutta-unelmia-italiassa-kautta-iso-pettymys-tv-katsojille-5552-1.webp\" rel=\"nofollow noopener\" target=\"_blank\"><img decoding=\"async\" src=\"https:\/\/www.europesays.com\/fi\/wp-content\/uploads\/2026\/01\/ikava-uutinen-koskien-uutta-unelmia-italiassa-kautta-iso-pettymys-tv-katsojille-5552-1.webp.webp\" alt=\"Ellen Jokikunnas\" loading=\"lazy\"\/><\/a>Ellen Jokikunnas ja jo edesmennyt Reino-koira Unelmia Italiassa -sarjassa. Kuva: MTV3<\/p>\n<p>Kes\u00e4n kynnyksell\u00e4 tie vie Italiaan, jossa odottaa unelmien loma, remonttipuuhat, ruoka, yst\u00e4v\u00e4t ja seikkailut. TV-katsojille on luvassa aimo annos perhe-el\u00e4m\u00e4\u00e4 trullitalossa Italian Pugliassa.<\/p>\n<p>Nyt Jokikunnas on jakanut Instagram-tarinoissaan lis\u00e4tietoa tulevasta kaudesta. Uusi kausi on tulossa, mutta tv-katsojille on tulossa ik\u00e4vi\u00e4 uutisia sarjan tiimoilta.<\/p>\n<p>Jokikunnas on kirjoittanut n\u00e4in:<\/p>\n<p>-Unelmia Italiassa jatkuu muuten kev\u00e4\u00e4ll\u00e4 kolmannen ja viimeisen kauden verran. (Starttip\u00e4iv\u00e4\u00e4 ei tiedet\u00e4 viel\u00e4), Jokikunnas paljastaa Instagram-tarinassaan.<\/p>\n<p>Unelmia Italiassa -sarjan kolmas kausi j\u00e4\u00e4 siis n\u00e4ill\u00e4 n\u00e4kymin viimeiseksi. T\u00e4m\u00e4 on monelle katsojalle pettymys.<\/p>\n<p>Instagram-tarinat ovat n\u00e4kyviss\u00e4 24 tuntia julkaisustaan.<\/p>\n<p>Unelmia Italiassa 3. kausi kev\u00e4\u00e4ll\u00e4 MTV Katsomo ja MTV3<\/p>\n<p><a href=\"https:\/\/www.telsu.fi\/?ref=s24_article\" rel=\"noopener noreferrer nofollow\" target=\"_blank\">Katso tv-ohjelma-ajat Telsu.fi<\/a><\/p>\n","protected":false},"excerpt":{"rendered":"Ellen Jokikunnas ja Jari Rask Pugliassa Italiassa trullitalon katolla. Kuva: MTV3 Unelmia Italiassa -sarja on ollut supersuosittu. Se&hellip;\n","protected":false},"author":2,"featured_media":131757,"comment_status":"","ping_status":"","sticky":false,"template":"","format":"standard","meta":{"footnotes":""},"categories":[133],"tags":[137,33,31,30,32,206,156,109],"class_list":{"0":"post-131756","1":"post","2":"type-post","3":"status-publish","4":"format-standard","5":"has-post-thumbnail","7":"category-televisiot","8":"tag-entertainment","9":"tag-fi","10":"tag-finland","11":"tag-finnish","12":"tag-suomi","13":"tag-televisiot","14":"tag-tv","15":"tag-viihde"},"share_on_mastodon":{"url":"https:\/\/pubeurope.com\/@fi\/115826845515027792","error":""},"_links":{"self":[{"href":"https:\/\/www.europesays.com\/fi\/wp-json\/wp\/v2\/posts\/131756","targetHints":{"allow":["GET"]}}],"collection":[{"href":"https:\/\/www.europesays.com\/fi\/wp-json\/wp\/v2\/posts"}],"about":[{"href":"https:\/\/www.europesays.com\/fi\/wp-json\/wp\/v2\/types\/post"}],"author":[{"embeddable":true,"href":"https:\/\/www.europesays.com\/fi\/wp-json\/wp\/v2\/users\/2"}],"replies":[{"embeddable":true,"href":"https:\/\/www.europesays.com\/fi\/wp-json\/wp\/v2\/comments?post=131756"}],"version-history":[{"count":0,"href":"https:\/\/www.europesays.com\/fi\/wp-json\/wp\/v2\/posts\/131756\/revisions"}],"wp:featuredmedia":[{"embeddable":true,"href":"https:\/\/www.europesays.com\/fi\/wp-json\/wp\/v2\/media\/131757"}],"wp:attachment":[{"href":"https:\/\/www.europesays.com\/fi\/wp-json\/wp\/v2\/media?parent=131756"}],"wp:term":[{"taxonomy":"category","embeddable":true,"href":"https:\/\/www.europesays.com\/fi\/wp-json\/wp\/v2\/categories?post=131756"},{"taxonomy":"post_tag","embeddable":true,"href":"https:\/\/www.europesays.com\/fi\/wp-json\/wp\/v2\/tags?post=131756"}],"curies":[{"name":"wp","href":"https:\/\/api.w.org\/{rel}","templated":true}]}}