{"id":131768,"date":"2026-01-02T18:18:10","date_gmt":"2026-01-02T18:18:10","guid":{"rendered":"https:\/\/www.europesays.com\/fi\/131768\/"},"modified":"2026-01-02T18:18:10","modified_gmt":"2026-01-02T18:18:10","slug":"tamperelaismies-jai-jumiin-mokille-kangasalla-kun-jarvi-jaatyi-yon-aikana-tama-on-tuntunut-retriitilta-kotimaa","status":"publish","type":"post","link":"https:\/\/www.europesays.com\/fi\/131768\/","title":{"rendered":"Tamperelaismies j\u00e4i jumiin m\u00f6kille Kangasalla, kun j\u00e4rvi j\u00e4\u00e4tyi y\u00f6n aikana: \u201dT\u00e4m\u00e4 on tuntunut retriitilt\u00e4\u201d | Kotimaa"},"content":{"rendered":"<p class=\"aw-1gybjub aw-5vja16 kEtdKx kmuxyA yle__article__paragraph\">S\u00e4\u00e4 pakastui uudenvuoden alla \u00e4kisti. Se laittoi tamperelaisen Riku V\u00e4is\u00e4sen ja h\u00e4nen yst\u00e4viens\u00e4 suunnitelmat uusiksi.<\/p>\n<p><img decoding=\"async\" alt=\"Lumisateinen talvip\u00e4iv\u00e4. Laiturilta n\u00e4kyy j\u00e4rven rantaviiva, joka on hiljattain j\u00e4\u00e4tynyt umpeen.\" src=\"https:\/\/www.europesays.com\/fi\/wp-content\/uploads\/2026\/01\/39-15765146957b65038c31.jpeg\" class=\"aw-1l9m598 hKVVvP\"\/><\/p>\n<p>Avaa kuvien katselu<\/p>\n<p>L\u00e4ngelm\u00e4veden j\u00e4\u00e4dytty\u00e4 Riku V\u00e4is\u00e4nen j\u00e4i m\u00f6kkisaaren vangiksi. Kuva otettu perjantaina Eskolansaaren rannasta, jonne V\u00e4is\u00e4nen palaa j\u00e4\u00e4n vahvistuttua. Kuva: Miikka Varila \/ Yle<\/p>\n<ul class=\"aw-1jjocuh iJTSwP yle__article__list yle__article__list--ul\">\n<li class=\"aw-1j7gwms gNYKfi\">Tamperelainen Riku V\u00e4is\u00e4nen j\u00e4i jumiin m\u00f6kkisaareen Kangasalla, kun j\u00e4rvi j\u00e4\u00e4tyi yll\u00e4tt\u00e4en yhdess\u00e4 y\u00f6ss\u00e4.<\/li>\n<li class=\"aw-1j7gwms gNYKfi\">Suunnitellut uudenvuodenjuhlat peruuntuivat, koska j\u00e4\u00e4 oli liian paksua veneelle, mutta liian ohutta k\u00e4velyyn.<\/li>\n<li class=\"aw-1j7gwms gNYKfi\">V\u00e4is\u00e4nen joutui viett\u00e4m\u00e4\u00e4n saaressa useita p\u00e4ivi\u00e4 ja odottamaan j\u00e4\u00e4n vahvistumista, jotta ylitys olisi turvallinen.<\/li>\n<\/ul>\n<p class=\"aw-1gybjub aw-1p7kakr kEtdKx cEmitX yle__article__paragraph\">Leudon alkutalven j\u00e4lkeen nopeasti kylmennyt s\u00e4\u00e4 yll\u00e4tti kaveriporukan uudenvuoden alla.<\/p>\n<p class=\"aw-1gybjub aw-1p7kakr kEtdKx cEmitX yle__article__paragraph\">Tamperelainen <strong class=\"aw-ak79eh KyCXm yle__article__strong\">Riku V\u00e4is\u00e4nen<\/strong> suunnitteli juhlivansa vuoden vaihtumista yst\u00e4vien kanssa vanhempiensa omistamalla m\u00f6kill\u00e4.<\/p>\n<p class=\"aw-1gybjub aw-1p7kakr kEtdKx cEmitX yle__article__paragraph\">M\u00f6kki sijaitsee saaressa Kangasalla. Tarkoitus oli, ett\u00e4 V\u00e4is\u00e4nen menee tiistaina l\u00e4mmitt\u00e4m\u00e4\u00e4n m\u00f6kki\u00e4 ja kaverit saapuvat paikalle keskiviikkona uudenvuodenaattona.<\/p>\n<p class=\"aw-1gybjub aw-1p7kakr kEtdKx cEmitX yle__article__paragraph\">\u2013 Ajattelin, ett\u00e4 totta kai voimme t\u00e4nne tulla viel\u00e4, kun oli ollut kovia tuulia ja pakkaset olivat vasta alkaneet, V\u00e4is\u00e4nen kertoo.<\/p>\n<p><img decoding=\"async\" alt=\"Saari kaukaisuudessa talvip\u00e4iv\u00e4n\u00e4. Sankka lumisade heikent\u00e4\u00e4 et\u00e4isyytt\u00e4. Etualalalla j\u00e4rven j\u00e4\u00e4tynyt pinta, johon on kinostunut lunta.\" src=\"https:\/\/www.europesays.com\/fi\/wp-content\/uploads\/2026\/01\/39-15765156957b65133801.jpeg\" loading=\"lazy\" class=\"aw-1l9m598 hKVVvP\"\/><\/p>\n<p>Avaa kuvien katselu<\/p>\n<p>M\u00f6kki sijaitsee Puoliv\u00e4linsaaressa L\u00e4ngelm\u00e4vedell\u00e4 Kangasalla. Kuvassa taaempana n\u00e4kyv\u00e4 m\u00f6kkisaari on kuvattu perjantaina lumisateessa Eskolansaaren rannasta. Kuva: Miikka Varila \/ Yle<\/p>\n<p class=\"aw-1gybjub aw-1p7kakr kEtdKx cEmitX yle__article__paragraph\">Tiistai-iltana tilanne n\u00e4ytti viel\u00e4 hyv\u00e4lt\u00e4. Vain rannassa oli v\u00e4h\u00e4n j\u00e4\u00e4t\u00e4, mutta j\u00e4rvi oli auki ja aallokko sopiva veneill\u00e4 saareen.<\/p>\n<p class=\"aw-1gybjub aw-1p7kakr kEtdKx cEmitX yle__article__paragraph\">Keskiviikkona auringon noustua V\u00e4is\u00e4nen her\u00e4si m\u00f6kill\u00e4 ja meni ulos katsomaan s\u00e4\u00e4t\u00e4. J\u00e4rvi oli t\u00e4ysin j\u00e4\u00e4tynyt y\u00f6n aikana.<\/p>\n<p class=\"aw-1gybjub aw-1p7kakr kEtdKx cEmitX yle__article__paragraph\">V\u00e4is\u00e4nen oli ajatellut, ett\u00e4 pieni pakkanen ei haittaisi, vaan j\u00e4rven voisi ylitt\u00e4\u00e4 tarvittaessa veneell\u00e4 ohuen j\u00e4\u00e4riitteen l\u00e4pi. J\u00e4\u00e4peite oli kuitenkin jo liian paksu veneilyyn.<\/p>\n<p class=\"aw-1gybjub aw-1p7kakr kEtdKx cEmitX yle__article__paragraph\">\u2013 Tulin siihen tulokseen, ett\u00e4 ei kannata l\u00e4hte\u00e4 yritt\u00e4m\u00e4\u00e4n. Se olisi kest\u00e4nyt hyvin kauan, enk\u00e4 olisi veneen maaliakaan halunnut siin\u00e4 turmella.<\/p>\n<p class=\"aw-1gybjub aw-1p7kakr kEtdKx cEmitX yle__article__paragraph\">Toisaalta j\u00e4\u00e4 ei ollut tarpeeksi kest\u00e4v\u00e4, jotta sit\u00e4 voisi jalkaisin ylitt\u00e4\u00e4.<\/p>\n<p class=\"aw-1gybjub aw-1p7kakr kEtdKx cEmitX yle__article__paragraph\">Vuoden vaihtumista juhlittiin eri puolilla Suomea kovissakin pakkasissa. <a class=\"aw-iao6s4 iHOxEa yle__article__link\" href=\"https:\/\/yle.fi\/a\/74-20202170\" role=\"link\" rel=\"nofollow noopener\" target=\"_blank\">Lapissa tehtiin vuoden pakkasenn\u00e4tys<\/a>, ja etel\u00e4ss\u00e4kin k\u00e4ytiin 20 pakkasasteen tienoilla.<\/p>\n<p><img decoding=\"async\" alt=\"Toimittaja Ulla Malminen ja meteorolgi Anniina Valtonen Uutishuoneessa striimipisteell\u00e4.\" src=\"https:\/\/www.europesays.com\/fi\/wp-content\/uploads\/2026\/01\/39-15756836953e059af985.jpeg\" class=\"aw-1l9m598 hKVVvP\"\/>Kaveriporukan juhlat vaihtuivat monen p\u00e4iv\u00e4n \u201dretriittiin\u201d<\/p>\n<p class=\"aw-1gybjub aw-1p7kakr kEtdKx cEmitX yle__article__paragraph\">V\u00e4is\u00e4selle ei j\u00e4\u00e4nyt muuta vaihtoehtoa kuin perua uudenvuoden juhlat ja j\u00e4\u00e4d\u00e4 itse m\u00f6kille odottamaan j\u00e4\u00e4n vahvistumista.<\/p>\n<p class=\"aw-1gybjub aw-1p7kakr kEtdKx cEmitX yle__article__paragraph\">Aluksi V\u00e4is\u00e4st\u00e4 harmitti hirve\u00e4sti, ett\u00e4 yst\u00e4v\u00e4t eiv\u00e4t p\u00e4\u00e4sseetk\u00e4\u00e4n m\u00f6kille.<\/p>\n<p class=\"aw-1gybjub aw-1p7kakr kEtdKx cEmitX yle__article__paragraph\">\u2013 Alkuj\u00e4rkytyksest\u00e4 selvitty\u00e4 t\u00e4\u00e4ll\u00e4 meni kuitenkin ihan mukavasti.<\/p>\n<p class=\"aw-1gybjub aw-1p7kakr kEtdKx cEmitX yle__article__paragraph\"><strong class=\"aw-ak79eh KyCXm yle__article__strong\">V\u00e4is\u00e4nen on viett\u00e4nyt aikaa m\u00f6kill\u00e4 muun muassa maisemia kuvaten. Kuvat avautuvat isommaksi klikkaamalla.<\/strong><\/p>\n<p><img decoding=\"async\" alt=\"Aurinko laskee j\u00e4\u00e4tyneen j\u00e4rven horisonttiin.\" src=\"https:\/\/www.europesays.com\/fi\/wp-content\/uploads\/2026\/01\/39-15765966957c66e62bf7.jpeg\" class=\"aw-1l9m598 hKVVvP\"\/><\/p>\n<p>Avaa kuvien katselu<\/p>\n<p><img decoding=\"async\" alt=\"J\u00e4rvi on j\u00e4\u00e4tynyt ja sen pinnalle on satanut lunta.\" src=\"https:\/\/www.europesays.com\/fi\/wp-content\/uploads\/2026\/01\/39-15766006957c66fd8b6e.jpeg\" class=\"aw-1l9m598 hKVVvP\"\/><\/p>\n<p>Avaa kuvien katselu<\/p>\n<p><img decoding=\"async\" alt=\"J\u00e4rvimaisema, jonka etualalla on kalliota ja heinikkoa.\" src=\"https:\/\/www.europesays.com\/fi\/wp-content\/uploads\/2026\/01\/39-15766036957c67118079.jpeg\" class=\"aw-1l9m598 hKVVvP\"\/><\/p>\n<p>Avaa kuvien katselu<\/p>\n<p><img decoding=\"async\" alt=\"Aurinko laskee ohuesti j\u00e4\u00e4tyneen j\u00e4rven horisonttiin.\" src=\"https:\/\/www.europesays.com\/fi\/wp-content\/uploads\/2026\/01\/39-15766016957c6702fb80.jpeg\" class=\"aw-1l9m598 hKVVvP\"\/><\/p>\n<p>Avaa kuvien katselu<\/p>\n<p class=\"aw-1gybjub aw-1p7kakr kEtdKx cEmitX yle__article__paragraph\">Uudenvuoden juhliin tarkoitetut ruuat olivat kavereiden vastuulla, eik\u00e4 V\u00e4is\u00e4sell\u00e4 ollut paljoa ruokaa mukanaan. M\u00f6kill\u00e4 oli onneksi h\u00e4t\u00e4varana muun muassa hernekeittoa ja risottoaineksia sek\u00e4 kanisterissa vett\u00e4.<\/p>\n<p class=\"aw-1gybjub aw-1p7kakr kEtdKx cEmitX yle__article__paragraph\">\u2013 Nyt kun on v\u00e4h\u00e4n osannut asennoitua uusiksi, niin t\u00e4m\u00e4 on tuntunut ihan jopa retriitilt\u00e4. On ollut aikaa ajatella pitk\u00e4n syksyn j\u00e4lkeen, lukea v\u00e4h\u00e4n pidemp\u00e4\u00e4n ja laittaa ruokaa.<\/p>\n<p class=\"aw-1gybjub aw-1p7kakr kEtdKx cEmitX yle__article__paragraph\">Keskiviikkona V\u00e4is\u00e4nen laski s\u00e4\u00e4ennusteen perusteella, ett\u00e4 lauantaihin menness\u00e4 j\u00e4\u00e4 ehtii vahvistua sen verran, ett\u00e4 j\u00e4rven voi ylitt\u00e4\u00e4.<\/p>\n<p><img decoding=\"async\" alt=\"Mies on talvivaatteissa ulkona. Taustalla n\u00e4kyy j\u00e4\u00e4tynyt j\u00e4rvi ja puun oksia.\" src=\"https:\/\/www.europesays.com\/fi\/wp-content\/uploads\/2026\/01\/39-15765976957c66e64dec.jpeg\" loading=\"lazy\" class=\"aw-1l9m598 hKVVvP\"\/><\/p>\n<p>Avaa kuvien katselu<\/p>\n<p>Riku V\u00e4is\u00e4nen yritt\u00e4\u00e4 palata m\u00f6kilt\u00e4 kotiin lauantaina. Ennen j\u00e4rven ylityst\u00e4 h\u00e4n varmistaa, ett\u00e4 j\u00e4\u00e4 tuntuu riitt\u00e4v\u00e4n vahvalta. Kuva: Riku V\u00e4is\u00e4nen<\/p>\n<p class=\"aw-1gybjub aw-1p7kakr kEtdKx cEmitX yle__article__paragraph\">V\u00e4is\u00e4sen arvion mukaan matkaa saaresta rantaan on noin 700 metri\u00e4.<\/p>\n<p class=\"aw-1gybjub aw-1p7kakr kEtdKx cEmitX yle__article__paragraph\">\u2013 Kyll\u00e4 m\u00e4 sinne vastaanottokomitean ajattelin varata. M\u00f6kin omistajat tulevat sinne katsomaan, ett\u00e4 poika palaa turvallisesti kotiin.<\/p>\n<p class=\"aw-1gybjub aw-1p7kakr kEtdKx cEmitX yle__article__paragraph\">V\u00e4is\u00e4nen haluaa muistuttaa muita siit\u00e4, ett\u00e4 luonto voi yll\u00e4tt\u00e4\u00e4 ja s\u00e4\u00e4tiedotteita kannattaa seurata.<\/p>\n<p class=\"aw-1gybjub aw-1p7kakr kEtdKx cEmitX yle__article__paragraph\">\u2013 Se on ehk\u00e4 semmoinen hyv\u00e4 sanoma t\u00e4ss\u00e4 kanssaihmisille, ett\u00e4 turvallisesti vesill\u00e4. Pit\u00e4\u00e4 aina varautua sen verran, ettei ole sitten mik\u00e4\u00e4n h\u00e4t\u00e4, jos jotakin yll\u00e4tyksi\u00e4 sattuu.<\/p>\n","protected":false},"excerpt":{"rendered":"S\u00e4\u00e4 pakastui uudenvuoden alla \u00e4kisti. Se laittoi tamperelaisen Riku V\u00e4is\u00e4sen ja h\u00e4nen yst\u00e4viens\u00e4 suunnitelmat uusiksi. Avaa kuvien katselu&hellip;\n","protected":false},"author":2,"featured_media":131769,"comment_status":"","ping_status":"","sticky":false,"template":"","format":"standard","meta":{"footnotes":""},"categories":[12],"tags":[22,23,26,27,33,31,30,17,23284,3815,71,24,25,28,29,7705,15,18,21,553,710,32,9764,10305,19,20,16],"class_list":{"0":"post-131768","1":"post","2":"type-post","3":"status-publish","4":"format-standard","5":"has-post-thumbnail","7":"category-suomi","8":"tag-breaking-news","9":"tag-breakingnews","10":"tag-featured-news","11":"tag-featurednews","12":"tag-fi","13":"tag-finland","14":"tag-finnish","15":"tag-headlines","16":"tag-jarven-jaatyminen","17":"tag-kangasala","18":"tag-kotimaa","19":"tag-latest-news","20":"tag-latestnews","21":"tag-main-news","22":"tag-mainnews","23":"tag-mokkeily","24":"tag-news","25":"tag-otsikot","26":"tag-paauutiset","27":"tag-pirkanmaa","28":"tag-saa","29":"tag-suomi","30":"tag-talvi","31":"tag-talvisaa","32":"tag-top-stories","33":"tag-topstories","34":"tag-uutiset"},"share_on_mastodon":{"url":"https:\/\/pubeurope.com\/@fi\/115826885088776169","error":""},"_links":{"self":[{"href":"https:\/\/www.europesays.com\/fi\/wp-json\/wp\/v2\/posts\/131768","targetHints":{"allow":["GET"]}}],"collection":[{"href":"https:\/\/www.europesays.com\/fi\/wp-json\/wp\/v2\/posts"}],"about":[{"href":"https:\/\/www.europesays.com\/fi\/wp-json\/wp\/v2\/types\/post"}],"author":[{"embeddable":true,"href":"https:\/\/www.europesays.com\/fi\/wp-json\/wp\/v2\/users\/2"}],"replies":[{"embeddable":true,"href":"https:\/\/www.europesays.com\/fi\/wp-json\/wp\/v2\/comments?post=131768"}],"version-history":[{"count":0,"href":"https:\/\/www.europesays.com\/fi\/wp-json\/wp\/v2\/posts\/131768\/revisions"}],"wp:featuredmedia":[{"embeddable":true,"href":"https:\/\/www.europesays.com\/fi\/wp-json\/wp\/v2\/media\/131769"}],"wp:attachment":[{"href":"https:\/\/www.europesays.com\/fi\/wp-json\/wp\/v2\/media?parent=131768"}],"wp:term":[{"taxonomy":"category","embeddable":true,"href":"https:\/\/www.europesays.com\/fi\/wp-json\/wp\/v2\/categories?post=131768"},{"taxonomy":"post_tag","embeddable":true,"href":"https:\/\/www.europesays.com\/fi\/wp-json\/wp\/v2\/tags?post=131768"}],"curies":[{"name":"wp","href":"https:\/\/api.w.org\/{rel}","templated":true}]}}