{"id":131778,"date":"2026-01-02T18:37:08","date_gmt":"2026-01-02T18:37:08","guid":{"rendered":"https:\/\/www.europesays.com\/fi\/131778\/"},"modified":"2026-01-02T18:37:08","modified_gmt":"2026-01-02T18:37:08","slug":"arvio-terasleidien-jatko-osa-tasapainoilee-kohelluksen-ja-vakavien-teemojen-valilla-3","status":"publish","type":"post","link":"https:\/\/www.europesays.com\/fi\/131778\/","title":{"rendered":"Arvio: Ter\u00e4sleidien jatko-osa tasapainoilee kohelluksen ja vakavien teemojen v\u00e4lill\u00e4"},"content":{"rendered":"<p>\n      Ter\u00e4sleidit \u2013 kuin viimeist\u00e4 p\u00e4iv\u00e4\u00e4, Suomi 2025. Ohjaus: Pamela Tola. K\u00e4sikirjoitus: Aleksi Bardy, Karoliina Lindgren &amp; Aleksi Bardy. Kuvaus: Aarne Tapola. P\u00e4\u00e4osissa: Leena Uotila, Seela Sella, Sanna-Kaisa Palo, Pirjo Lonka.\n    <\/p>\n<p>\n      Pamela Tolan ohjaama Ter\u00e4sleidit nosti rohkeasti p\u00e4\u00e4osiin joukon ik\u00e4\u00e4ntyneit\u00e4 naisn\u00e4yttelij\u00f6it\u00e4 ja muistutti, ett\u00e4 vanhuus ei v\u00e4ltt\u00e4m\u00e4tt\u00e4 ole aina niin synkk\u00e4 asia. Ja yleis\u00f6 tykk\u00e4si: Ter\u00e4sleidit oli koronan pilaaman elokuvavuoden 2020 katsotuin elokuva.\n    <\/p>\n<p class=\"article__paragraph\">\n      Nyt teatterikierroksella oleva Ter\u00e4sleidit \u2013 kuin viimeist\u00e4 p\u00e4iv\u00e4\u00e4 ottaa jo enemm\u00e4n varman p\u00e4\u00e4lle, sill\u00e4 se on pohjimmiltaan ihan samanlainen absurdeja piirteit\u00e4 saava tummas\u00e4vyinen tragikomedia ja tie-elokuva kuin edelt\u00e4j\u00e4ns\u00e4kin.\n    <\/p>\n<p class=\"article__paragraph\">\n      Ensimm\u00e4isess\u00e4 elokuvassa Sylvi\u00e4 n\u00e4ytellyt Saara Pakkasvirta ei ik\u00e4ns\u00e4 ja vointinsa puolesta pystynyt en\u00e4\u00e4 l\u00e4htem\u00e4\u00e4n mukaan jatko-osaan, niinp\u00e4 h\u00e4nen hahmonsa on k\u00e4sikirjoitettu fiksusti edesmenneeksi.\n    <\/p>\n<p class=\"article__paragraph\">\n      Sill\u00e4 tiell\u00e4 luulee olevansa my\u00f6s el\u00e4m\u00e4\u00e4ns\u00e4 hoitokodissa tylsistynyt Inkeri (Leena Uotila), joka l\u00e4\u00e4k\u00e4rin vastaanotolla k\u00e4ydess\u00e4\u00e4n luulee, ett\u00e4 oven takaa kuultu diagnoosi kasvaimesta ja arvio kahden viikon elinajasta koskee h\u00e4nt\u00e4.\n    <\/p>\n<p class=\"article__paragraph\">\n      Tuomio saa Inkerin pois tolaltaan. H\u00e4n ei ole valmis kuolemaan ennen kuin saa kaiveltua esiin vanhan autofiktiivisen romaanik\u00e4sikirjoituksensa ja julkaistua sen. Ongelmana vain on se, ett\u00e4 h\u00e4n ei muista, miss\u00e4 paperinivaska on.\n    <\/p>\n<p class=\"article__paragraph\">\n      Etsint\u00e4operaatioon osallistuvat my\u00f6s tylyn suorapuheinen isosisko Raili (Seela Sella) ja h\u00e4nen palvelualtis alivuokralaisensa Kerttu (Sanna-Kaisa Palo). Matkan varrelta kolmikon mukaan ly\u00f6tt\u00e4ytyy viel\u00e4 torikauppias Matti (Eero Saarinen), joka alkaa tuntea vetoa Inkeri\u00e4 kohtaan.\n    <\/p>\n<p class=\"article__paragraph\">\n      Kuoleman kohtaamisen, h\u00e4m\u00e4rtyneiden muistojen, unelmien ja valintojen ohella elokuva k\u00e4sittelee Inkerin ja h\u00e4nen p\u00e4sm\u00e4r\u00f6iv\u00e4n tytt\u00e4rens\u00e4 Maijan (Pirjo Lonka) kipe\u00e4\u00e4 suhdetta. Henkil\u00f6hahmoista ylip\u00e4\u00e4t\u00e4\u00e4n opitaan paljon uutta.\n    <\/p>\n<p class=\"article__paragraph\">\n      Ter\u00e4sleidit \u2013 kuin viimeist\u00e4 p\u00e4iv\u00e4\u00e4 on tuttuudesta huolimatta ihan kelpo jatko-osa ja edelt\u00e4j\u00e4ns\u00e4 tavoin n\u00e4yttelij\u00f6iden juhlaa. Kokonaisuutena se tosin j\u00e4\u00e4 jokseenkin ep\u00e4tasaiseksi ja hajaiseksi.\n    <\/p>\n<p class=\"article__paragraph\">\n      Dialogi on p\u00e4\u00e4s\u00e4\u00e4nt\u00f6isesti r\u00e4v\u00e4kk\u00e4\u00e4 ja ter\u00e4v\u00e4\u00e4, mutta kohtaukset itsess\u00e4\u00e4n heittelev\u00e4t sek\u00e4 tyylilt\u00e4\u00e4n ett\u00e4 laadultaan. Kaiken kohelluksenkin alta toki pilkist\u00e4\u00e4 aina jotain vakavampaa.\n    <\/p>\n","protected":false},"excerpt":{"rendered":"Ter\u00e4sleidit \u2013 kuin viimeist\u00e4 p\u00e4iv\u00e4\u00e4, Suomi 2025. Ohjaus: Pamela Tola. K\u00e4sikirjoitus: Aleksi Bardy, Karoliina Lindgren &amp; Aleksi Bardy.&hellip;\n","protected":false},"author":2,"featured_media":131779,"comment_status":"","ping_status":"","sticky":false,"template":"","format":"standard","meta":{"footnotes":""},"categories":[131],"tags":[155,137,33,173,31,30,172,32,109],"class_list":{"0":"post-131778","1":"post","2":"type-post","3":"status-publish","4":"format-standard","5":"has-post-thumbnail","7":"category-elokuvat","8":"tag-elokuvat","9":"tag-entertainment","10":"tag-fi","11":"tag-film","12":"tag-finland","13":"tag-finnish","14":"tag-movies","15":"tag-suomi","16":"tag-viihde"},"share_on_mastodon":{"url":"https:\/\/pubeurope.com\/@fi\/115826959647607703","error":""},"_links":{"self":[{"href":"https:\/\/www.europesays.com\/fi\/wp-json\/wp\/v2\/posts\/131778","targetHints":{"allow":["GET"]}}],"collection":[{"href":"https:\/\/www.europesays.com\/fi\/wp-json\/wp\/v2\/posts"}],"about":[{"href":"https:\/\/www.europesays.com\/fi\/wp-json\/wp\/v2\/types\/post"}],"author":[{"embeddable":true,"href":"https:\/\/www.europesays.com\/fi\/wp-json\/wp\/v2\/users\/2"}],"replies":[{"embeddable":true,"href":"https:\/\/www.europesays.com\/fi\/wp-json\/wp\/v2\/comments?post=131778"}],"version-history":[{"count":0,"href":"https:\/\/www.europesays.com\/fi\/wp-json\/wp\/v2\/posts\/131778\/revisions"}],"wp:featuredmedia":[{"embeddable":true,"href":"https:\/\/www.europesays.com\/fi\/wp-json\/wp\/v2\/media\/131779"}],"wp:attachment":[{"href":"https:\/\/www.europesays.com\/fi\/wp-json\/wp\/v2\/media?parent=131778"}],"wp:term":[{"taxonomy":"category","embeddable":true,"href":"https:\/\/www.europesays.com\/fi\/wp-json\/wp\/v2\/categories?post=131778"},{"taxonomy":"post_tag","embeddable":true,"href":"https:\/\/www.europesays.com\/fi\/wp-json\/wp\/v2\/tags?post=131778"}],"curies":[{"name":"wp","href":"https:\/\/api.w.org\/{rel}","templated":true}]}}