{"id":131780,"date":"2026-01-02T18:38:06","date_gmt":"2026-01-02T18:38:06","guid":{"rendered":"https:\/\/www.europesays.com\/fi\/131780\/"},"modified":"2026-01-02T18:38:06","modified_gmt":"2026-01-02T18:38:06","slug":"asiantuntijat-eivat-suosittele-kollageenivalmisteita-ikaantyvalle-iholle-nuoruudenlahteita-on-silti-olemassa","status":"publish","type":"post","link":"https:\/\/www.europesays.com\/fi\/131780\/","title":{"rendered":"Asiantuntijat eiv\u00e4t suosittele kollageenivalmisteita ik\u00e4\u00e4ntyv\u00e4lle iholle &#8211; nuoruudenl\u00e4hteit\u00e4 on silti olemassa"},"content":{"rendered":"<p>Vaikka kollageeni on ihon rakenteelle elint\u00e4rke\u00e4 proteiini, sen k\u00e4ytt\u00f6 lis\u00e4ravinteena ei v\u00e4ltt\u00e4m\u00e4tt\u00e4 hidasta ik\u00e4\u00e4ntymisen merkkien etenemist\u00e4. Kollageenin hy\u00f6dyt varmistetaan tuoreen analyysin perusteella muualta kuin purkista.<\/p>\n<p>Kollageenin m\u00e4\u00e4r\u00e4n v\u00e4heneminen i\u00e4n my\u00f6t\u00e4 n\u00e4kyy ihossa ryppyin\u00e4, veltostumisena ja ep\u00e4tasaisena pintana. T\u00e4st\u00e4 syyst\u00e4 kollageenilis\u00e4t ovat nousseet suosioon niin sanottuina \u201dkauneus sis\u00e4lt\u00e4p\u00e4in\u201d -tuotteina. Tutkimusn\u00e4ytt\u00f6 ei kuitenkaan tue markkinointiv\u00e4itteit\u00e4 niin vahvasti kuin usein annetaan ymm\u00e4rt\u00e4\u00e4.<\/p>\n<p>Vastik\u00e4\u00e4n tehdyn meta-analyysin mukaan tutkimukset, jotka puoltavat kollageenilisien hy\u00f6tyj\u00e4, ovat usein l\u00e4\u00e4keyhti\u00f6iden rahoittamia ja laadultaan heikkoja. Riippumattomat ja korkealaatuiset tutkimukset eiv\u00e4t ole havainneet kollageenilisist\u00e4 saatavan merkitt\u00e4v\u00e4\u00e4 hy\u00f6ty\u00e4.<\/p>\n<p>Lue my\u00f6s: <a href=\"https:\/\/www.voice.fi\/hyvinvointi\/liikunnasta-laihdutuksen-aikana-loytyi-erinomainen-hyoty-lihakset-nuorentuivat\" title=\"Liikunnasta laihdutuksen aikana l\u00f6ytyi erinomainen hy\u00f6ty \u2013 lihakset nuorentuivat\" class=\"underline-custom !font-montserrat !font-bold !underline-offset-4 !decoration-4 !decoration-tilt-light !text-md\" rel=\"nofollow noopener\" target=\"_blank\">Liikunnasta laihdutuksen aikana l\u00f6ytyi erinomainen hy\u00f6ty \u2013 lihakset nuorentuivat<\/a><\/p>\n<p>\u2013 Suun kautta otettavia kollageenivalmisteita ei t\u00e4ll\u00e4 hetkell\u00e4 suositella ihon ik\u00e4\u00e4ntymisen hoitoon, vaikkakin niit\u00e4 voidaan k\u00e4ytt\u00e4\u00e4 muiden, tutkimusn\u00e4yt\u00f6lt\u00e4\u00e4n vahvempien ja tehokkaampien keinojen rinnalla, Tufts-yliopiston apulaisprofessori ja ihotautil\u00e4\u00e4k\u00e4ri <strong>Farah Moustafa <\/strong>kertoo.<\/p>\n<p>Kollageenin s\u00e4ilytt\u00e4miseen ja tuotantoon on olemassa tieteellisesti todistettuja keinoja. Moustafan mukaan kannattaa varmistaa riitt\u00e4v\u00e4 proteiinin saanti ja nauttia C-vitamiinipitoisia ruokia kuten mansikoita, kiivej\u00e4, paprikaa ja sitrushedelmi\u00e4. Suoraa auringonpaistetta kannattaa v\u00e4ltt\u00e4\u00e4, sill\u00e4 se on suurin kollageenin tuhoaja. Auringonpaisteessa kannattaa k\u00e4ytt\u00e4\u00e4 UV-s\u00e4teilylt\u00e4 suojaavaa aurinkovoidetta.<\/p>\n<p>Paikallisesti k\u00e4ytett\u00e4v\u00e4t A-vitamiinijohdannaiset (retinoli) ovat my\u00f6s tutkitusti tehokkaita kollageenin hajoamisen est\u00e4misess\u00e4. Tupakointi kannattaa lopettaa, sill\u00e4 se nopeuttaa kollageenin hajoamista merkitt\u00e4v\u00e4sti.<\/p>\n<p>Lue my\u00f6s: <a href=\"https:\/\/www.voice.fi\/hyvinvointi\/tutkimus-nenankaivuu-voi-olla-terveydelle-haitallista\" title=\"Tutkimus: Nen\u00e4nkaivuu voi olla terveydelle haitallista\" class=\"underline-custom !font-montserrat !font-bold !underline-offset-4 !decoration-4 !decoration-tilt-light !text-md\" rel=\"nofollow noopener\" target=\"_blank\">Tutkimus: Nen\u00e4nkaivuu voi olla terveydelle haitallista<\/a><\/p>\n<p>Lue my\u00f6s: <a href=\"https:\/\/www.voice.fi\/hyvinvointi\/liikunnasta-paljastui-uusi-vaikutus-sydameen-voi-parantaa-tulevaisuuden-hoitoja\" title=\"Liikunnasta paljastui uusi vaikutus syd\u00e4meen \u2013 voi parantaa tulevaisuuden hoitoja\" class=\"underline-custom !font-montserrat !font-bold !underline-offset-4 !decoration-4 !decoration-tilt-light !text-md\" rel=\"nofollow noopener\" target=\"_blank\">Liikunnasta paljastui uusi vaikutus syd\u00e4meen \u2013 voi parantaa tulevaisuuden hoitoja<\/a><\/p>\n<p>Lue my\u00f6s: <a href=\"https:\/\/www.voice.fi\/hyvinvointi\/tutkijat-huomasivat-miten-aivot-kytkevat-ahdistuksen-paalle-ja-pois\" title=\"Tutkijat huomasivat miten aivot kytkev\u00e4t ahdistuksen p\u00e4\u00e4lle ja pois\" class=\"underline-custom !font-montserrat !font-bold !underline-offset-4 !decoration-4 !decoration-tilt-light !text-md\" rel=\"nofollow noopener\" target=\"_blank\">Tutkijat huomasivat miten aivot kytkev\u00e4t ahdistuksen p\u00e4\u00e4lle ja pois<\/a><\/p>\n<p>L\u00e4hde: <a href=\"https:\/\/scitechdaily.com\/why-dermatologists-arent-recommending-collagen-supplements-for-aging-skin\/\" target=\"_blank\" rel=\"noreferrer noopener nofollow\">SciTechDaily<\/a><\/p>\n","protected":false},"excerpt":{"rendered":"Vaikka kollageeni on ihon rakenteelle elint\u00e4rke\u00e4 proteiini, sen k\u00e4ytt\u00f6 lis\u00e4ravinteena ei v\u00e4ltt\u00e4m\u00e4tt\u00e4 hidasta ik\u00e4\u00e4ntymisen merkkien etenemist\u00e4. Kollageenin hy\u00f6dyt&hellip;\n","protected":false},"author":2,"featured_media":131781,"comment_status":"","ping_status":"","sticky":false,"template":"","format":"standard","meta":{"footnotes":""},"categories":[165],"tags":[33,31,30,166,7580,19923,23285,32,167,472],"class_list":{"0":"post-131780","1":"post","2":"type-post","3":"status-publish","4":"format-standard","5":"has-post-thumbnail","7":"category-terveys","8":"tag-fi","9":"tag-finland","10":"tag-finnish","11":"tag-health","12":"tag-ihonhoito","13":"tag-iku00e4u00e4ntyminen","14":"tag-kollageeni","15":"tag-suomi","16":"tag-terveys","17":"tag-tutkimus"},"share_on_mastodon":{"url":"https:\/\/pubeurope.com\/@fi\/115826963508269995","error":""},"_links":{"self":[{"href":"https:\/\/www.europesays.com\/fi\/wp-json\/wp\/v2\/posts\/131780","targetHints":{"allow":["GET"]}}],"collection":[{"href":"https:\/\/www.europesays.com\/fi\/wp-json\/wp\/v2\/posts"}],"about":[{"href":"https:\/\/www.europesays.com\/fi\/wp-json\/wp\/v2\/types\/post"}],"author":[{"embeddable":true,"href":"https:\/\/www.europesays.com\/fi\/wp-json\/wp\/v2\/users\/2"}],"replies":[{"embeddable":true,"href":"https:\/\/www.europesays.com\/fi\/wp-json\/wp\/v2\/comments?post=131780"}],"version-history":[{"count":0,"href":"https:\/\/www.europesays.com\/fi\/wp-json\/wp\/v2\/posts\/131780\/revisions"}],"wp:featuredmedia":[{"embeddable":true,"href":"https:\/\/www.europesays.com\/fi\/wp-json\/wp\/v2\/media\/131781"}],"wp:attachment":[{"href":"https:\/\/www.europesays.com\/fi\/wp-json\/wp\/v2\/media?parent=131780"}],"wp:term":[{"taxonomy":"category","embeddable":true,"href":"https:\/\/www.europesays.com\/fi\/wp-json\/wp\/v2\/categories?post=131780"},{"taxonomy":"post_tag","embeddable":true,"href":"https:\/\/www.europesays.com\/fi\/wp-json\/wp\/v2\/tags?post=131780"}],"curies":[{"name":"wp","href":"https:\/\/api.w.org\/{rel}","templated":true}]}}