{"id":131784,"date":"2026-01-02T18:40:07","date_gmt":"2026-01-02T18:40:07","guid":{"rendered":"https:\/\/www.europesays.com\/fi\/131784\/"},"modified":"2026-01-02T18:40:07","modified_gmt":"2026-01-02T18:40:07","slug":"helsingissa-jarjestetaan-uusi-festivaali-idea-lahti-vitutuksesta-paikalliset","status":"publish","type":"post","link":"https:\/\/www.europesays.com\/fi\/131784\/","title":{"rendered":"Helsingiss\u00e4 j\u00e4rjestet\u00e4\u00e4n uusi festivaali \u2013 idea l\u00e4hti vitutuksesta\u2009 | Paikalliset"},"content":{"rendered":"<p>Helsingiss\u00e4 j\u00e4rjestet\u00e4\u00e4n alkuvuodesta uusi hard rock -musiikin festivaali.<\/p>\n<p>Korjaamolla 5. tammikuuta j\u00e4rjestett\u00e4v\u00e4 tapahtuma kantaa nime\u00e4 New Finnish Hard Rock Music \u2013 Valtakunnallinen Vitutusfestivaali.<\/p>\n<p>Syit\u00e4 vitutusfestivaalille on useita, kertoo tapahtumaa j\u00e4rjest\u00e4v\u00e4 tuottaja ja muusikko<strong> Jake Lepp\u00e4l\u00e4<\/strong>.<\/p>\n<p>\u2013 On pime\u00e4 ja kylm\u00e4 vuodenaika, joka yhdist\u00e4\u00e4 meit\u00e4 kaikkia, Lepp\u00e4l\u00e4 aloittaa.<\/p>\n<blockquote class=\"voice-no-read rs_skip diks-blockquote\">\n<p class=\"diks-blockquote__text\">Se on monelle luovuuden l\u00e4hde.<\/p>\n<\/blockquote>\n<p>Erityist\u00e4 vitutusta on musiikintekij\u00f6iden parissa.<\/p>\n<p>\u2013 Osa festivaalilla esiintyvist\u00e4 muusikoista on ollut kuuluisienkin b\u00e4ndien taustalla, mutta kun he tekev\u00e4t omaa musiikkia, heid\u00e4n on hyvin vaikea p\u00e4\u00e4st\u00e4 tuntemattomuudesta esiin.<\/p>\n<p>Vitutusfestivaali tarjoaa heille nyt estradin.<\/p>\n<p>Vitutusta ei pid\u00e4 n\u00e4hd\u00e4 ainoastaan negatiivisena tilana.<\/p>\n<p>\u2013 Se on monelle luovuuden l\u00e4hde. Etenkin hard rock -puolella sen voi k\u00e4\u00e4nt\u00e4\u00e4 voimavaraksi, Lepp\u00e4l\u00e4 huomauttaa.<\/p>\n<p>Festivaalilla esiintyv\u00e4t Let\u2019s Eppelin, Stoner Kings, Daizy Pinehill Band, Private Eyes Band featuring <strong>Mika J\u00e4rvinen<\/strong> ja <strong>Mikko Rintanen<\/strong>.<\/p>\n<p>Korjaamon Kulma-saliin mahtuu noin 200 kuulijaa.<\/p>\n<p>New Finnish Hard Rock Music \u2013 Valtakunnallinen Vitutusfestivaali, Korjaamo (T\u00f6\u00f6l\u00f6nkatu 51 B), Kulma-sali, 5. tammikuuta. Keikat kello 19 alkaen.<\/p>\n","protected":false},"excerpt":{"rendered":"Helsingiss\u00e4 j\u00e4rjestet\u00e4\u00e4n alkuvuodesta uusi hard rock -musiikin festivaali. Korjaamolla 5. tammikuuta j\u00e4rjestett\u00e4v\u00e4 tapahtuma kantaa nime\u00e4 New Finnish Hard&hellip;\n","protected":false},"author":2,"featured_media":131785,"comment_status":"","ping_status":"","sticky":false,"template":"","format":"standard","meta":{"footnotes":""},"categories":[130],"tags":[137,33,31,30,104,763,47,32,397,2599,2107,109],"class_list":{"0":"post-131784","1":"post","2":"type-post","3":"status-publish","4":"format-standard","5":"has-post-thumbnail","7":"category-viihde","8":"tag-entertainment","9":"tag-fi","10":"tag-finland","11":"tag-finnish","12":"tag-helsinki","13":"tag-kulttuuri-ja-viihde","14":"tag-musiikki","15":"tag-suomi","16":"tag-taide","17":"tag-tapahtumat-ja-tapahtumatiedot","18":"tag-vapaa-aika","19":"tag-viihde"},"share_on_mastodon":{"url":"https:\/\/pubeurope.com\/@fi\/115826971255146096","error":""},"_links":{"self":[{"href":"https:\/\/www.europesays.com\/fi\/wp-json\/wp\/v2\/posts\/131784","targetHints":{"allow":["GET"]}}],"collection":[{"href":"https:\/\/www.europesays.com\/fi\/wp-json\/wp\/v2\/posts"}],"about":[{"href":"https:\/\/www.europesays.com\/fi\/wp-json\/wp\/v2\/types\/post"}],"author":[{"embeddable":true,"href":"https:\/\/www.europesays.com\/fi\/wp-json\/wp\/v2\/users\/2"}],"replies":[{"embeddable":true,"href":"https:\/\/www.europesays.com\/fi\/wp-json\/wp\/v2\/comments?post=131784"}],"version-history":[{"count":0,"href":"https:\/\/www.europesays.com\/fi\/wp-json\/wp\/v2\/posts\/131784\/revisions"}],"wp:featuredmedia":[{"embeddable":true,"href":"https:\/\/www.europesays.com\/fi\/wp-json\/wp\/v2\/media\/131785"}],"wp:attachment":[{"href":"https:\/\/www.europesays.com\/fi\/wp-json\/wp\/v2\/media?parent=131784"}],"wp:term":[{"taxonomy":"category","embeddable":true,"href":"https:\/\/www.europesays.com\/fi\/wp-json\/wp\/v2\/categories?post=131784"},{"taxonomy":"post_tag","embeddable":true,"href":"https:\/\/www.europesays.com\/fi\/wp-json\/wp\/v2\/tags?post=131784"}],"curies":[{"name":"wp","href":"https:\/\/api.w.org\/{rel}","templated":true}]}}