{"id":131786,"date":"2026-01-02T18:43:11","date_gmt":"2026-01-02T18:43:11","guid":{"rendered":"https:\/\/www.europesays.com\/fi\/131786\/"},"modified":"2026-01-02T18:43:11","modified_gmt":"2026-01-02T18:43:11","slug":"k-ryhma-ja-keskimaa-palkkaavat-satoja-kesatyontekijoita-keski-suomessa-osaan-paikoista-voi-jo-hakea-keski-suomi","status":"publish","type":"post","link":"https:\/\/www.europesays.com\/fi\/131786\/","title":{"rendered":"K-ryhm\u00e4 ja Keskimaa palkkaavat satoja kes\u00e4ty\u00f6ntekij\u00f6it\u00e4 Keski-Suomessa \u2013\u2009osaan paikoista voi jo hakea | Keski-Suomi"},"content":{"rendered":"<p>Osuuskauppa Keskimaa ja K-ryhm\u00e4 palkkaavat maakunnassa yhteens\u00e4 satoja kes\u00e4ty\u00f6ntekij\u00f6it\u00e4. K-ryhm\u00e4ss\u00e4 on avoinna 180 paikkaa ja Keskimaalla &#8221;satoja&#8221;. K-ryhm\u00e4n yhteinen kes\u00e4ty\u00f6nhakusivu aukeaa 7. tammikuuta <a href=\"https:\/\/www.ksml.fi\/paikalliset\/kesko.fi\/kesatyo\" rel=\"nofollow noopener\" target=\"_blank\">t\u00e4\u00e4ll\u00e4<\/a><a href=\"https:\/\/www.ksml.fi\/paikalliset\/kesko.fi\/kesatyo\" rel=\"nofollow noopener\" target=\"_blank\">.<\/a> Keskimaan <a href=\"https:\/\/www.ksml.fi\/paikalliset\/keskimaa.fi\/kes%C3%A4ty%C3%B6\" rel=\"nofollow noopener\" target=\"_blank\">haku <\/a>on jo k\u00e4ynnistynyt.<\/p>\n<p>K-ryhm\u00e4ss\u00e4 voi hakea kes\u00e4t\u00f6ihin K-ruokakauppojen lis\u00e4ksi K-Rautoihin ja teknisen tukkukaupan Onninen Express -myym\u00e4l\u00f6ihin, vapaa-ajan kauppoihin (Intersport ja Budget Sport), automekaanikon ja myyntiavustajan teht\u00e4viin K-Autolle, logistiikkakeskuksiin, ravintolatukkuri Kesproon sek\u00e4 K-ryhm\u00e4n toimistoille.<\/p>\n<p>Alle 18-vuotiaille on noin 50 kes\u00e4ty\u00f6paikkaa Keski-Suomessa.<\/p>\n<p>\u2013\u2009K-ryhm\u00e4lle nuoret ovat t\u00e4rkeit\u00e4 tulevaisuuden osaajia, joille haluamme tarjota mahdollisuuksia p\u00e4\u00e4st\u00e4 ty\u00f6uran alkuun, sanoo tiedotteessa Keskon It\u00e4- ja Keski-Suomen aluejohtaja <strong>Jesse Kohonen. <\/strong><\/p>\n","protected":false},"excerpt":{"rendered":"Osuuskauppa Keskimaa ja K-ryhm\u00e4 palkkaavat maakunnassa yhteens\u00e4 satoja kes\u00e4ty\u00f6ntekij\u00f6it\u00e4. K-ryhm\u00e4ss\u00e4 on avoinna 180 paikkaa ja Keskimaalla &#8221;satoja&#8221;. K-ryhm\u00e4n&hellip;\n","protected":false},"author":2,"featured_media":131787,"comment_status":"","ping_status":"","sticky":false,"template":"","format":"standard","meta":{"footnotes":""},"categories":[76],"tags":[79,77,33,31,30,425,16108,6304,32,78,2371,860,3512],"class_list":{"0":"post-131786","1":"post","2":"type-post","3":"status-publish","4":"format-standard","5":"has-post-thumbnail","7":"category-talous","8":"tag-business","9":"tag-economy","10":"tag-fi","11":"tag-finland","12":"tag-finnish","13":"tag-jyvaskyla","14":"tag-osuuskauppa-keskimaa","15":"tag-s-ryhma","16":"tag-suomi","17":"tag-talous","18":"tag-tyo-ja-raha","19":"tag-tyoelama","20":"tag-tyontekijat"},"share_on_mastodon":{"url":"https:\/\/pubeurope.com\/@fi\/115826983256185233","error":""},"_links":{"self":[{"href":"https:\/\/www.europesays.com\/fi\/wp-json\/wp\/v2\/posts\/131786","targetHints":{"allow":["GET"]}}],"collection":[{"href":"https:\/\/www.europesays.com\/fi\/wp-json\/wp\/v2\/posts"}],"about":[{"href":"https:\/\/www.europesays.com\/fi\/wp-json\/wp\/v2\/types\/post"}],"author":[{"embeddable":true,"href":"https:\/\/www.europesays.com\/fi\/wp-json\/wp\/v2\/users\/2"}],"replies":[{"embeddable":true,"href":"https:\/\/www.europesays.com\/fi\/wp-json\/wp\/v2\/comments?post=131786"}],"version-history":[{"count":0,"href":"https:\/\/www.europesays.com\/fi\/wp-json\/wp\/v2\/posts\/131786\/revisions"}],"wp:featuredmedia":[{"embeddable":true,"href":"https:\/\/www.europesays.com\/fi\/wp-json\/wp\/v2\/media\/131787"}],"wp:attachment":[{"href":"https:\/\/www.europesays.com\/fi\/wp-json\/wp\/v2\/media?parent=131786"}],"wp:term":[{"taxonomy":"category","embeddable":true,"href":"https:\/\/www.europesays.com\/fi\/wp-json\/wp\/v2\/categories?post=131786"},{"taxonomy":"post_tag","embeddable":true,"href":"https:\/\/www.europesays.com\/fi\/wp-json\/wp\/v2\/tags?post=131786"}],"curies":[{"name":"wp","href":"https:\/\/api.w.org\/{rel}","templated":true}]}}