{"id":131790,"date":"2026-01-02T18:45:08","date_gmt":"2026-01-02T18:45:08","guid":{"rendered":"https:\/\/www.europesays.com\/fi\/131790\/"},"modified":"2026-01-02T18:45:08","modified_gmt":"2026-01-02T18:45:08","slug":"viiden-auton-onnettomuus-vantaalla-talta-paikalla-naytti","status":"publish","type":"post","link":"https:\/\/www.europesays.com\/fi\/131790\/","title":{"rendered":"Viiden auton onnettomuus Vantaalla \u2013 T\u00e4lt\u00e4 paikalla n\u00e4ytti"},"content":{"rendered":"<p>Pelastuslaitos on paikalla.<\/p>\n<p class=\"paragraph\">Vantaalla tapahtui viiden auton kolari perjantaina illalla. Tilanteen ohi ajanut Iltalehden toimittaja <strong>Petra Sneck<\/strong> kertoo, ett\u00e4 onnettomuuspaikka on Keh\u00e4 III:lla hieman ennen Jakom\u00e4en liittym\u00e4\u00e4.<\/p>\n<p class=\"paragraph\">\u2013 Useita autoja pitkin poikin tiet\u00e4, Sneck kertoo havainnoistaan.<\/p>\n<p class=\"paragraph\">Keski-Uudenmaan pelastuslaitokselta vahvistettiin aiemmin, ett\u00e4 Keh\u00e4 III:lla Lahdenv\u00e4yl\u00e4n alapuolella on tieliikenneonnettomuuteen liittyv\u00e4 teht\u00e4v\u00e4 k\u00e4ynniss\u00e4. My\u00f6hemmin pelastuslaitos tiedotti osallisten ajoneuvojen m\u00e4\u00e4r\u00e4st\u00e4.<\/p>\n<p class=\"paragraph\">Onnettomuus on haitannut liikennett\u00e4 id\u00e4n suuntaan. Liikennehaitta jatkuu toistaiseksi ajoneuvojen hinauksen takia, kahdeksan j\u00e4lkeen tulleessa jatkotiedotteessa kerrotaan.<\/p>\n<p class=\"paragraph\">Ensihoito tarkasti onnettomuudessa olleita. Yksi henkil\u00f6 vietiin sairaalaan tarkastettavaksi.<\/p>\n<p class=\"paragraph\">\u2013 T\u00e4m\u00e4n hetken k\u00e4sitys on, ett\u00e4 mit\u00e4\u00e4n suurempia henkil\u00f6vahinkoja ei ole tullut, ilmeisesti vain romua, tilannekeskuksesta kerrottiin aiemmin.<\/p>\n<p class=\"paragraph\">Korjaus 2.1. kello 20.07: Korjattu ensimm\u00e4iseen kappaleeseen Keh\u00e4 II Keh\u00e4 III:ksi.<\/p>\n<p class=\"paragraph\">P\u00e4ivitetty 2.1. kello 20.26 pelastuslaitoksen jatkotiedotteen tiedoilla.<\/p>\n<p><img decoding=\"async\" class=\"image image-show image-preview\" src=\"https:\/\/www.europesays.com\/fi\/wp-content\/uploads\/2026\/01\/4521562920c80520ecadb8aeb6d70c037ff2b4633f1277d5dda2cbec7a718b26.jpg\" alt=\"\"\/><img decoding=\"async\" class=\"image image-show\" src=\"https:\/\/www.europesays.com\/fi\/wp-content\/uploads\/2026\/01\/1767379508_843_4521562920c80520ecadb8aeb6d70c037ff2b4633f1277d5dda2cbec7a718b26.jpg\" alt=\"\"\/><\/p>\n<p>Keh\u00e4 III:lla tapahtui useamman auton kolari. paulus pitkala<\/p>\n","protected":false},"excerpt":{"rendered":"Pelastuslaitos on paikalla. Vantaalla tapahtui viiden auton kolari perjantaina illalla. Tilanteen ohi ajanut Iltalehden toimittaja Petra Sneck kertoo,&hellip;\n","protected":false},"author":2,"featured_media":131791,"comment_status":"","ping_status":"","sticky":false,"template":"","format":"standard","meta":{"footnotes":""},"categories":[12],"tags":[35,22,23,26,27,33,31,30,17,24,25,121,1048,28,29,15,18,21,122,54,32,128,19,20,16],"class_list":{"0":"post-131790","1":"post","2":"type-post","3":"status-publish","4":"format-standard","5":"has-post-thumbnail","7":"category-suomi","8":"tag-24h","9":"tag-breaking-news","10":"tag-breakingnews","11":"tag-featured-news","12":"tag-featurednews","13":"tag-fi","14":"tag-finland","15":"tag-finnish","16":"tag-headlines","17":"tag-latest-news","18":"tag-latestnews","19":"tag-liikenne-ja-kuljetus","20":"tag-maakulkuneuvot","21":"tag-main-news","22":"tag-mainnews","23":"tag-news","24":"tag-otsikot","25":"tag-paauutiset","26":"tag-pelastaminen","27":"tag-pelastuspalvelut","28":"tag-suomi","29":"tag-tieliikenne","30":"tag-top-stories","31":"tag-topstories","32":"tag-uutiset"},"share_on_mastodon":{"url":"https:\/\/pubeurope.com\/@fi\/115826991026467222","error":""},"_links":{"self":[{"href":"https:\/\/www.europesays.com\/fi\/wp-json\/wp\/v2\/posts\/131790","targetHints":{"allow":["GET"]}}],"collection":[{"href":"https:\/\/www.europesays.com\/fi\/wp-json\/wp\/v2\/posts"}],"about":[{"href":"https:\/\/www.europesays.com\/fi\/wp-json\/wp\/v2\/types\/post"}],"author":[{"embeddable":true,"href":"https:\/\/www.europesays.com\/fi\/wp-json\/wp\/v2\/users\/2"}],"replies":[{"embeddable":true,"href":"https:\/\/www.europesays.com\/fi\/wp-json\/wp\/v2\/comments?post=131790"}],"version-history":[{"count":0,"href":"https:\/\/www.europesays.com\/fi\/wp-json\/wp\/v2\/posts\/131790\/revisions"}],"wp:featuredmedia":[{"embeddable":true,"href":"https:\/\/www.europesays.com\/fi\/wp-json\/wp\/v2\/media\/131791"}],"wp:attachment":[{"href":"https:\/\/www.europesays.com\/fi\/wp-json\/wp\/v2\/media?parent=131790"}],"wp:term":[{"taxonomy":"category","embeddable":true,"href":"https:\/\/www.europesays.com\/fi\/wp-json\/wp\/v2\/categories?post=131790"},{"taxonomy":"post_tag","embeddable":true,"href":"https:\/\/www.europesays.com\/fi\/wp-json\/wp\/v2\/tags?post=131790"}],"curies":[{"name":"wp","href":"https:\/\/api.w.org\/{rel}","templated":true}]}}