{"id":131792,"date":"2026-01-02T18:46:06","date_gmt":"2026-01-02T18:46:06","guid":{"rendered":"https:\/\/www.europesays.com\/fi\/131792\/"},"modified":"2026-01-02T18:46:06","modified_gmt":"2026-01-02T18:46:06","slug":"suomessa-annettu-tulvavaroituksia-asiantuntija-kertoo-mista-on-kyse-yle","status":"publish","type":"post","link":"https:\/\/www.europesays.com\/fi\/131792\/","title":{"rendered":"Suomessa annettu tulvavaroituksia \u2013 asiantuntija kertoo, mist\u00e4 on kyse &#8211; Yle"},"content":{"rendered":"<ol>\n<li><a href=\"https:\/\/news.google.com\/rss\/articles\/CBMiQkFVX3lxTE82YTJuQlNiYjU3UVp5bmVhZHpXSG05OXE0Q3lCU2V1TU03Y1UxdjJ5ZVB1VEFTZjdNdk4ya2RTeXNpZw?oc=5\" target=\"_blank\" rel=\"nofollow noopener\">Suomessa annettu tulvavaroituksia \u2013 asiantuntija kertoo, mist\u00e4 on kyse<\/a>&nbsp;&nbsp;Yle<\/li>\n<li><a href=\"https:\/\/news.google.com\/rss\/articles\/CBMibkFVX3lxTE94bnhaVENlWWNqZXgyZkpSN1F2Nk1udktWWDhDS1dZRU42dmxkVUxSWXd2b3JjV082MVoyU296X0RBLVFsQUdEUm1EU2d2QzdOZmJtRFB5Zk01Tk4yTXhHOVhheEdPSm5NM1ZfdC1R?oc=5\" target=\"_blank\" rel=\"nofollow noopener\">Vesist\u00f6t | Tulvariski kasvaa: vahingot mahdollisia viikonloppuna erityisesti yhdess\u00e4 joessa \u2013 \u201dOn hyyt\u00e4v\u00e4 keli\u201d<\/a>&nbsp;&nbsp;Satakunnan Kansa<\/li>\n<li><a href=\"https:\/\/news.google.com\/rss\/articles\/CBMiiAFBVV95cUxOQmVyMmNDaG43UXliWGgtWDBXbURQMGZWZXlfdE84OVQ3LUg2X05KRUYzcjRvMmtZYk9NUWU3R0dWUnBYY1dJdTg3SEEzZlpXM3drTFR2Q3FUT01WVkRIQm9pSlJldWRrbGpmSkJuSlMxQnFtTXJ0eUFFRHp0UzFMcTlNUGRiVDIy?oc=5\" target=\"_blank\" rel=\"nofollow noopener\">Pakkasen muodostama hyyde voi aiheuttaa tulvia joissa \u2013 Kiiminkijoki seurannassa Utaj\u00e4rvell\u00e4<\/a>&nbsp;&nbsp;Kaleva<\/li>\n<li><a href=\"https:\/\/news.google.com\/rss\/articles\/CBMipAFBVV95cUxPeU96Z0pyX1VrdklabTgxaDBqYlhYNG5rRnNQdXdBZWRiaGZuaG5mOFlzdFI3b05jbmpVZ1VjZi0tNzdHek5LOUhqTjdwYzc4YkVPQzdFYzh6UGlKa0xHdkxWdUEtU0tzTTdXbExGS201eUdLNkh6TURiVHBsY1pOSVdZR2wyWVpDWTM1WHI4UHVBU0dHMVZuZXR5cGQtR2FqRmlBeA?oc=5\" target=\"_blank\" rel=\"nofollow noopener\">Kokem\u00e4enjokeen pyrit\u00e4\u00e4n muodostamaan j\u00e4\u00e4kansi, hyydepuomeja asennettu<\/a>&nbsp;&nbsp;Alueviesti<\/li>\n<li><a href=\"https:\/\/news.google.com\/rss\/articles\/CBMibkFVX3lxTFBmUEZCazAtbGViVVlZWXMzMTUzT3lHV18zTTFfRE5FOGpieDlhUUNSZEt4Ynk1ejJiOTZFMllBZ1lsY2NGZmtTWC1ZNmpiOUJlTGJUSHU4bzdtQjVtZEhnd0FMWV9nbWJSYXBxLU9n?oc=5\" target=\"_blank\" rel=\"nofollow noopener\">Hyydetulvavaara Merikarvianjoella<\/a>&nbsp;&nbsp;Merikarvia-lehti<\/li>\n<\/ol>\n","protected":false},"excerpt":{"rendered":"Suomessa annettu tulvavaroituksia \u2013 asiantuntija kertoo, mist\u00e4 on kyse&nbsp;&nbsp;Yle Vesist\u00f6t | Tulvariski kasvaa: vahingot mahdollisia viikonloppuna erityisesti yhdess\u00e4&hellip;\n","protected":false},"author":2,"featured_media":131793,"comment_status":"","ping_status":"","sticky":false,"template":"","format":"standard","meta":{"footnotes":""},"categories":[5],"tags":[22,23,26,27,33,31,30,17,1730,16622,71,24,25,28,29,15,18,21,553,728,710,968,32,19,20,2524,16],"class_list":{"0":"post-131792","1":"post","2":"type-post","3":"status-publish","4":"format-standard","5":"has-post-thumbnail","7":"category-otsikot","8":"tag-breaking-news","9":"tag-breakingnews","10":"tag-featured-news","11":"tag-featurednews","12":"tag-fi","13":"tag-finland","14":"tag-finnish","15":"tag-headlines","16":"tag-joet","17":"tag-kokemaenjoki","18":"tag-kotimaa","19":"tag-latest-news","20":"tag-latestnews","21":"tag-main-news","22":"tag-mainnews","23":"tag-news","24":"tag-otsikot","25":"tag-paauutiset","26":"tag-pirkanmaa","27":"tag-pohjois-pohjanmaa","28":"tag-saa","29":"tag-satakunta","30":"tag-suomi","31":"tag-top-stories","32":"tag-topstories","33":"tag-tulvat","34":"tag-uutiset"},"share_on_mastodon":{"url":"https:\/\/pubeurope.com\/@fi\/115826994892662815","error":""},"_links":{"self":[{"href":"https:\/\/www.europesays.com\/fi\/wp-json\/wp\/v2\/posts\/131792","targetHints":{"allow":["GET"]}}],"collection":[{"href":"https:\/\/www.europesays.com\/fi\/wp-json\/wp\/v2\/posts"}],"about":[{"href":"https:\/\/www.europesays.com\/fi\/wp-json\/wp\/v2\/types\/post"}],"author":[{"embeddable":true,"href":"https:\/\/www.europesays.com\/fi\/wp-json\/wp\/v2\/users\/2"}],"replies":[{"embeddable":true,"href":"https:\/\/www.europesays.com\/fi\/wp-json\/wp\/v2\/comments?post=131792"}],"version-history":[{"count":0,"href":"https:\/\/www.europesays.com\/fi\/wp-json\/wp\/v2\/posts\/131792\/revisions"}],"wp:featuredmedia":[{"embeddable":true,"href":"https:\/\/www.europesays.com\/fi\/wp-json\/wp\/v2\/media\/131793"}],"wp:attachment":[{"href":"https:\/\/www.europesays.com\/fi\/wp-json\/wp\/v2\/media?parent=131792"}],"wp:term":[{"taxonomy":"category","embeddable":true,"href":"https:\/\/www.europesays.com\/fi\/wp-json\/wp\/v2\/categories?post=131792"},{"taxonomy":"post_tag","embeddable":true,"href":"https:\/\/www.europesays.com\/fi\/wp-json\/wp\/v2\/tags?post=131792"}],"curies":[{"name":"wp","href":"https:\/\/api.w.org\/{rel}","templated":true}]}}