{"id":131795,"date":"2026-01-02T18:51:08","date_gmt":"2026-01-02T18:51:08","guid":{"rendered":"https:\/\/www.europesays.com\/fi\/131795\/"},"modified":"2026-01-02T18:51:08","modified_gmt":"2026-01-02T18:51:08","slug":"porilaiset-noora-santavuori-ja-jere-simola-kohtasivat-toisensa-elaman-kaannekohdassa","status":"publish","type":"post","link":"https:\/\/www.europesays.com\/fi\/131795\/","title":{"rendered":"Porilaiset Noora Santavuori ja Jere Simola kohtasivat toisensa el\u00e4m\u00e4n k\u00e4\u00e4nnekohdassa"},"content":{"rendered":"<p>Porilaiset Noora Santavuori ja Jere Simola kohtasivat toisensa el\u00e4m\u00e4n k\u00e4\u00e4nnekohdassa. Rakkaus luontoon ja toisiinsa synnytti halun perustaa yhteinen yritys.<\/p>\n<p class=\"article-body mb-nof-24 px-nof-16\">Pori<\/p>\n<p class=\"article-body mb-nof-24 px-nof-16\">Kun <a class=\"font-bold underline-offset-[0.12em] [text-decoration:var(--person-link-text-decoration)] ![text-decoration-color:var(--person-link-text-decoration-color)]\" href=\"https:\/\/www.satakunnankansa.fi\/haku\/?query=Noora%20Santavuori\" rel=\"nofollow noopener\" target=\"_blank\">Noora Santavuori<\/a>, 43, ja <a class=\"font-bold underline-offset-[0.12em] [text-decoration:var(--person-link-text-decoration)] ![text-decoration-color:var(--person-link-text-decoration-color)]\" href=\"https:\/\/www.satakunnankansa.fi\/haku\/?query=Jere%20Simola\" rel=\"nofollow noopener\" target=\"_blank\">Jere Simola<\/a>, 38, tapasivat toisensa tammikuussa 2021 Sastamalan Er\u00e4karkussa, kumpikaan ei osannut arvata, ett\u00e4 edess\u00e4 olisi paitsi uusi ammatti, my\u00f6s yhteinen yritys ja rakkaustarina. Molemmat olivat p\u00e4\u00e4tyneet opiskelemaan er\u00e4- ja luonto-oppaiksi samaan kouluun sattumalta \u2013 tai niin he silloin luulivat.<\/p>\n","protected":false},"excerpt":{"rendered":"Porilaiset Noora Santavuori ja Jere Simola kohtasivat toisensa el\u00e4m\u00e4n k\u00e4\u00e4nnekohdassa. Rakkaus luontoon ja toisiinsa synnytti halun perustaa yhteinen&hellip;\n","protected":false},"author":2,"featured_media":131796,"comment_status":"","ping_status":"","sticky":false,"template":"","format":"standard","meta":{"footnotes":""},"categories":[113],"tags":[446,33,31,30,80,118,32,119,447],"class_list":{"0":"post-131795","1":"post","2":"type-post","3":"status-publish","4":"format-standard","5":"has-post-thumbnail","7":"category-ymparisto","8":"tag-environment","9":"tag-fi","10":"tag-finland","11":"tag-finnish","12":"tag-satakunnan-kansa","13":"tag-science","14":"tag-suomi","15":"tag-tiede","16":"tag-ymparisto"},"share_on_mastodon":{"url":"https:\/\/pubeurope.com\/@fi\/115827014534899320","error":""},"_links":{"self":[{"href":"https:\/\/www.europesays.com\/fi\/wp-json\/wp\/v2\/posts\/131795","targetHints":{"allow":["GET"]}}],"collection":[{"href":"https:\/\/www.europesays.com\/fi\/wp-json\/wp\/v2\/posts"}],"about":[{"href":"https:\/\/www.europesays.com\/fi\/wp-json\/wp\/v2\/types\/post"}],"author":[{"embeddable":true,"href":"https:\/\/www.europesays.com\/fi\/wp-json\/wp\/v2\/users\/2"}],"replies":[{"embeddable":true,"href":"https:\/\/www.europesays.com\/fi\/wp-json\/wp\/v2\/comments?post=131795"}],"version-history":[{"count":0,"href":"https:\/\/www.europesays.com\/fi\/wp-json\/wp\/v2\/posts\/131795\/revisions"}],"wp:featuredmedia":[{"embeddable":true,"href":"https:\/\/www.europesays.com\/fi\/wp-json\/wp\/v2\/media\/131796"}],"wp:attachment":[{"href":"https:\/\/www.europesays.com\/fi\/wp-json\/wp\/v2\/media?parent=131795"}],"wp:term":[{"taxonomy":"category","embeddable":true,"href":"https:\/\/www.europesays.com\/fi\/wp-json\/wp\/v2\/categories?post=131795"},{"taxonomy":"post_tag","embeddable":true,"href":"https:\/\/www.europesays.com\/fi\/wp-json\/wp\/v2\/tags?post=131795"}],"curies":[{"name":"wp","href":"https:\/\/api.w.org\/{rel}","templated":true}]}}