{"id":131819,"date":"2026-01-02T19:29:08","date_gmt":"2026-01-02T19:29:08","guid":{"rendered":"https:\/\/www.europesays.com\/fi\/131819\/"},"modified":"2026-01-02T19:29:08","modified_gmt":"2026-01-02T19:29:08","slug":"hamahakkinaisen-suudelma-elokuvan-arvostelu","status":"publish","type":"post","link":"https:\/\/www.europesays.com\/fi\/131819\/","title":{"rendered":"H\u00e4m\u00e4h\u00e4kkinaisen suudelma \u2013 elokuvan arvostelu"},"content":{"rendered":"<p>Argentiinalaisen <strong>Manuel Puigin<\/strong> kirjasta Argentiinan julman sotilasjuntan aikaisista tapahtumista tehtiin elokuva, joka valmistui vuonna 1985. T\u00e4ll\u00f6in tapahtumat oli siirretty Brasiliaan, jonka sotilashallinto oli aivan yht\u00e4 ankara. Tuosta elokuvasta <strong>William Hurt<\/strong> pokkasi parhaasta p\u00e4\u00e4osasta sek\u00e4 Oscar- ett\u00e4 BAFTA-palkinnot. Vuonna 1992 <strong>Terrence McNally<\/strong> kyn\u00e4ili teoksesta n\u00e4ytt\u00e4m\u00f6musikaalin, jonka pohjalta <strong>Bill Condon<\/strong> teki uudelleenfilmatisoinnin.<\/p>\n<p>Pelottavana esimerkkin\u00e4 samanlaisesta ketjutuksesta on n\u00e4hty mm. <strong>Mel Brooksin<\/strong> Kev\u00e4t koittaa Hitlerille, jonka kehityskaari oli alkuper\u00e4isfilmist\u00e4 eteenp\u00e4in jyrk\u00e4n laskeva. Niinp\u00e4 odotukset H\u00e4m\u00e4h\u00e4kkinaisen suudelman kohdalla eiv\u00e4t voi olla kuin pelonsekaiset.<\/p>\n<p>T\u00e4ll\u00e4 kertaa elokuvan tapahtumat on sijoitettu 1980-luvun Argentiinaan. Homoseksuaali n\u00e4yteikkunasomistaja Luis Molina (<strong>Tonatiuh<\/strong>) istuu kolmatta vuotta kahdeksan vuoden tuomiostaan sukupuolisiveett\u00f6m\u00e4st\u00e4 teosta yleisess\u00e4 wc:ss\u00e4. H\u00e4net siirret\u00e4\u00e4n pahamaineeseen vankilaan ja siell\u00e4 samaan selliin marxilaisen vastarintataistelija Valentin Arreguin (<strong>Diego Luna<\/strong>) kanssa. Valentin ei voi siet\u00e4\u00e4 r\u00e4iskyv\u00e4\u00e4 Luisia vaan haluaa pit\u00e4yty\u00e4 omissa oloissaan Marxin teoksia opiskellen.<\/p>\n<p>Elokuvan tapahtumat sijoittuvat p\u00e4\u00e4osin kaksikon selliin, jonne kantautuvat kidutettavien vankien tuskanhuudot muistuttavat vankilan armottomista oloista. Nostaakseen tunnelmaa Luis alkaa kertoa Valentinille vanhan H\u00e4m\u00e4h\u00e4kkinaisen suudelma -elokuvan juonta pala kerrallaan. Kuvitteellinen musikaalielokuva tuo tarinaan sen toisen tason, jossa sek\u00e4 Luna ett\u00e4 Tonatiuh tekev\u00e4t tuplaroolit. Naisp\u00e4\u00e4osaa esitt\u00e4\u00e4 <strong>Jennifer Lopez<\/strong>.<\/p>\n<p>Lis\u00e4kierteen tarinaan tuo vankilanjohtaja (<strong>Bruno Bichir<\/strong>), jonka on v\u00e4rv\u00e4nnyt Luisin vakoilemaan Valentinia k\u00e4ytt\u00e4en Luisin \u00e4idin heikkoa terveytt\u00e4 aseenaan.<\/p>\n<p>Kuten todettu, alkuper\u00e4isen elokuvan n\u00e4hneit\u00e4 saattaa pelottaa kohdata t\u00e4m\u00e4 uusintafilmatisointi. Voiko ensimm\u00e4isen suuremman roolinsa tekev\u00e4 Tonatiuh kyet\u00e4 t\u00e4ytt\u00e4m\u00e4\u00e4n William Hurtin hienon roolisuorituksen taso? Jos ei ehk\u00e4 aivan t\u00e4ysin, niin eritt\u00e4in hyvin h\u00e4n suoriutuu kolossaalisesta esteest\u00e4\u00e4n. Sen sijaan kokeneen ja taitavaksi todetun Diego Lunan suoritusta ei tarvitse j\u00e4nnitt\u00e4\u00e4. L\u00f6ih\u00e4n h\u00e4n itsens\u00e4 suuren maailmaan tietoisuuteen jo vuonna 2001 <strong>Alfonso Cuar\u00f3nin<\/strong> Ja \u00e4iti\u00e4s kans -elokuvassa. Toisella tasolla esiintyv\u00e4 Jennifer Lopez tekee vain l\u00e4hinn\u00e4 tarvittavan.<\/p>\n<p>Ehdottomasti v\u00e4kevimmill\u00e4\u00e4n elokuva toimii juuri n\u00e4iden kahden t\u00e4ysin erilaisen miesten selli-kohtauksissa, joita ohjaaja-k\u00e4sikirjoittaja, monissa liemiss\u00e4 marinoitu Bill Condon kuljettaa taitavin siveltimen vedoin. Lopputulos on nautittava ja kykenee seisomaan elokuvana omilla jaloillaan v\u00e4ltt\u00e4en 40 vuoden takaisen teoksen syvimm\u00e4t varjot.<\/p>\n<p>Hannu Liekso<\/p>\n<p>                                                            H\u00e4m\u00e4h\u00e4kkinaisen suudelma -elokuvan traileri<br \/>\n                                <img loading=\"lazy\" decoding=\"async\" alt=\"YouTube video\" width=\"480\" height=\"360\" data-pin-nopin=\"true\" nopin=\"nopin\" class=\"perfmatters-lazy\" src=\"https:\/\/www.europesays.com\/fi\/wp-content\/uploads\/2026\/01\/1767382148_241_hqdefault.jpg\"\/>                                                        <\/p>\n","protected":false},"excerpt":{"rendered":"Argentiinalaisen Manuel Puigin kirjasta Argentiinan julman sotilasjuntan aikaisista tapahtumista tehtiin elokuva, joka valmistui vuonna 1985. T\u00e4ll\u00f6in tapahtumat oli&hellip;\n","protected":false},"author":2,"featured_media":131820,"comment_status":"","ping_status":"","sticky":false,"template":"","format":"standard","meta":{"footnotes":""},"categories":[131],"tags":[155,137,33,173,31,30,172,32,109],"class_list":{"0":"post-131819","1":"post","2":"type-post","3":"status-publish","4":"format-standard","5":"has-post-thumbnail","7":"category-elokuvat","8":"tag-elokuvat","9":"tag-entertainment","10":"tag-fi","11":"tag-film","12":"tag-finland","13":"tag-finnish","14":"tag-movies","15":"tag-suomi","16":"tag-viihde"},"share_on_mastodon":{"url":"https:\/\/pubeurope.com\/@fi\/115827163973587021","error":""},"_links":{"self":[{"href":"https:\/\/www.europesays.com\/fi\/wp-json\/wp\/v2\/posts\/131819","targetHints":{"allow":["GET"]}}],"collection":[{"href":"https:\/\/www.europesays.com\/fi\/wp-json\/wp\/v2\/posts"}],"about":[{"href":"https:\/\/www.europesays.com\/fi\/wp-json\/wp\/v2\/types\/post"}],"author":[{"embeddable":true,"href":"https:\/\/www.europesays.com\/fi\/wp-json\/wp\/v2\/users\/2"}],"replies":[{"embeddable":true,"href":"https:\/\/www.europesays.com\/fi\/wp-json\/wp\/v2\/comments?post=131819"}],"version-history":[{"count":0,"href":"https:\/\/www.europesays.com\/fi\/wp-json\/wp\/v2\/posts\/131819\/revisions"}],"wp:featuredmedia":[{"embeddable":true,"href":"https:\/\/www.europesays.com\/fi\/wp-json\/wp\/v2\/media\/131820"}],"wp:attachment":[{"href":"https:\/\/www.europesays.com\/fi\/wp-json\/wp\/v2\/media?parent=131819"}],"wp:term":[{"taxonomy":"category","embeddable":true,"href":"https:\/\/www.europesays.com\/fi\/wp-json\/wp\/v2\/categories?post=131819"},{"taxonomy":"post_tag","embeddable":true,"href":"https:\/\/www.europesays.com\/fi\/wp-json\/wp\/v2\/tags?post=131819"}],"curies":[{"name":"wp","href":"https:\/\/api.w.org\/{rel}","templated":true}]}}