{"id":131823,"date":"2026-01-02T19:32:07","date_gmt":"2026-01-02T19:32:07","guid":{"rendered":"https:\/\/www.europesays.com\/fi\/131823\/"},"modified":"2026-01-02T19:32:07","modified_gmt":"2026-01-02T19:32:07","slug":"nain-katsojat-reagoivat-ylen-isoon-ratkaisuun","status":"publish","type":"post","link":"https:\/\/www.europesays.com\/fi\/131823\/","title":{"rendered":"N\u00e4in katsojat reagoivat Ylen isoon ratkaisuun"},"content":{"rendered":"<p>Yle teki muutoksia lauantai-illan tv-ohjelmistoon painavasta syyst\u00e4.<\/p>\n<p><img decoding=\"async\" class=\"image image-show image-preview\" src=\"https:\/\/www.europesays.com\/fi\/wp-content\/uploads\/2026\/01\/17a812f30a48af9ea4e5d7b94b5fa0db2f6be6895533af94f99603d2ba1496a3.jpg\" alt=\"\"\/><img decoding=\"async\" class=\"image image-show\" src=\"https:\/\/www.europesays.com\/fi\/wp-content\/uploads\/2026\/01\/1767382327_497_17a812f30a48af9ea4e5d7b94b5fa0db2f6be6895533af94f99603d2ba1496a3.jpg\" alt=\"\"\/><\/p>\n<p>El\u00e4m\u00e4ni biisi -ohjelmassa n\u00e4hd\u00e4\u00e4n lauantaina viisuspesiaalijakso, mutta ei alkuper\u00e4isen\u00e4 esitysaikana. Atte M\u00e4l\u00e4sk\u00e4, Yle<\/p>\n<p class=\"paragraph\">Yle <a href=\"https:\/\/www.iltalehti.fi\/tv-ja-leffat\/03c47555-6a36-4399-8fe1-acf760934aaa\" rel=\"nofollow noopener\" target=\"_blank\">ilmoitti<\/a> perjantaina, ett\u00e4 El\u00e4m\u00e4ni biisi -ohjelma n\u00e4hd\u00e4\u00e4n poikkeuksellisesti lauantaina kello 18.55 TV1:ll\u00e4.<\/p>\n<p class=\"paragraph\">Yleens\u00e4 ohjelma on n\u00e4hty kello 21, mutta t\u00e4ll\u00e4 kertaa kyseiseen aikaan n\u00e4ytet\u00e4\u00e4n TV2:lla Pate Mustaj\u00e4rvi \u2013 Suomirockin legenda -muistol\u00e4hetys, jolla kunnioitetaan tapaninp\u00e4iv\u00e4n\u00e4 kuollutta musiikkilegendaa <strong>Pauli \u201dPate\u201d Mustaj\u00e4rve\u00e4<\/strong>.<\/p>\n<p class=\"paragraph\">Iltalehden kyselyss\u00e4 suurin osa El\u00e4m\u00e4ni biisin katsojista suhtautuvat esitysajan muutokseen ymm\u00e4rt\u00e4v\u00e4isesti.<\/p>\n<p class=\"paragraph\">\u2013 Mielett\u00f6m\u00e4n hyvin tehty ohjelma-aikamuutos, ihmettelin p\u00e4\u00e4llekk\u00e4ist\u00e4 esitysaikaa. Molemmat ohjelmat ansaitsevat l\u00e4hetyksens\u00e4, mutta Pate menee ehdottomasti ykk\u00f6seksi. Kunnianosoitus Patelle!<\/p>\n<p class=\"paragraph\">\u2013 Hienoa, ett\u00e4 Paten muistoa kunnioitetaan t\u00e4ll\u00e4 tavalla suoralla l\u00e4hetyksell\u00e4 ja ennen kaikkea hienoa, ett\u00e4 El\u00e4m\u00e4ni biisi tulee my\u00f6s. Joustavaa toimintaa ja el\u00e4mist\u00e4 ajassa. Katja St\u00e5hl on juuri oikea henkil\u00f6 vet\u00e4m\u00e4\u00e4n my\u00f6s Paten muistoa kunnioittavaa l\u00e4hetyst\u00e4.<\/p>\n<p class=\"paragraph\">\u2013 Hyvin ymm\u00e4rrett\u00e4v\u00e4\u00e4. Se on kunnianosoitus, kun siirtyy pois varsinaiselta esitysajaltaan tehden tilaa Paten el\u00e4m\u00e4nty\u00f6lle.<\/p>\n<p class=\"paragraph\">\u2013 Hienoa, ett\u00e4 muutettiin! Pate on Pate ja se saa muut ohjelmat muuttamaan.<\/p>\n<p class=\"paragraph\">\u2013 Ei vaikuta mitenk\u00e4\u00e4n el\u00e4m\u00e4\u00e4ni. Pate Mustaj\u00e4rvi ansaitsee muisteluohjelman, ja minusta parhaaseen katseluaikaan. Ylen ohjelmat voi katsoa Yle Areenasta j\u00e4lkik\u00e4teen ellei jostakin syyst\u00e4 voi katsoa ohjelmaa silloin kun se tulee. Pieni\u00e4 on ihmisten murheet jos tv-ohjelmien esitysajoista tai niiden muutoksista pahoittaa mielens\u00e4.<\/p>\n<p>Sy\u00f6p\u00e4\u00e4 sairastanut Pate Mustaj\u00e4rvi kuoli 69-vuotiaana tapaninp\u00e4iv\u00e4n\u00e4. Henri K\u00e4rkk\u00e4inen<\/p>\n<p class=\"paragraph\">Jotkut jopa toivovat, ett\u00e4 ohjelman poikkeuksellinen esitysaika j\u00e4isi pysyv\u00e4ksi.<\/p>\n<p class=\"paragraph\">\u2013 Parempi kuin aikaisempi.<\/p>\n<p class=\"paragraph\">\u2013 Olen tyytyv\u00e4inen esitysaikaan! En aina ole valvonut noin my\u00f6h\u00e4\u00e4n! Toivottavasti pysyv\u00e4 aika.<\/p>\n<p class=\"paragraph\">Osa katsojista eiv\u00e4t ole lainkaan tyytyv\u00e4isi\u00e4 Ylen ratkaisuun.<\/p>\n<p class=\"paragraph\">\u2013 En tykk\u00e4\u00e4 yht\u00e4\u00e4n. Paha moka Ylelt\u00e4.<\/p>\n<p class=\"paragraph\">\u2013 Mink\u00e4 takia El\u00e4m\u00e4ni biisi piti muuttaa toiseen l\u00e4hetysaikaan? Eik\u00f6 Pate Mustaj\u00e4rvi -l\u00e4hetyst\u00e4 olisi voinut n\u00e4ytt\u00e4\u00e4 kello 18.55 ja antaa El\u00e4m\u00e4ni biisin tulla silloin, kun on alunperin ollut ohjelmassa? Kuinka moni edes huomaa, ett\u00e4 l\u00e4hetysaika on muuttunut?<\/p>\n<p class=\"paragraph\">Lauantain El\u00e4m\u00e4ni biisiss\u00e4 n\u00e4hd\u00e4\u00e4n lauantaina viisuspesiaali, jossa vierailevat Suomen aiemmat euroviisuedustajat <strong>Mr. Lordi<\/strong>, <strong>Marion Rung<\/strong>, <strong>Teemu Keisteri<\/strong>, <strong>Erika Vikman<\/strong> ja <strong>K\u00e4\u00e4rij\u00e4<\/strong>. Alkuper\u00e4ist\u00e4 juontajaa <strong>Katja St\u00e5hlia<\/strong> tuuraa Suomen euroviisuselostaja <strong>Mikko Silvennoinen<\/strong>.<\/p>\n<p class=\"paragraph\">Mustaj\u00e4rvi kuoli 69-vuotiaana. H\u00e4nelt\u00e4 l\u00f6ydettiin kasvain lokakuussa. Mustaj\u00e4rvi oli  Popeda-yhtyeen keulakuva vuosikymmeni\u00e4, kunnes j\u00e4tti yhtyeen syyskuussa 2023. B\u00e4ndist\u00e4 l\u00e4hd\u00f6n j\u00e4lkeen Mustaj\u00e4rvi jatkoi soolouraansa, jota oli tehnyt jo aiemmin menestyksekk\u00e4\u00e4sti.<\/p>\n<p class=\"paragraph\">Mustaj\u00e4rvi j\u00e4tti l\u00e4htem\u00e4tt\u00f6m\u00e4n j\u00e4ljen suomalaiseen rockmusiikkiin. H\u00e4nen esitt\u00e4mi\u00e4\u00e4n j\u00e4rk\u00e4lem\u00e4isi\u00e4 hittej\u00e4 ovat muun muassa Matkalla Alabamaan, Kersantti Karoliina, Punaista ja makeaa, Jukeboxin luona ja esimerkiksi Ukkometso.<\/p>\n<p>Katsojat suhtautuvat ymm\u00e4rt\u00e4v\u00e4isesti Ylen ratkaisuun. OUTI J\u00c4RVINEN<\/p>\n","protected":false},"excerpt":{"rendered":"Yle teki muutoksia lauantai-illan tv-ohjelmistoon painavasta syyst\u00e4. El\u00e4m\u00e4ni biisi -ohjelmassa n\u00e4hd\u00e4\u00e4n lauantaina viisuspesiaalijakso, mutta ei alkuper\u00e4isen\u00e4 esitysaikana. Atte&hellip;\n","protected":false},"author":2,"featured_media":131824,"comment_status":"","ping_status":"","sticky":false,"template":"","format":"standard","meta":{"footnotes":""},"categories":[130],"tags":[35,138,137,33,31,30,47,141,742,32,484,109],"class_list":{"0":"post-131823","1":"post","2":"type-post","3":"status-publish","4":"format-standard","5":"has-post-thumbnail","7":"category-viihde","8":"tag-24h","9":"tag-audio","10":"tag-entertainment","11":"tag-fi","12":"tag-finland","13":"tag-finnish","14":"tag-musiikki","15":"tag-muusikot-bandit","16":"tag-suomalainen-musiikki","17":"tag-suomi","18":"tag-taiteellinen-ilmaisu-ja-mediat","19":"tag-viihde"},"share_on_mastodon":{"url":"https:\/\/pubeurope.com\/@fi\/115827175841457070","error":""},"_links":{"self":[{"href":"https:\/\/www.europesays.com\/fi\/wp-json\/wp\/v2\/posts\/131823","targetHints":{"allow":["GET"]}}],"collection":[{"href":"https:\/\/www.europesays.com\/fi\/wp-json\/wp\/v2\/posts"}],"about":[{"href":"https:\/\/www.europesays.com\/fi\/wp-json\/wp\/v2\/types\/post"}],"author":[{"embeddable":true,"href":"https:\/\/www.europesays.com\/fi\/wp-json\/wp\/v2\/users\/2"}],"replies":[{"embeddable":true,"href":"https:\/\/www.europesays.com\/fi\/wp-json\/wp\/v2\/comments?post=131823"}],"version-history":[{"count":0,"href":"https:\/\/www.europesays.com\/fi\/wp-json\/wp\/v2\/posts\/131823\/revisions"}],"wp:featuredmedia":[{"embeddable":true,"href":"https:\/\/www.europesays.com\/fi\/wp-json\/wp\/v2\/media\/131824"}],"wp:attachment":[{"href":"https:\/\/www.europesays.com\/fi\/wp-json\/wp\/v2\/media?parent=131823"}],"wp:term":[{"taxonomy":"category","embeddable":true,"href":"https:\/\/www.europesays.com\/fi\/wp-json\/wp\/v2\/categories?post=131823"},{"taxonomy":"post_tag","embeddable":true,"href":"https:\/\/www.europesays.com\/fi\/wp-json\/wp\/v2\/tags?post=131823"}],"curies":[{"name":"wp","href":"https:\/\/api.w.org\/{rel}","templated":true}]}}