{"id":131837,"date":"2026-01-02T19:53:07","date_gmt":"2026-01-02T19:53:07","guid":{"rendered":"https:\/\/www.europesays.com\/fi\/131837\/"},"modified":"2026-01-02T19:53:07","modified_gmt":"2026-01-02T19:53:07","slug":"sointu-ja-topi-borg-jakavat-julkisuuden-haasteet-yhdessa","status":"publish","type":"post","link":"https:\/\/www.europesays.com\/fi\/131837\/","title":{"rendered":"Sointu ja Topi Borg jakavat julkisuuden haasteet yhdess\u00e4"},"content":{"rendered":"<p><strong>Sointu<\/strong> ja <strong>Topi Borg<\/strong> nauttivat toistensa seurasta ja yhteisist\u00e4 t\u00f6ist\u00e4. Sisarukset kertovat <a href=\"https:\/\/kotiliesi.fi\/ihmiset\/sointu-ja-topi-borg\/\" target=\"_blank\" rel=\"noreferrer noopener nofollow\">Kotilieden <\/a>haastattelussa, millaista el\u00e4m\u00e4 on ty\u00f6skennell\u00e4 yhdess\u00e4 julkisella alalla.<\/p>\n<p>Viisi vuotta sitten Sointu voitti tosi-tv-kilpailu Diilin, ja kaksi vuotta my\u00f6hemmin Topi nousi julkisuuteen Kirjolla-televisiosarjan kautta.<\/p>\n<p>Sointu auttoi \u00e4killisesti koko kansan tietoisuuteen ponnahtanutta velje\u00e4\u00e4n julkisuuden kanssa. Topin mukaan sisko tuntee alan hyv\u00e4t ja huonot piirteet ja ymm\u00e4rt\u00e4\u00e4, milt\u00e4 tuntuu saada huomiota. T\u00e4rkeit\u00e4 ovat olleet my\u00f6s neuvot siit\u00e4, millaisille ehdotuksille sanotaan ei.<\/p>\n<p>Ty\u00f6toveruus sujuu erinomaisesti, vaikka sisarukset my\u00f6nt\u00e4v\u00e4tkin v\u00e4lill\u00e4 ottavansa yhteen. Hiljattain yhdess\u00e4 on kuvattu muun muassa yhteist\u00e4 matkailusarjaa.<\/p>\n<p>Ty\u00f6 ei kuitenkaan ole Topille kaikki kaikessa.<\/p>\n<p>\u201dVaikka tulot tuovat turvaa, se ei merkitse mielenrauhaa, vaan aina vain uusia suunnitelmia. Pit\u00e4isi olla n\u00f6yr\u00e4 ja vaatimaton\u201d, Topi sanoo.<\/p>\n<p>Sointu ja Topi ovat k\u00e4rsineet ty\u00f6tt\u00f6myydest\u00e4<\/p>\n<p>Ennen julkisuutta Topi Borg oli ty\u00f6skennellyt pitk\u00e4\u00e4n ruokakaupassa hyllytt\u00e4j\u00e4n\u00e4. Sinnik\u00e4s ty\u00f6nteko on kannattanut. Topi on edennyt ty\u00f6paikassaan kaupan kassalle, mit\u00e4 oli pitk\u00e4\u00e4n toivonut.<\/p>\n<p>\u201dTykk\u00e4\u00e4n ty\u00f6skennell\u00e4 kaupassa, koska olen vuorenvarma, ett\u00e4 minusta tulee pian entinen julkkis.\u201d<\/p>\n<p>Topin mukaan Sointu tekee t\u00f6it\u00e4 n\u00f6yr\u00e4sti ja omistautuneesti ja on ansainnut kaiken saamansa maineen ja varallisuuden.<\/p>\n<p>\u201dOlet saavuttanut paljon, p\u00e4rj\u00e4isit v\u00e4hemm\u00e4ll\u00e4 rahalla\u201d, Topi huomauttaa siskolleen <a href=\"https:\/\/kotiliesi.fi\/ihmiset\/sointu-ja-topi-borg\/\" target=\"_blank\" rel=\"noreferrer noopener nofollow\">Kotilieden <\/a>haastattelussa.<\/p>\n<p>Sointu on samaa mielt\u00e4, mutta muistuttaa olleensa ty\u00f6t\u00f6n vain nelj\u00e4 vuotta sitten.<\/p>\n<p>\u201dEn tiennyt, mist\u00e4 saan rahat seuraavan kuukauden laskuihin. Se tunne on yh\u00e4 takaraivossani\u201d, Sointu sanoo.<\/p>\n<p>My\u00f6s Topi oli pari vuotta pitk\u00e4aikaisty\u00f6tt\u00f6m\u00e4n\u00e4.<\/p>\n<p>\u201dOlen mittaamattoman ylpe\u00e4, ett\u00e4 olen ansainnut omalla vaivann\u00e4\u00f6ll\u00e4ni tuloni ja saanut ostettua oman asunnon, kun moni autisti ei saa edes alkua ty\u00f6el\u00e4m\u00e4ss\u00e4. Koska olen tsempannut paljon, nyt v\u00e4hempi riitt\u00e4\u00e4.\u201d<\/p>\n<p>Topi Borg haaveilee rakkaudesta ja elokuvavelhoudesta<\/p>\n<p>Sointu on kihloissa muusikko <strong>Sami Tolosen<\/strong> kanssa ja suunnittelee h\u00e4it\u00e4 vuodelle 2027. Topi on onnellinen siskonsa puolesta. H\u00e4n my\u00f6nt\u00e4\u00e4 <a href=\"https:\/\/kotiliesi.fi\/ihmiset\/sointu-ja-topi-borg\/\" target=\"_blank\" rel=\"noreferrer noopener nofollow\">Kotiliedess\u00e4 <\/a>haaveilevansa itsekin rakkaudesta.<\/p>\n<p>\u00a0\u201dTietenkin, mutta aluksi t\u00e4ytyy hoitaa bisnekset loppuun.\u201d<\/p>\n<p>Topi ei usko treffisovelluksiin vaan siihen, ett\u00e4 tavataan, keskustellaan ja sitten synkkaa. H\u00e4n on tyytyv\u00e4inen el\u00e4m\u00e4ntilanteeseensa.<\/p>\n<p>\u201dMinun pit\u00e4\u00e4 kuluttaa aikani elokuviin, ett\u00e4 pystyn kehitt\u00e4m\u00e4\u00e4n imagoani suurena elokuvatiet\u00e4j\u00e4velhona.\u201d<\/p>\n<p><a href=\"https:\/\/seura.fi\/viihde\/julkkikset\/topi-borg-on-sympaattinen-filmifriikki-poimi-talteen-topin-top5-vinkit\/\" rel=\"nofollow noopener\" target=\"_blank\">Lue my\u00f6s: Topi Borg on sympaattinen filmifriikki \u2013 T\u00e4ss\u00e4 TOP 5 -elokuvat, joita Kirjolla-sarjan t\u00e4hti suosittelee<\/a><\/p>\n","protected":false},"excerpt":{"rendered":"Sointu ja Topi Borg nauttivat toistensa seurasta ja yhteisist\u00e4 t\u00f6ist\u00e4. Sisarukset kertovat Kotilieden haastattelussa, millaista el\u00e4m\u00e4 on ty\u00f6skennell\u00e4&hellip;\n","protected":false},"author":2,"featured_media":131838,"comment_status":"","ping_status":"","sticky":false,"template":"","format":"standard","meta":{"footnotes":""},"categories":[133],"tags":[137,33,31,30,2680,32,206,8272,156,109],"class_list":{"0":"post-131837","1":"post","2":"type-post","3":"status-publish","4":"format-standard","5":"has-post-thumbnail","7":"category-televisiot","8":"tag-entertainment","9":"tag-fi","10":"tag-finland","11":"tag-finnish","12":"tag-sointu-borg","13":"tag-suomi","14":"tag-televisiot","15":"tag-topi-borg","16":"tag-tv","17":"tag-viihde"},"share_on_mastodon":{"url":"https:\/\/pubeurope.com\/@fi\/115827258326832703","error":""},"_links":{"self":[{"href":"https:\/\/www.europesays.com\/fi\/wp-json\/wp\/v2\/posts\/131837","targetHints":{"allow":["GET"]}}],"collection":[{"href":"https:\/\/www.europesays.com\/fi\/wp-json\/wp\/v2\/posts"}],"about":[{"href":"https:\/\/www.europesays.com\/fi\/wp-json\/wp\/v2\/types\/post"}],"author":[{"embeddable":true,"href":"https:\/\/www.europesays.com\/fi\/wp-json\/wp\/v2\/users\/2"}],"replies":[{"embeddable":true,"href":"https:\/\/www.europesays.com\/fi\/wp-json\/wp\/v2\/comments?post=131837"}],"version-history":[{"count":0,"href":"https:\/\/www.europesays.com\/fi\/wp-json\/wp\/v2\/posts\/131837\/revisions"}],"wp:featuredmedia":[{"embeddable":true,"href":"https:\/\/www.europesays.com\/fi\/wp-json\/wp\/v2\/media\/131838"}],"wp:attachment":[{"href":"https:\/\/www.europesays.com\/fi\/wp-json\/wp\/v2\/media?parent=131837"}],"wp:term":[{"taxonomy":"category","embeddable":true,"href":"https:\/\/www.europesays.com\/fi\/wp-json\/wp\/v2\/categories?post=131837"},{"taxonomy":"post_tag","embeddable":true,"href":"https:\/\/www.europesays.com\/fi\/wp-json\/wp\/v2\/tags?post=131837"}],"curies":[{"name":"wp","href":"https:\/\/api.w.org\/{rel}","templated":true}]}}