{"id":131851,"date":"2026-01-02T20:05:12","date_gmt":"2026-01-02T20:05:12","guid":{"rendered":"https:\/\/www.europesays.com\/fi\/131851\/"},"modified":"2026-01-02T20:05:12","modified_gmt":"2026-01-02T20:05:12","slug":"ihmisille-vaaraa-aiheuttanut-ilves-lopetettiin-yksilon-kaytos-on-ollut-poikkeavaa","status":"publish","type":"post","link":"https:\/\/www.europesays.com\/fi\/131851\/","title":{"rendered":"Ihmisille vaaraa aiheuttanut ilves lopetettiin: &#8221;Yksil\u00f6n k\u00e4yt\u00f6s on ollut poikkeavaa&#8221;"},"content":{"rendered":"<p>Poliisi kertoo tiedotteessaan, ett\u00e4 Keuruulla on jouduttu lopettamaan ihmisille vaaraa aiheuttanut ilves. Poliisin mukaan yksil\u00f6 vieraili joulukuussa taajama-alueella toistuvasti asuintalojen pihoilla sek\u00e4 l\u00e4hestyi ulkoilemassa olevia ihmisi\u00e4. Ilves my\u00f6s yritti hy\u00f6k\u00e4t\u00e4 koirien kimppuun.<\/p>\n<p>Lue my\u00f6s: <a href=\"https:\/\/www.voice.fi\/ilmiot\/a-239836\" title=\"Ilveskanta on vahvassa kasvussa kaikkialla Suomessa\" class=\"underline-custom !font-montserrat !font-bold !underline-offset-4 !decoration-4 !decoration-tilt-light !text-md\" rel=\"nofollow noopener\" target=\"_blank\">Ilveskanta on vahvassa kasvussa kaikkialla Suomessa<\/a><\/p>\n<p>\u2013 On eritt\u00e4in poikkeuksellista, ett\u00e4 Ilves aiheuttaa ihmiselle t\u00e4ll\u00e4 tavoin vaaraa. T\u00e4m\u00e4n yksil\u00f6n k\u00e4yt\u00f6s on ollut poikkeavaa ja se on l\u00e4hestynyt asuttuja pihoja sek\u00e4 pihoilla ja ulkoilemassa olleita ihmisi\u00e4 eik\u00e4 ole osoittanut mink\u00e4\u00e4nlaista ihmisarkuutta tilanteissa tehtyjen omatoimisten karkotusyritysten yhteydess\u00e4. Kokonaisuudessaan havaintojen perusteella poliisin oli syyt\u00e4 ep\u00e4ill\u00e4 ilveksen menett\u00e4neen ihmisarkuutensa l\u00e4hes kokonaan, kertoo komisario<strong> Teemu Karhunen<\/strong>.<\/p>\n<p>Tiedotteen mukaan poliisi teki ilveksest\u00e4 karkotusp\u00e4\u00e4t\u00f6ksen 26. joulukuuta, jonka j\u00e4lkeen riistanhoitoyhdistyksen henkil\u00f6t kohdistivat ilvekseen karkotustoimia. Ilveksen k\u00e4yt\u00f6s ei kuitenkaan muuttunut ja se palasi takaisin pihoihin. <\/p>\n<p>Lue my\u00f6s: <a href=\"https:\/\/www.voice.fi\/ilmiot\/a-233965\" title=\"WWF: Suomalaisten asenteet ilvest\u00e4 kohtaan ovat muuttuneet viime vuosina\" class=\"underline-custom !font-montserrat !font-bold !underline-offset-4 !decoration-4 !decoration-tilt-light !text-md\" rel=\"nofollow noopener\" target=\"_blank\">WWF: Suomalaisten asenteet ilvest\u00e4 kohtaan ovat muuttuneet viime vuosina<\/a><\/p>\n<p>Ilves tavoitettiin Keuruun keskustasta ja se lopetettiin. <\/p>\n<p>\u2013 Osittain t\u00e4ss\u00e4 tapauksessa on ep\u00e4selv\u00e4\u00e4 mik\u00e4 ilveksen ajoi ihmisten l\u00e4heisyyteen. Usein taustalla on jokin syy luontaisen ravinnon saamattomuuteen ja sit\u00e4 kautta tottuminen siihen, ett\u00e4 ravintoa etsit\u00e4\u00e4n ihmisten l\u00e4heisyydest\u00e4. Kun luontainen ravinnon saanti vaikeutuu ja suurpeto tottuu hankkimaan ravintoa ihmisten l\u00e4heisyydest\u00e4, on t\u00e4t\u00e4 k\u00e4yt\u00f6st\u00e4 usein vaikea en\u00e4\u00e4 muuttaa, toteaa Karhunen.<\/p>\n<p>Lopetettu ilves toimitetaan ruokavirastoon tutkittavaksi.\u00a0<\/p>\n<p>L\u00e4hde: <a href=\"https:\/\/poliisi.fi\/-\/poliisi-joutui-antamaan-lopettamismaarayksen-ihmiselle-vaarallisesta-ilveksesta-keuruulla-\" rel=\"nofollow noopener\" target=\"_blank\">Poliisi<\/a><\/p>\n","protected":false},"excerpt":{"rendered":"Poliisi kertoo tiedotteessaan, ett\u00e4 Keuruulla on jouduttu lopettamaan ihmisille vaaraa aiheuttanut ilves. Poliisin mukaan yksil\u00f6 vieraili joulukuussa taajama-alueella&hellip;\n","protected":false},"author":2,"featured_media":131852,"comment_status":"","ping_status":"","sticky":false,"template":"","format":"standard","meta":{"footnotes":""},"categories":[117],"tags":[33,31,30,8209,19910,72,476,52,118,32,119,477],"class_list":{"0":"post-131851","1":"post","2":"type-post","3":"status-publish","4":"format-standard","5":"has-post-thumbnail","7":"category-luonto","8":"tag-fi","9":"tag-finland","10":"tag-finnish","11":"tag-ilves","12":"tag-lopetus","13":"tag-luonto","14":"tag-nature","15":"tag-poliisi","16":"tag-science","17":"tag-suomi","18":"tag-tiede","19":"tag-wildlife"},"share_on_mastodon":{"url":"https:\/\/pubeurope.com\/@fi\/115827305529333252","error":""},"_links":{"self":[{"href":"https:\/\/www.europesays.com\/fi\/wp-json\/wp\/v2\/posts\/131851","targetHints":{"allow":["GET"]}}],"collection":[{"href":"https:\/\/www.europesays.com\/fi\/wp-json\/wp\/v2\/posts"}],"about":[{"href":"https:\/\/www.europesays.com\/fi\/wp-json\/wp\/v2\/types\/post"}],"author":[{"embeddable":true,"href":"https:\/\/www.europesays.com\/fi\/wp-json\/wp\/v2\/users\/2"}],"replies":[{"embeddable":true,"href":"https:\/\/www.europesays.com\/fi\/wp-json\/wp\/v2\/comments?post=131851"}],"version-history":[{"count":0,"href":"https:\/\/www.europesays.com\/fi\/wp-json\/wp\/v2\/posts\/131851\/revisions"}],"wp:featuredmedia":[{"embeddable":true,"href":"https:\/\/www.europesays.com\/fi\/wp-json\/wp\/v2\/media\/131852"}],"wp:attachment":[{"href":"https:\/\/www.europesays.com\/fi\/wp-json\/wp\/v2\/media?parent=131851"}],"wp:term":[{"taxonomy":"category","embeddable":true,"href":"https:\/\/www.europesays.com\/fi\/wp-json\/wp\/v2\/categories?post=131851"},{"taxonomy":"post_tag","embeddable":true,"href":"https:\/\/www.europesays.com\/fi\/wp-json\/wp\/v2\/tags?post=131851"}],"curies":[{"name":"wp","href":"https:\/\/api.w.org\/{rel}","templated":true}]}}