{"id":131854,"date":"2026-01-02T20:16:08","date_gmt":"2026-01-02T20:16:08","guid":{"rendered":"https:\/\/www.europesays.com\/fi\/131854\/"},"modified":"2026-01-02T20:16:08","modified_gmt":"2026-01-02T20:16:08","slug":"trump-sivalsi-george-clooneya-nain-nayttelija-vastaa","status":"publish","type":"post","link":"https:\/\/www.europesays.com\/fi\/131854\/","title":{"rendered":"Trump sivalsi George Clooneya \u2013 N\u00e4in n\u00e4yttelij\u00e4 vastaa"},"content":{"rendered":"<p>Donald Trump kirjoitti sivaltavaa teksti\u00e4 George Clooneysta Truth Social -palvelussaan eilen.<\/p>\n<p><img decoding=\"async\" class=\"image image-show image-preview\" src=\"https:\/\/www.europesays.com\/fi\/wp-content\/uploads\/2026\/01\/f5edc9b0c4f203ca770af5dbe91aa00fc2704e97801b9b3d1bfd88684d7cf28b.jpg\" alt=\"\"\/><img decoding=\"async\" class=\"image image-show\" src=\"https:\/\/www.europesays.com\/fi\/wp-content\/uploads\/2026\/01\/1767384968_188_f5edc9b0c4f203ca770af5dbe91aa00fc2704e97801b9b3d1bfd88684d7cf28b.jpg\" alt=\"\"\/><\/p>\n<p>George Clooney sai hiljattain Ranskan kansalaisuuden. ETTORE FERRARI, All Over Press<\/p>\n<p class=\"paragraph\">N\u00e4yttelij\u00e4 <a href=\"https:\/\/www.iltalehti.fi\/henkilot\/George Clooney\" class=\"article-link-person-page\" rel=\"nofollow noopener\" target=\"_blank\">George Clooney<\/a> vastaa Yhdysvaltain presidentti <a href=\"https:\/\/www.iltalehti.fi\/henkilot\/Donald Trump\" class=\"article-link-person-page\" rel=\"nofollow noopener\" target=\"_blank\">Donald Trumpin<\/a> h\u00e4nelle esitt\u00e4m\u00e4\u00e4n piikikk\u00e4\u00e4seen viestiin.<\/p>\n<p class=\"paragraph\">Trump kommentoi eilen Truth Social -palvelussaan sit\u00e4, ett\u00e4 Clooney ja h\u00e4nen vaimonsa, asianajaja <a href=\"https:\/\/www.iltalehti.fi\/henkilot\/Amal Clooney\" class=\"article-link-person-page\" rel=\"nofollow noopener\" target=\"_blank\">Amal Clooneyn<\/a> saivat joulukuussa Ranskan kansalaisuuden.<\/p>\n<p class=\"paragraph\">\u2013 Hyvi\u00e4 uutisia! George ja Amal Clooney, kaksi kaikkien aikojen huonoimmista poliittisista ennustajista, ovat virallisesti Ranskan kansalaisia, mik\u00e4 on valitettavasti keskell\u00e4 suurta rikosongelmaa heid\u00e4n t\u00e4ysin kauheasti hoitamansa maahanmuuton vuoksi, Trump kirjoitti.<\/p>\n<p class=\"paragraph\">Trump my\u00f6s v\u00e4itti Clooneyn saaneen enemm\u00e4n julkisuutta politiikasta kuin \u201dhyvin harvoista ja t\u00e4ysin keskinkertaisista elokuvistaan\u201d.<\/p>\n<p class=\"paragraph\">\u2013 H\u00e4n ei ollut lainkaan elokuvat\u00e4hti, h\u00e4n oli vain tavallinen kaveri, joka valitti jatkuvasti politiikan maalaisj\u00e4rjest\u00e4, Trump kirjoitti.<\/p>\n<p class=\"paragraph\">Julkaisunsa Trump p\u00e4\u00e4tti iskulauseeseensa \u201dmake America great again\u201d eli \u201dtehd\u00e4\u00e4n Amerikasta j\u00e4lleen suuri\u201d.<\/p>\n<p class=\"paragraph\">Clooney on nyt vastannut Trumpin kommenttiin <a href=\"https:\/\/www.hollywoodreporter.com\/news\/politics-news\/george-clooney-pushes-back-trump-attacks-french-citizen-1236462527\/#recipient_hashed=33c0c7f173564d79d8924e43d1c145bfb88e74d6fbd13538f00fab0da97eb50e&amp;recipient_salt=cb0a2b15451baa43b0c9176c29dc6a0c313c2568f34a8f29641454571a7a7e55&amp;utm_medium=email&amp;utm_source=exacttarget&amp;utm_campaign=Breaking%20News&amp;utm_content=655442_01-01-2026&amp;utm_term=9909573?utm_medium=email&amp;utm_source=exacttarget&amp;utm_campaign=1767301547-Breaking+News&amp;utm_content=655442_1-1-2026&amp;utm_id=655442\" rel=\"noopener nofollow\" target=\"_blank\">Hollywood Reporterille<\/a> jaetussa lausunnossa.<\/p>\n<p class=\"paragraph\">\u2013 Olen t\u00e4ysin samaa mielt\u00e4 nykyisen presidentin kanssa. Meid\u00e4n t\u00e4ytyy tehd\u00e4 Amerikasta taas suuri. Aloitamme marraskuussa, Clooney kommentoi.<\/p>\n<p class=\"paragraph\">Clooney on toiminut n\u00e4kyv\u00e4n\u00e4 tukijana demokraateille. H\u00e4n esimerkiksi vaati mielipidekirjoituksessaan <a href=\"https:\/\/www.iltalehti.fi\/henkilot\/Joe Biden\" class=\"article-link-person-page\" rel=\"nofollow noopener\" target=\"_blank\">Joe Bidenia<\/a> luopumaan ehdokkuudesta ennen presidentinvaaleja.<\/p>\n<p class=\"paragraph\">Gravity-elokuvasta tuttu Clooney on aiemmin esitt\u00e4nyt huolensa lasten kasvattamisesta Hollywoodissa. Perheell\u00e4 on useita koteja, mutta he viett\u00e4v\u00e4t p\u00e4\u00e4s\u00e4\u00e4nt\u00f6isesti aikaa maatilalla Ranskassa.<\/p>\n<p class=\"paragraph\">Euroopassa lapset saisivat kasvaa ilman julkisuuden tuomia varjopuolia.<\/p>\n<p class=\"paragraph\">\u2013 En halua heid\u00e4n k\u00e4velev\u00e4n ymp\u00e4riins\u00e4 huolissaan paparazzeista. En halua, ett\u00e4 heit\u00e4 verrataan jonkun toisen julkkiksen lapsiin, n\u00e4yttelij\u00e4 totesi <a href=\"https:\/\/edition.cnn.com\/2025\/12\/29\/entertainment\/george-clooney-amal-french-citizenship-intl-hnk\" rel=\"noopener nofollow\" target=\"_blank\">lokakuussa<\/a>.<\/p>\n","protected":false},"excerpt":{"rendered":"Donald Trump kirjoitti sivaltavaa teksti\u00e4 George Clooneysta Truth Social -palvelussaan eilen. George Clooney sai hiljattain Ranskan kansalaisuuden. ETTORE&hellip;\n","protected":false},"author":2,"featured_media":130960,"comment_status":"","ping_status":"","sticky":false,"template":"","format":"standard","meta":{"footnotes":""},"categories":[136],"tags":[35,407,137,33,31,30,408,142,144,32,109,143,751,145],"class_list":{"0":"post-131854","1":"post","2":"type-post","3":"status-publish","4":"format-standard","5":"has-post-thumbnail","7":"category-julkkikset","8":"tag-24h","9":"tag-celebrities","10":"tag-entertainment","11":"tag-fi","12":"tag-finland","13":"tag-finnish","14":"tag-julkkikset","15":"tag-poliitikot","16":"tag-presidentti","17":"tag-suomi","18":"tag-viihde","19":"tag-yhdysvaltain-politiikka","20":"tag-yhdysvaltalaiset-poliitikot","21":"tag-yhdysvaltalaiset-poliittiset-puolueet"},"share_on_mastodon":{"url":"https:\/\/pubeurope.com\/@fi\/115827348801114963","error":""},"_links":{"self":[{"href":"https:\/\/www.europesays.com\/fi\/wp-json\/wp\/v2\/posts\/131854","targetHints":{"allow":["GET"]}}],"collection":[{"href":"https:\/\/www.europesays.com\/fi\/wp-json\/wp\/v2\/posts"}],"about":[{"href":"https:\/\/www.europesays.com\/fi\/wp-json\/wp\/v2\/types\/post"}],"author":[{"embeddable":true,"href":"https:\/\/www.europesays.com\/fi\/wp-json\/wp\/v2\/users\/2"}],"replies":[{"embeddable":true,"href":"https:\/\/www.europesays.com\/fi\/wp-json\/wp\/v2\/comments?post=131854"}],"version-history":[{"count":0,"href":"https:\/\/www.europesays.com\/fi\/wp-json\/wp\/v2\/posts\/131854\/revisions"}],"wp:featuredmedia":[{"embeddable":true,"href":"https:\/\/www.europesays.com\/fi\/wp-json\/wp\/v2\/media\/130960"}],"wp:attachment":[{"href":"https:\/\/www.europesays.com\/fi\/wp-json\/wp\/v2\/media?parent=131854"}],"wp:term":[{"taxonomy":"category","embeddable":true,"href":"https:\/\/www.europesays.com\/fi\/wp-json\/wp\/v2\/categories?post=131854"},{"taxonomy":"post_tag","embeddable":true,"href":"https:\/\/www.europesays.com\/fi\/wp-json\/wp\/v2\/tags?post=131854"}],"curies":[{"name":"wp","href":"https:\/\/api.w.org\/{rel}","templated":true}]}}