{"id":131855,"date":"2026-01-02T20:21:07","date_gmt":"2026-01-02T20:21:07","guid":{"rendered":"https:\/\/www.europesays.com\/fi\/131855\/"},"modified":"2026-01-02T20:21:07","modified_gmt":"2026-01-02T20:21:07","slug":"marvel-stara-evangeline-lilly-sai-traumaattisen-aivovaurion-kertoo-tilastaan-videolla","status":"publish","type":"post","link":"https:\/\/www.europesays.com\/fi\/131855\/","title":{"rendered":"Marvel-stara Evangeline Lilly sai traumaattisen aivovaurion \u2013 kertoo tilastaan videolla"},"content":{"rendered":"<p>Marvel- ja Lost-stara<strong> Evangeline Lilly<\/strong>, 46, joutui viime vuonna onnettomuuteen.<\/p>\n<p>Lilly oli toukokuussa Havaijilla, jossa h\u00e4n kaatui kasvot edell\u00e4 isoa kive\u00e4 p\u00e4in. H\u00e4n sai kasvoihinsa arpia ja turvotusta sek\u00e4 tilan, jota luultiin aluksi aivot\u00e4r\u00e4hdykseksi.<\/p>\n<p>Lue my\u00f6s: <a href=\"https:\/\/www.episodi.fi\/uutiset\/mietityttaako-lost-sarjan-loppu-sarjan-tahti-evangeline-lilly-kertoi-oman-nakemyksensa\/\" title=\"Muistatko Lost-sarjan lopun? Sarjan t\u00e4hti Evangeline Lilly kertoi siit\u00e4 oman n\u00e4kemyksens\u00e4\" class=\"underline-custom !font-montserrat !font-bold !underline-offset-4 !decoration-4 !decoration-episodi-blue !text-md\" rel=\"nofollow noopener\" target=\"_blank\">Muistatko Lost-sarjan lopun? Sarjan t\u00e4hti Evangeline Lilly kertoi siit\u00e4 oman n\u00e4kemyksens\u00e4<\/a><\/p>\n<p>Lue my\u00f6s: <a href=\"https:\/\/www.episodi.fi\/uutiset\/ryan-reynolds-kertoi-tulevaisuudestaan-marvel-elokuvissa-palaako-deadpool-viela\/\" title=\"Ryan Reynolds kertoi tulevaisuudestaan Marvel-elokuvissa \u2013 palaako Deadpool viel\u00e4?\" class=\"underline-custom !font-montserrat !font-bold !underline-offset-4 !decoration-4 !decoration-episodi-blue !text-md\" rel=\"nofollow noopener\" target=\"_blank\">Ryan Reynolds kertoi tulevaisuudestaan Marvel-elokuvissa \u2013 palaako Deadpool viel\u00e4?<\/a><\/p>\n<p>Lilly julkaisi juuri Instagramissa videon, jossa h\u00e4n kertoo aivotutkimuksensa tuloksista.<\/p>\n<p>\u2013 On my\u00f6h\u00e4inen tammikuun 1. p\u00e4iv\u00e4, Lilly sanoo videolla.<\/p>\n<p>\u2013 T\u00e4m\u00e4 on vuoden 2026 ensimm\u00e4inen p\u00e4iv\u00e4. Astun t\u00e4h\u00e4n uuteen vuoteen, hevosen vuoteen, mukanani huonoja uutisia aivot\u00e4r\u00e4hdyksest\u00e4ni. Monet teist\u00e4 ovat kysyneet, miten voin. Monet ovat tiedustelleet aivokuvauksestani, jossa tiesitte minun k\u00e4yneen. Kuvauksen tulokset ovat tulleet, ja l\u00e4hes kaikki aivojeni alueet toimivat heikentyneell\u00e4 tasolla.<\/p>\n<p>\u2013 Minulla on aivovaurio traumaattisen aivovamman seurauksena ja mahdollisesti my\u00f6s muista tekij\u00f6ist\u00e4 johtuen. Teht\u00e4v\u00e4ni on nyt selvitt\u00e4\u00e4 t\u00e4m\u00e4 perinpohjaisesti l\u00e4\u00e4k\u00e4reideni kanssa.<\/p>\n<p>\u2013 Sen j\u00e4lkeen ryhdyn kovaan ty\u00f6h\u00f6n sen korjaamiseksi, mit\u00e4 en varsinaisesti odota innolla. Tuntuu silt\u00e4, etten muuta teek\u00e4\u00e4n. Mutta se on ihan okei. Kognitiivinen heikkenemiseni johtuu siit\u00e4, ett\u00e4 murskasin kasvoni auki, mutta ainakin se on auttanut minua hidastamaan tahtia, Lilly kertoo.<\/p>\n<p>Lilly kertoo olevansa eritt\u00e4in kiitollinen ollessaan elossa.<\/p>\n<p>Alla koko video.<\/p>\n<p>Lue my\u00f6s: <a href=\"https:\/\/www.episodi.fi\/uutiskirje\/?uutiskirjemainos=tekstilinkkimainos\" title=\"Tilaa Episodin uutiskirje ja voit voittaa leffalippuja! Nappaa tv-vinkit suoraan s\u00e4hk\u00f6postiin t\u00e4st\u00e4.\" class=\"underline-custom !font-montserrat !font-bold !underline-offset-4 !decoration-4 !decoration-episodi-blue !text-md\" rel=\"nofollow noopener\" target=\"_blank\">Tilaa Episodin uutiskirje ja voit voittaa leffalippuja! Nappaa katseluvinkit suoraan s\u00e4hk\u00f6postiin t\u00e4st\u00e4.<\/a><\/p>\n","protected":false},"excerpt":{"rendered":"Marvel- ja Lost-stara Evangeline Lilly, 46, joutui viime vuonna onnettomuuteen. Lilly oli toukokuussa Havaijilla, jossa h\u00e4n kaatui kasvot&hellip;\n","protected":false},"author":2,"featured_media":131856,"comment_status":"","ping_status":"","sticky":false,"template":"","format":"standard","meta":{"footnotes":""},"categories":[131],"tags":[155,137,23295,33,173,31,30,3282,172,32,167,109],"class_list":{"0":"post-131855","1":"post","2":"type-post","3":"status-publish","4":"format-standard","5":"has-post-thumbnail","7":"category-elokuvat","8":"tag-elokuvat","9":"tag-entertainment","10":"tag-evangeline-lilly","11":"tag-fi","12":"tag-film","13":"tag-finland","14":"tag-finnish","15":"tag-marvel","16":"tag-movies","17":"tag-suomi","18":"tag-terveys","19":"tag-viihde"},"share_on_mastodon":{"url":"https:\/\/pubeurope.com\/@fi\/115827368415783950","error":""},"_links":{"self":[{"href":"https:\/\/www.europesays.com\/fi\/wp-json\/wp\/v2\/posts\/131855","targetHints":{"allow":["GET"]}}],"collection":[{"href":"https:\/\/www.europesays.com\/fi\/wp-json\/wp\/v2\/posts"}],"about":[{"href":"https:\/\/www.europesays.com\/fi\/wp-json\/wp\/v2\/types\/post"}],"author":[{"embeddable":true,"href":"https:\/\/www.europesays.com\/fi\/wp-json\/wp\/v2\/users\/2"}],"replies":[{"embeddable":true,"href":"https:\/\/www.europesays.com\/fi\/wp-json\/wp\/v2\/comments?post=131855"}],"version-history":[{"count":0,"href":"https:\/\/www.europesays.com\/fi\/wp-json\/wp\/v2\/posts\/131855\/revisions"}],"wp:featuredmedia":[{"embeddable":true,"href":"https:\/\/www.europesays.com\/fi\/wp-json\/wp\/v2\/media\/131856"}],"wp:attachment":[{"href":"https:\/\/www.europesays.com\/fi\/wp-json\/wp\/v2\/media?parent=131855"}],"wp:term":[{"taxonomy":"category","embeddable":true,"href":"https:\/\/www.europesays.com\/fi\/wp-json\/wp\/v2\/categories?post=131855"},{"taxonomy":"post_tag","embeddable":true,"href":"https:\/\/www.europesays.com\/fi\/wp-json\/wp\/v2\/tags?post=131855"}],"curies":[{"name":"wp","href":"https:\/\/api.w.org\/{rel}","templated":true}]}}