{"id":131857,"date":"2026-01-02T20:23:09","date_gmt":"2026-01-02T20:23:09","guid":{"rendered":"https:\/\/www.europesays.com\/fi\/131857\/"},"modified":"2026-01-02T20:23:09","modified_gmt":"2026-01-02T20:23:09","slug":"nhln-vihatuin-mies-paasi-olympialaisiin-leijonien-valmentaja-aimistyi","status":"publish","type":"post","link":"https:\/\/www.europesays.com\/fi\/131857\/","title":{"rendered":"NHL:n vihatuin mies p\u00e4\u00e4si olympialaisiin \u2013 Leijonien valmentaja \u00e4imistyi"},"content":{"rendered":"<p>Tom Wilson p\u00e4\u00e4see irti Milanossa.<\/p>\n<p><img decoding=\"async\" class=\"image image-show image-preview\" src=\"https:\/\/www.europesays.com\/fi\/wp-content\/uploads\/2026\/01\/4ecc409dd49bbc1f0b9c8c3a006ece9be02f64a8b6ce46fa4874fe66ec4f37da.jpg\" alt=\"\"\/><img decoding=\"async\" class=\"image image-show\" src=\"https:\/\/www.europesays.com\/fi\/wp-content\/uploads\/2026\/01\/1767385388_660_4ecc409dd49bbc1f0b9c8c3a006ece9be02f64a8b6ce46fa4874fe66ec4f37da.jpg\" alt=\"\"\/><\/p>\n<p>Tom Wilson jakaa mielipiteit\u00e4. AOP<\/p>\n<p class=\"paragraph\"><a href=\"https:\/\/www.iltalehti.fi\/henkilot\/Antti Pennanen\" class=\"article-link-person-page\" rel=\"nofollow noopener\" target=\"_blank\">Antti Pennanen<\/a> yll\u00e4ttyi n\u00e4hdess\u00e4\u00e4n Kanadan j\u00e4\u00e4kiekkojoukkueen Milano-Cortinan olympialaisiin.<\/p>\n<p class=\"paragraph\">Punapaitojen ryhm\u00e4\u00e4n oli nimetty varsin kookkaita pelaajia esimerkiksi nelosketjuun.<\/p>\n<p class=\"paragraph\">\u2013 Pohdin, ovatko syyn\u00e4 ne viime vuoden k\u00e4hin\u00f6innit USA:n kanssa 4 Nationsissa. En kyll\u00e4 usko, ett\u00e4 olympialaisissa tulee olemaan ihan sellaista, Pennanen sanoi.<\/p>\n<p class=\"paragraph\">Viime kev\u00e4\u00e4n 4 Nations -turnauksessa USA ja Kanada tappelivat kesken\u00e4\u00e4n urakalla.<\/p>\n<p class=\"paragraph\">Olympiajoukkueeseen valittiin nyt esimerkiksi t\u00f6rkeist\u00e4 taklauksistaan tunnettu <a href=\"https:\/\/www.iltalehti.fi\/henkilot\/Tom Wilson\" class=\"article-link-person-page\" rel=\"nofollow noopener\" target=\"_blank\">Tom Wilson<\/a>, joka tulee taatusti olemaan yksi kisojen vihatuimmista pelaajista.<\/p>\n<p class=\"paragraph\">\u2013 Wilson yll\u00e4tti. Voiko sitten olla syyn\u00e4, ett\u00e4 he vain halusivat tuollaisen isokokoisen pelaajan? H\u00e4n varmaan tuo heille jotain sellaista, mit\u00e4 viime vuonna 4 Nationsissa puuttui, Pennanen arvioi.<\/p>\n<p class=\"paragraph\">\u2013 H\u00e4n on kyll\u00e4 kiistatta pelannutkin nyt hyvin Washingtonissa, valmentaja lis\u00e4si.<\/p>\n<p class=\"paragraph\">31-vuotias Wilson pelaa Washington Capitalsissa poikkeuksellisen vahvaa kautta isketty\u00e4\u00e4n 40 ottelussa jo tehot 22+20=42.<\/p>\n<p class=\"paragraph\">Vaikka Kanadan joukkue onkin \u00e4\u00e4ri\u00e4\u00e4n my\u00f6ten t\u00e4ynn\u00e4 NHL:n kirkkaimpia t\u00e4hti\u00e4, joukkueesta l\u00f6ytyy my\u00f6s heikkous.<\/p>\n<p class=\"paragraph\">\u2013 Maalivahdit ovat yksi akilleen kantap\u00e4\u00e4 heill\u00e4, Pennanen mainitsi.<\/p>\n<p class=\"paragraph\">Kanadan tolppien v\u00e4liin nimettiin <a href=\"https:\/\/www.iltalehti.fi\/henkilot\/Jordan Binnington\" class=\"article-link-person-page\" rel=\"nofollow noopener\" target=\"_blank\">Jordan Binnington<\/a>, <a href=\"https:\/\/www.iltalehti.fi\/henkilot\/Darcy Kuemper\" class=\"article-link-person-page\" rel=\"nofollow noopener\" target=\"_blank\">Darcy Kuemper<\/a> ja <a href=\"https:\/\/www.iltalehti.fi\/henkilot\/Logan Thompson\" class=\"article-link-person-page\" rel=\"nofollow noopener\" target=\"_blank\">Logan Thompson<\/a>.<\/p>\n<p>Kanadan olympiajoukkue<\/p>\n<p class=\"paragraph\"><strong>Hy\u00f6kk\u00e4\u00e4j\u00e4t<\/strong><\/p>\n<ul>\n<li>Connor McDavid, Edmonton Oilers<\/li>\n<li>Sidney Crosby, Pittsburgh Penguins<\/li>\n<li>Nathan MacKinnon, Colorado Avalanche<\/li>\n<li>Sam Reinhart, Florida Panthers<\/li>\n<li>Brayden Point, Tampa Bay Lightning<\/li>\n<li>Macklin Celebrini, San Jose Sharks<\/li>\n<li>Brandon Hagel, Tampa Bay Lightning<\/li>\n<li>Nick Suzuki, Montreal Canadiens<\/li>\n<li>Mark Stone, Vegas Golden Knights<\/li>\n<li>Brad Marchand, Florida Panthers<\/li>\n<li>Mitch Marner, Vegas Golden Knights<\/li>\n<li>Tom Wilson, Washington Capitals<\/li>\n<li>Anthony Cirelli, Tampa Bay Lightning<\/li>\n<li>Bo Horvat, New York Islanders<\/li>\n<\/ul>\n<p class=\"paragraph\"><strong>Puolustajat<\/strong><\/p>\n<ul>\n<li>Cale Makar, Colorado Avalanche<\/li>\n<li>Devon Toews, Colorado Avalanche<\/li>\n<li>Shea Theodore, Vegas Golden Knights<\/li>\n<li>Josh Morrissey, Winnipeg Jets<\/li>\n<li>Travis Sanheim, Philadelphia Flyers<\/li>\n<li>Colton Parayko, St. Louis Blues<\/li>\n<li>Thomas Harley, Dallas Stars<\/li>\n<li>Drew Doughty, Los Angeles Kings<\/li>\n<\/ul>\n<p class=\"paragraph\"><strong>Maalivahdit<\/strong><\/p>\n<ul>\n<li>Jordan Binnington, St. Louis Blues<\/li>\n<li>Darcy Kuemper, Los Angeles Kings<\/li>\n<li>Logan Thompson, Washington Capitals<\/li>\n<\/ul>\n<p><a href=\"https:\/\/www.iltalehti.fi\/telkku\/?utm_source=iltalehti.fi&amp;utm_medium=almainternal&amp;utm_campaign=urheilu_artikkelibanneri&amp;utm_content=banner_612_a\" rel=\"nofollow noopener\" target=\"_blank\"><img decoding=\"async\" src=\"https:\/\/www.europesays.com\/fi\/wp-content\/uploads\/2025\/08\/7ef604e47d46ca174b7df4149bd3557dbde56a86d520f8e1b2125548b0a2e03a.png\" alt=\"TV-ohjelmat t\u00e4n\u00e4\u00e4n, TV-opas\"\/><\/a><\/p>\n","protected":false},"excerpt":{"rendered":"Tom Wilson p\u00e4\u00e4see irti Milanossa. Tom Wilson jakaa mielipiteit\u00e4. AOP Antti Pennanen yll\u00e4ttyi n\u00e4hdess\u00e4\u00e4n Kanadan j\u00e4\u00e4kiekkojoukkueen Milano-Cortinan olympialaisiin.&hellip;\n","protected":false},"author":2,"featured_media":131858,"comment_status":"","ping_status":"","sticky":false,"template":"","format":"standard","meta":{"footnotes":""},"categories":[158],"tags":[35,1144,1274,33,31,30,1143,41,159,32,1145,160],"class_list":{"0":"post-131857","1":"post","2":"type-post","3":"status-publish","4":"format-standard","5":"has-post-thumbnail","7":"category-urheilu","8":"tag-24h","9":"tag-ammattilaisjaakiekko","10":"tag-ammattiurheilu","11":"tag-fi","12":"tag-finland","13":"tag-finnish","14":"tag-jaakiekko","15":"tag-liikunta-ja-urheilu","16":"tag-sports","17":"tag-suomi","18":"tag-talviurheilu","19":"tag-urheilu"},"share_on_mastodon":{"url":"https:\/\/pubeurope.com\/@fi\/115827376514651878","error":""},"_links":{"self":[{"href":"https:\/\/www.europesays.com\/fi\/wp-json\/wp\/v2\/posts\/131857","targetHints":{"allow":["GET"]}}],"collection":[{"href":"https:\/\/www.europesays.com\/fi\/wp-json\/wp\/v2\/posts"}],"about":[{"href":"https:\/\/www.europesays.com\/fi\/wp-json\/wp\/v2\/types\/post"}],"author":[{"embeddable":true,"href":"https:\/\/www.europesays.com\/fi\/wp-json\/wp\/v2\/users\/2"}],"replies":[{"embeddable":true,"href":"https:\/\/www.europesays.com\/fi\/wp-json\/wp\/v2\/comments?post=131857"}],"version-history":[{"count":0,"href":"https:\/\/www.europesays.com\/fi\/wp-json\/wp\/v2\/posts\/131857\/revisions"}],"wp:featuredmedia":[{"embeddable":true,"href":"https:\/\/www.europesays.com\/fi\/wp-json\/wp\/v2\/media\/131858"}],"wp:attachment":[{"href":"https:\/\/www.europesays.com\/fi\/wp-json\/wp\/v2\/media?parent=131857"}],"wp:term":[{"taxonomy":"category","embeddable":true,"href":"https:\/\/www.europesays.com\/fi\/wp-json\/wp\/v2\/categories?post=131857"},{"taxonomy":"post_tag","embeddable":true,"href":"https:\/\/www.europesays.com\/fi\/wp-json\/wp\/v2\/tags?post=131857"}],"curies":[{"name":"wp","href":"https:\/\/api.w.org\/{rel}","templated":true}]}}